{"id":1264,"date":"2009-08-24T00:01:00","date_gmt":"2009-08-23T22:01:00","guid":{"rendered":"https:\/\/www.wedobd.com\/?p=1264"},"modified":"2025-09-29T14:53:56","modified_gmt":"2025-09-29T12:53:56","slug":"interview-2009-ced","status":"publish","type":"post","link":"https:\/\/www.wedobd.com\/?p=1264","title":{"rendered":"Invit\u00e9 2009 #56 : Ced"},"content":{"rendered":"<p>Comme les ann\u00e9es pr\u00e9c\u00e9dentes, il viendra tout sp\u00e9cialement de la ville rose pour d\u00e9dicacer au Festiblog et ce sera un plaisir de le compter \u00e0 nouveau parmi nous. Notre 56\u00e8me invit\u00e9 est <a href=\"http:\/\/ceduniverse.blogspot.com\/\" target=\"_blank\">Ced<\/a>! <\/p>\n<p style=\"text-align: center;\"><a href=\"http:\/\/yannicklejeune.blogs.com\/.a\/6a00d8341c501b53ef0120a4fb04f4970b-popup\" onclick=\"window.open( this.href, &#39;_blank&#39;, &#39;width=640,height=480,scrollbars=no,resizable=no,toolbar=no,directories=no,location=no,menubar=no,status=no,left=0,top=0&#39; ); return false\" style=\"display: inline;\"><img decoding=\"async\" alt=\"Festiblog\" class=\"at-xid-6a00d8341c501b53ef0120a4fb04f4970b \" src=\"https:\/\/www.wedobd.com\/wp-content\/uploads\/2009\/08\/6a00d8341c501b53ef0120a4fb04f4970b-500wi.jpg\" \/><\/a> <\/p>\n<p><strong>Peux-tu rappeler \u00e0 nos lecteurs qui tu es ?<\/strong><\/p>\n<p><a href=\"http:\/\/ceduniverse.blogspot.com\/\" target=\"_blank\">Ced<\/a>, jeune auteur de bd toulousain, amateur de guacamole.<\/p>\n<p><strong>Quoi de neuf dans ta carri\u00e8re et tes projets depuis ta derni\u00e8re participation ?<\/strong><\/p>\n<p>Deux alboums vont sortir d&#39;ici le festiblog. Le deuxi\u00e8me tome des \u00ab Contes \u00e0 Dormir debout<a href=\"http:\/\/\"> <\/a>\u00bb, chez <a href=\"http:\/\/www.makaka-editions.com\/\" target=\"_blank\">Makaka Editions<\/a> (qui aura la particularit\u00e9 cette fois-ci d\u2019avoir des vraies dimensions d\u2019albums et de rentrer dans les \u00e9tag\u00e8res), un petit alboum pour enfant avec Fred Duprat qui s\u2019appelle \u00ab Alcibiade et la couronne du Roi \u00bb aux \u00e9ditions <a href=\"http:\/\/carabas4news.wordpress.com\/\" target=\"_blank\">Carabas<\/a>. Sinon, pas mal de projets \u00e0 venir, notamment en tant que sc\u00e9nariste.<\/p>\n<p><strong>Ton blog a-t-il \u00e9volu\u00e9 depuis l\u2019ann\u00e9e derni\u00e8re ?<\/strong><\/p>\n<p>Je crois, et j\u2019avoue que ce n\u2019\u00e9tait pas facile, que j\u2019ai r\u00e9ussi \u00e0 poster encore moins que l\u2019ann\u00e9e pr\u00e9c\u00e9dente. J\u2019ai aussi censur\u00e9 toute couleur, et je r\u00e9ponds un peu moins \u00e0 mes commentaires. En bref je l\u2019ai un tout petit peu d\u00e9laiss\u00e9, le temps o\u00f9 je bossais sur l\u2019album. Mais d\u2019ici le Festiblog, il reprendra du pelage de la b\u00eate, ainsi que mes petites BD mensuelles sur <a href=\"http:\/\/30joursdebd.com\/\" target=\"_blank\">30 jours de BD.com<\/a>. Ah oui, et j\u2019ai \u00e9t\u00e9 \u00e9lu \u00ab blog de l\u2019ann\u00e9e \u00bb par <a href=\"http:\/\/2009.lyonbd.com\/\" target=\"_blank\">le festival de BD de Lyon<\/a>. J\u2019en profite pour remercier tous ceux qui ont vot\u00e9 pour moi, et tous les autres auteurs en lice qui ont eu la d\u00e9licatesse de ne pas annoncer leur candidature, ou alors apr\u00e8s moi.<\/p>\n<div style=\"text-align: center;\"><a href=\"http:\/\/yannicklejeune.blogs.com\/.a\/6a00d8341c501b53ef0120a4fb13af970b-popup\" onclick=\"window.open( this.href, &#39;_blank&#39;, &#39;width=640,height=480,scrollbars=no,resizable=no,toolbar=no,directories=no,location=no,menubar=no,status=no,left=0,top=0&#39; ); return false\" style=\"display: inline;\"><img decoding=\"async\" alt=\"Illus1\" class=\"at-xid-6a00d8341c501b53ef0120a4fb13af970b \" src=\"https:\/\/www.wedobd.com\/wp-content\/uploads\/2009\/08\/6a00d8341c501b53ef0120a4fb13af970b-500wi.jpg\" \/><\/a> <\/div>\n<p><strong>Quelle est ta vision de la blogosph\u00e8re BD en 2009 ?<\/strong><\/p>\n<p>Plein de nouveaux auteurs. Trop pour tous les suivre, mais il y en a pour tous les go\u00fbts et tous les styles. Donc \u00e7a ne peut pas \u00eatre une mauvaise chose.<br \/><strong><br \/>Quel est ton point de vue sur la BD num\u00e9rique cette ann\u00e9e ?<\/strong><\/p>\n<p>Mon avis n\u2019a pas chang\u00e9. La BD num\u00e9rique c\u2019est bien, tr\u00e8s bien, mais ne vaudra jamais celle sur papier. Malgr\u00e9 les tonnes de pixels de BD que je me farcis, je lis tout de m\u00eame plus sur bouquin. Et j\u2019avoue que je suis toujours plus impatient de lire des albums BD que des notes de blogs, aussi r\u00e9ussies soient-elles. L\u2019objet m\u2019int\u00e9resse, en fait. S\u00fbrement un truc de f\u00e9tichiste.<br \/><strong><br \/>Qu&#39;est-ce qui te motive personnellement \u00e0 cr\u00e9er en ligne ?<\/strong><\/p>\n<p>Toujours la m\u00eame chose ; la volont\u00e9 absolue de faire ce que je veux. Si je veux faire du noir et blanc, du gag, du pas dr\u00f4le, du texte, du flan ; on fait ce qu\u2019on veut sur un blog. Alors \u00e7a fait d\u2019autant plus plaisir si \u00e7a touche quelques personnes.<\/p>\n<div style=\"text-align: center;\"><a href=\"http:\/\/yannicklejeune.blogs.com\/.a\/6a00d8341c501b53ef0120a4fb13d1970b-popup\" onclick=\"window.open( this.href, &#39;_blank&#39;, &#39;width=640,height=480,scrollbars=no,resizable=no,toolbar=no,directories=no,location=no,menubar=no,status=no,left=0,top=0&#39; ); return false\" style=\"display: inline;\"><img decoding=\"async\" alt=\"Illus2\" class=\"at-xid-6a00d8341c501b53ef0120a4fb13d1970b \" src=\"https:\/\/www.wedobd.com\/wp-content\/uploads\/2009\/08\/6a00d8341c501b53ef0120a4fb13d1970b-500wi.jpg\" \/><\/a> <\/div>\n<p><strong><br \/>As-tu des chouchous en blogs BD ou en webcomics ?<\/strong><\/p>\n<p>Je reste un grand fan de <a href=\"http:\/\/www.monsieur-le-chien.fr\/\" target=\"_blank\">M. Le Chien<\/a>, malgr\u00e9 le fait que je le connais personnellement d\u00e9sormais (mais je sais dissocier l\u2019artiste de l\u2019individu), plein de ptits gars de chez 30 jours (<a href=\"http:\/\/waltch.artofruits.com\/\" target=\"_blank\">Waltch<\/a>, <a href=\"http:\/\/graphistivo.blogspot.com\/\" target=\"_blank\">Stivo<\/a>, <a href=\"http:\/\/manu-xyz.blogspot.com\/\" target=\"_blank\">ManuXYZ<\/a>, <a href=\"http:\/\/lommsek.blogspot.com\/\" target=\"_blank\">Lommsek<\/a>, j\u2019en oublie\u2026). <a href=\"http:\/\/ultimex.over-blog.com\/\" target=\"_blank\">Ultimex<\/a> me fait bien rire, et pis toujours les \u00ab anciens \u00bb : <a href=\"http:\/\/www.martinvidberg.com\/\" target=\"_blank\">Vidberg<\/a>, <a href=\"http:\/\/missgally.com\/blog\/\" target=\"_blank\">Gally<\/a>, <a href=\"http:\/\/www.obion.fr\/\" target=\"_blank\">Obion<\/a>, <a href=\"http:\/\/www.bouletcorp.com\/blog\/\" target=\"_blank\">Boulet<\/a>\u2026 Je pense que mon auteur pr\u00e9f\u00e9r\u00e9 reste <a href=\"http:\/\/blogsbd.fr\/\" target=\"_blank\">blogbd.fr<\/a>\u2026<\/p>\n<p><strong>Quel est ton meilleur souvenir des pr\u00e9c\u00e9dents Festiblogs ?<\/strong><\/p>\n<p>Le Starbucks, aussi. Je suis compl\u00e8tement accroc \u00e0 leur caf\u00e9. Il y en aura un, pr\u00e8s du nouveau site ?<\/p>\n<p><strong>Un mot pour ceux qui vont venir te voir ?<\/strong><\/p>\n<p>Arr\u00eatez de m\u2019apporter des Schokobons\u2026 Je suis proche de la trentaine maintenant et\u2026 hum\u2026 faut que je fasse attention quoi\u2026<\/p>\n<div style=\"text-align: center;\"><a href=\"http:\/\/yannicklejeune.blogs.com\/.a\/6a00d8341c501b53ef0120a5523e3b970c-popup\" onclick=\"window.open( this.href, &#39;_blank&#39;, &#39;width=640,height=480,scrollbars=no,resizable=no,toolbar=no,directories=no,location=no,menubar=no,status=no,left=0,top=0&#39; ); return false\" style=\"display: inline;\"><img decoding=\"async\" alt=\"Illus3\" class=\"at-xid-6a00d8341c501b53ef0120a5523e3b970c \" src=\"https:\/\/www.wedobd.com\/wp-content\/uploads\/2009\/08\/6a00d8341c501b53ef0120a5523e3b970c-500wi.jpg\" \/><\/a> <\/div>\n<p><strong>Parle-nous d&#39;un truc qui te plait mais qui n&#39;a rien \u00e0 voir avec la BD ?<\/strong><\/p>\n<p>J\u2019\u00e9cris un petit roman de fantasy en ce moment, pour m\u2019amuser. J\u2019en parle, comme \u00e7a \u00e7a fait plus officiel, et \u00e7a m\u2019obligera \u00e0 le terminer. \u00c7a s\u2019appellera \u00ab Lucas Le Diabolique \u00bb, et c\u2019est une \u00e9pop\u00e9e vu du c\u00f4t\u00e9 du m\u00e9chant.<\/p>\n<div style=\"text-align: center;\"><a href=\"http:\/\/yannicklejeune.blogs.com\/.a\/6a00d8341c501b53ef0120a4fb144f970b-popup\" onclick=\"window.open( this.href, &#39;_blank&#39;, &#39;width=640,height=480,scrollbars=no,resizable=no,toolbar=no,directories=no,location=no,menubar=no,status=no,left=0,top=0&#39; ); return false\" style=\"display: inline;\"><img decoding=\"async\" alt=\"Illus4\" class=\"at-xid-6a00d8341c501b53ef0120a4fb144f970b \" src=\"https:\/\/www.wedobd.com\/wp-content\/uploads\/2009\/08\/6a00d8341c501b53ef0120a4fb144f970b-500wi.jpg\" \/><\/a> <\/div>\n<p><strong>Quelque chose \u00e0 ajouter ?<\/strong><\/p>\n<p>Merci \u00e0 toute l\u2019\u00e9quipe d\u2019organiser ce festoche et de m\u2019y inviter !&#0160;<\/p>\n<p style=\"text-align: center;\"><a href=\"http:\/\/yannicklejeune.blogs.com\/.a\/6a00d8341c501b53ef0120a5523e63970c-popup\" onclick=\"window.open( this.href, &#39;_blank&#39;, &#39;width=640,height=480,scrollbars=no,resizable=no,toolbar=no,directories=no,location=no,menubar=no,status=no,left=0,top=0&#39; ); return false\" style=\"display: inline;\"><img decoding=\"async\" alt=\"Illus5\" class=\"at-xid-6a00d8341c501b53ef0120a5523e63970c \" src=\"https:\/\/\nyannicklejeune.blogs.com\/.a\/6a00d8341c501b53ef0120a5523e63970c-500wi\" \/><\/a> <\/p>\n","protected":false},"excerpt":{"rendered":"<p>Comme les ann\u00e9es pr\u00e9c\u00e9dentes, il viendra tout sp\u00e9cialement de la ville rose pour d\u00e9dicacer au Festiblog et ce sera un plaisir de le compter \u00e0 nouveau parmi nous. Notre 56\u00e8me invit\u00e9 est Ced!<\/p>\n","protected":false},"author":4,"featured_media":0,"comment_status":"open","ping_status":"open","sticky":false,"template":"","format":"standard","meta":{"footnotes":""},"categories":[26,47],"tags":[285],"class_list":["post-1264","post","type-post","status-publish","format-standard","hentry","category-02-le-festival-de-2005-a-2013","category-03-interviews-de-blogueurs-bd","tag-ced"],"_links":{"self":[{"href":"https:\/\/www.wedobd.com\/index.php?rest_route=\/wp\/v2\/posts\/1264","targetHints":{"allow":["GET"]}}],"collection":[{"href":"https:\/\/www.wedobd.com\/index.php?rest_route=\/wp\/v2\/posts"}],"about":[{"href":"https:\/\/www.wedobd.com\/index.php?rest_route=\/wp\/v2\/types\/post"}],"author":[{"embeddable":true,"href":"https:\/\/www.wedobd.com\/index.php?rest_route=\/wp\/v2\/users\/4"}],"replies":[{"embeddable":true,"href":"https:\/\/www.wedobd.com\/index.php?rest_route=%2Fwp%2Fv2%2Fcomments&post=1264"}],"version-history":[{"count":1,"href":"https:\/\/www.wedobd.com\/index.php?rest_route=\/wp\/v2\/posts\/1264\/revisions"}],"predecessor-version":[{"id":4456,"href":"https:\/\/www.wedobd.com\/index.php?rest_route=\/wp\/v2\/posts\/1264\/revisions\/4456"}],"wp:attachment":[{"href":"https:\/\/www.wedobd.com\/index.php?rest_route=%2Fwp%2Fv2%2Fmedia&parent=1264"}],"wp:term":[{"taxonomy":"category","embeddable":true,"href":"https:\/\/www.wedobd.com\/index.php?rest_route=%2Fwp%2Fv2%2Fcategories&post=1264"},{"taxonomy":"post_tag","embeddable":true,"href":"https:\/\/www.wedobd.com\/index.php?rest_route=%2Fwp%2Fv2%2Ftags&post=1264"}],"curies":[{"name":"wp","href":"https:\/\/api.w.org\/{rel}","templated":true}]}}