{"id":1275,"date":"2009-08-13T00:01:00","date_gmt":"2009-08-12T22:01:00","guid":{"rendered":"https:\/\/www.wedobd.com\/?p=1275"},"modified":"2025-09-29T15:03:32","modified_gmt":"2025-09-29T13:03:32","slug":"interview-2009-martin-vidberg","status":"publish","type":"post","link":"https:\/\/www.wedobd.com\/?p=1275","title":{"rendered":"Invit\u00e9 2009 #45 : Martin Vidberg"},"content":{"rendered":"<p>Apr\u00e8s une absence remarqu\u00e9e l&#39;ann\u00e9e derni\u00e8re pour cause d&#39;heureux \u00e9v\u00e8nement, notre 45\u00e8me invit\u00e9 fait son come-back au Festiblog pour notre plus grand plaisir, avec cette fois 2 blogs \u00e0 son actif. Voici <a href=\"http:\/\/www.martinvidberg.com\/\" target=\"_blank\">Martin Vidberg<\/a>.<\/p>\n<p style=\"text-align: center;\"><a href=\"http:\/\/yannicklejeune.blogs.com\/.a\/6a00d8341c501b53ef0120a4e3b855970b-popup\" onclick=\"window.open( this.href, &#39;_blank&#39;, &#39;width=640,height=480,scrollbars=no,resizable=no,toolbar=no,directories=no,location=no,menubar=no,status=no,left=0,top=0&#39; ); return false\" style=\"display: inline;\"><img decoding=\"async\" alt=\"Festiblog\" class=\"at-xid-6a00d8341c501b53ef0120a4e3b855970b \" src=\"https:\/\/www.wedobd.com\/wp-content\/uploads\/2009\/08\/6a00d8341c501b53ef0120a4e3b855970b-500wi.jpg\" \/><\/a> <\/p>\n<p><strong>Peux-tu rappeler \u00e0 nos lecteurs qui tu es ?<\/strong><\/p>\n<p><a href=\"http:\/\/www.martinvidberg.com\/\" target=\"_blank\">Martin Vidberg<\/a><\/p>\n<p><strong>Quoi de neuf dans ta carri\u00e8re et tes projets depuis ta derni\u00e8re participation ?<\/strong><\/p>\n<p>Ma derni\u00e8re participation remonte \u00e0 2007 puisqu&#39;en septembre 20008 naissait ma petite fille Lily. Donc voil\u00e0, cela ne fait pas partie de ma carri\u00e8re mais elle a quand m\u00eame chang\u00e9 pas mal de chose dans mon quotidien. J&#39;ai \u00e9galement lanc\u00e9 le blog <a href=\"http:\/\/vidberg.blog.lemonde.fr\/\" target=\"_blank\">L&#39;actu en patates<\/a> qui me demande \u00e9norm\u00e9ment de temps et m&#39;a bien ralenti sur les projets d&#39;\u00e9dition papier.<\/p>\n<div style=\"text-align: center;\"><a href=\"http:\/\/yannicklejeune.blogs.com\/.a\/6a00d8341c501b53ef0120a4e3c5a4970b-popup\" onclick=\"window.open( this.href, &#39;_blank&#39;, &#39;width=640,height=480,scrollbars=no,resizable=no,toolbar=no,directories=no,location=no,menubar=no,status=no,left=0,top=0&#39; ); return false\" style=\"display: inline;\"><img decoding=\"async\" alt=\"183-passation.1245835466\" class=\"at-xid-6a00d8341c501b53ef0120a4e3c5a4970b \" src=\"https:\/\/www.wedobd.com\/wp-content\/uploads\/2009\/08\/6a00d8341c501b53ef0120a4e3c5a4970b-500wi.gif\" \/><\/a> <\/div>\n<p><strong>Ton blog a-t-il \u00e9volu\u00e9 depuis l\u2019ann\u00e9e derni\u00e8re ?<\/strong><\/p>\n<p>Depuis que je traite de l&#39;actualit\u00e9, mon blog a surtout chang\u00e9 de lecteurs. Je n&#39;y reconnais plus les &quot;habitu\u00e9s de la blogosph\u00e8re&quot; que je croisais \u00e9galement sur les blogs des copains. Sur le fond, je fais toujours un peu le m\u00eame type d&#39;humour et je ne pense pas avoir chang\u00e9 de style mais je poste en suppl\u00e9ment, r\u00e9guli\u00e8rement, des petits dessins d&#39;actu.<\/p>\n<p><strong>Quelle est ta vision de la blogosph\u00e8re BD en 2009 ?<\/strong><\/p>\n<p>Je dois avouer que, surtout pour des raisons g\u00e9ographiques, je participe peu aux festivals et je ne croise qu&#39;exceptionnellement les copains de la blogosph\u00e8re. Ma vision est donc celle d&#39;un lecteur r\u00e9gulier qui prend plaisir \u00e0 suivre les blogsBD.<\/p>\n<div style=\"text-align: center;\"><a href=\"http:\/\/yannicklejeune.blogs.com\/.a\/6a00d8341c501b53ef0120a53aba85970c-popup\" onclick=\"window.open( this.href, &#39;_blank&#39;, &#39;width=640,height=480,scrollbars=no,resizable=no,toolbar=no,directories=no,location=no,menubar=no,status=no,left=0,top=0&#39; ); return false\" style=\"display: inline;\"><img decoding=\"async\" alt=\"202-plageparis.1248098020\" class=\"at-xid-6a00d8341c501b53ef0120a53aba85970c \" src=\"https:\/\/www.wedobd.com\/wp-content\/uploads\/2009\/08\/6a00d8341c501b53ef0120a53aba85970c-500wi.gif\" \/><\/a> <\/div>\n<p><strong>Quel est ton point de vue sur la BD num\u00e9rique cette ann\u00e9e ?<\/strong><\/p>\n<p>Sur Internet, j&#39;attends toujours d&#39;\u00eatre emball\u00e9 par une BD \u00e0 suivre. Sur les smartphones, je ne m&#39;en suis pas encore achet\u00e9. Je ne suis pas vraiment attir\u00e9 par l&#39;iphone (surtout par son prix) et je r\u00eave d&#39;une tablette tactile A5 qui serait bien plus adapt\u00e9e \u00e0 la lecture. Je suis tr\u00e8s tablettes.<\/p>\n<p><strong><a href=\"http:\/\/yannicklejeune.blogs.com\/.a\/6a00d8341c501b53ef0120a53abb25970c-popup\" onclick=\"window.open( this.href, &#39;_blank&#39;, &#39;width=640,height=480,scrollbars=no,resizable=no,toolbar=no,directories=no,location=no,menubar=no,status=no,left=0,top=0&#39; ); return false\" style=\"float: right;\"><img decoding=\"async\" alt=\"Couve\" class=\"at-xid-6a00d8341c501b53ef0120a53abb25970c \" src=\"https:\/\/www.wedobd.com\/wp-content\/uploads\/2009\/08\/6a00d8341c501b53ef0120a53abb25970c-200wi.gif\" style=\"margin: 0px 0px 5px 5px; width: 200px;\" \/><\/a> Qu&#39;est-ce qui te motive personnellement \u00e0 cr\u00e9er en ligne ?<\/strong><\/p>\n<p>Pour quelqu&#39;un qui dessine quotidiennement sur l&#39;actualit\u00e9, le web est le support le plus efficace : mon blog profite assez r\u00e9guli\u00e8rement de petits buzz, des r\u00e9actions et des explications des lecteurs, il me permet de lier l&#39;actualit\u00e9, de prendre la place dont j&#39;ai besoin et surtout de suivre l&#39;actualit\u00e9 &quot;en direct&quot;. Alors bien s\u00fbr, il est plus gratifiant (et r\u00e9mun\u00e9rateur) de dessiner dans un grand quotidien ou un hebdo que pour un blog qui fait figure de &quot;petit morceau de chocolat&quot; du web.<\/p>\n<p><strong>As-tu des chouchous en blogs BD ou en webcomics ?<\/strong><\/p>\n<p>Surtout &quot;Google images&quot;, il y a toujours de nouveaux posts dans pas mal de style diff\u00e9rents. Je suis bluff\u00e9 \u00e0 chaque fois que je lis ce blog m\u00eame s&#39;il m&#39;est arriv\u00e9 de tomber parfois sur une reprise d&#39;un de mes dessins. J&#39;aime beaucoup <a href=\"http:\/\/images.google.fr\/images?hl=fr&amp;safe=off&amp;rlz=1C1GGLS_frFR318FR318&amp;um=1&amp;sa=1&amp;q=chocolat&amp;btnG=Recherche+d%27images&amp;aq=f&amp;oq=\" target=\"_blank\">cette page<\/a> notamment.<\/p>\n<p><strong>Quel est ton meilleur souvenir des pr\u00e9c\u00e9dents Festiblogs ?<\/strong><\/p>\n<p>Si je me souviens bien, je m&#39;\u00e9tais achet\u00e9 une chouette boite de chocolat \u00e0 Bercy \u00e0 l&#39;occasion du festiblog 2007. J&#39;aime bien le chocolat, c&#39;\u00e9tait un tr\u00e8s bon souvenir.<\/p>\n<p><strong>Un mot pour ceux qui vont venir te voir ?<\/strong><\/p>\n<p>N&#39;oubliez pas mes chocolats !<\/p>\n<p><strong>Parle-nous d&#39;un truc qui te plait mais qui n&#39;a rien \u00e0 voir avec la BD ?<\/strong><\/p>\n<p>J&#39;aime bien le chocolat !<br \/><strong><br \/>Quelque chose \u00e0 ajouter ?<\/strong><\/p>\n<p>Mais pas fourr\u00e9 \u00e0 la liqueur. (J&#39;esp\u00e8re que le message subliminal est bien pass\u00e9.)&#0160;<\/p>\n<p style=\"text-align: center;\"><a href=\"http:\/\/yannicklejeune.blogs.com\/.a\/6a00d8341c501b53ef0120a4e3c732970b-popup\" onclick=\"window.open( this.href, &#39;_blank&#39;, &#39;width=640,height=480,scrollbars=no,resizable=no,toolbar=no,directories=no,location=no,menubar=no,status=no,left=0,top=0&#39; ); return false\" style=\"display: inline;\"><img decoding=\"async\" alt=\"169-service-minimum.1216983832\" class=\"at-xid-6a00d8341c501b53ef0120a4e3c732970b \" src=\"https:\/\/www.wedobd.com\/wp-content\/uploads\/2009\/08\/6a00d8341c501b53ef0120a4e3c732970b-500wi.gif\" \/><\/a> <\/p>\n","protected":false},"excerpt":{"rendered":"<p>Apr\u00e8s une absence remarqu\u00e9e l&#8217;ann\u00e9e derni\u00e8re pour cause d&#8217;heureux \u00e9v\u00e8nement, notre 45\u00e8me invit\u00e9 fait son come-back au Festiblog pour notre plus grand plaisir, avec cette fois 2 blogs \u00e0 son actif. Voici Martin Vidberg.<\/p>\n","protected":false},"author":4,"featured_media":0,"comment_status":"open","ping_status":"open","sticky":false,"template":"","format":"standard","meta":{"footnotes":""},"categories":[26,47],"tags":[69],"class_list":["post-1275","post","type-post","status-publish","format-standard","hentry","category-02-le-festival-de-2005-a-2013","category-03-interviews-de-blogueurs-bd","tag-martin-vidberg"],"_links":{"self":[{"href":"https:\/\/www.wedobd.com\/index.php?rest_route=\/wp\/v2\/posts\/1275","targetHints":{"allow":["GET"]}}],"collection":[{"href":"https:\/\/www.wedobd.com\/index.php?rest_route=\/wp\/v2\/posts"}],"about":[{"href":"https:\/\/www.wedobd.com\/index.php?rest_route=\/wp\/v2\/types\/post"}],"author":[{"embeddable":true,"href":"https:\/\/www.wedobd.com\/index.php?rest_route=\/wp\/v2\/users\/4"}],"replies":[{"embeddable":true,"href":"https:\/\/www.wedobd.com\/index.php?rest_route=%2Fwp%2Fv2%2Fcomments&post=1275"}],"version-history":[{"count":2,"href":"https:\/\/www.wedobd.com\/index.php?rest_route=\/wp\/v2\/posts\/1275\/revisions"}],"predecessor-version":[{"id":4876,"href":"https:\/\/www.wedobd.com\/index.php?rest_route=\/wp\/v2\/posts\/1275\/revisions\/4876"}],"wp:attachment":[{"href":"https:\/\/www.wedobd.com\/index.php?rest_route=%2Fwp%2Fv2%2Fmedia&parent=1275"}],"wp:term":[{"taxonomy":"category","embeddable":true,"href":"https:\/\/www.wedobd.com\/index.php?rest_route=%2Fwp%2Fv2%2Fcategories&post=1275"},{"taxonomy":"post_tag","embeddable":true,"href":"https:\/\/www.wedobd.com\/index.php?rest_route=%2Fwp%2Fv2%2Ftags&post=1275"}],"curies":[{"name":"wp","href":"https:\/\/api.w.org\/{rel}","templated":true}]}}