{"id":1277,"date":"2009-08-11T00:01:00","date_gmt":"2009-08-10T22:01:00","guid":{"rendered":"https:\/\/www.wedobd.com\/?p=1277"},"modified":"2025-09-29T14:55:00","modified_gmt":"2025-09-29T12:55:00","slug":"interview-2009-pierrot","status":"publish","type":"post","link":"https:\/\/www.wedobd.com\/?p=1277","title":{"rendered":"Invit\u00e9 2009 #43 : Pierrot"},"content":{"rendered":"<p>Comme annonc\u00e9 hier par Boulet dans son interview, le Festiblog 2009 aura des airs de r\u00e9unions de famille avec notre 43\u00e8me invit\u00e9 : <a href=\"http:\/\/yap-yap-yap-yap.blogspot.com\/\" target=\"_blank\">Pierrot<\/a>.<\/p>\n<p style=\"text-align: center;\"><a href=\"http:\/\/yannicklejeune.blogs.com\/.a\/6a00d8341c501b53ef0120a531c4d1970c-popup\" onclick=\"window.open( this.href, &#39;_blank&#39;, &#39;width=640,height=480,scrollbars=no,resizable=no,toolbar=no,directories=no,location=no,menubar=no,status=no,left=0,top=0&#39; ); return false\" style=\"display: inline;\"><img decoding=\"async\" alt=\"Festiblog_1 copie\" class=\"at-xid-6a00d8341c501b53ef0120a531c4d1970c \" src=\"https:\/\/www.wedobd.com\/wp-content\/uploads\/2009\/08\/6a00d8341c501b53ef0120a531c4d1970c-500wi.jpg\" \/><\/a> <\/p>\n<p><strong>Qui es-tu ?<\/strong><\/p>\n<p>Je suis <a href=\"http:\/\/yap-yap-yap-yap.blogspot.com\/\" target=\"_blank\">Pierrot<\/a>.<\/p>\n<p><strong>Comment as-tu commenc\u00e9 \u00e0 dessiner ?<\/strong><\/p>\n<p>Depuis que je suis petit, avec mes fr\u00e8res. Le troisi\u00e8me \u00e9tait d\u00e9j\u00e0 tr\u00e8s \u00e0 l\u2019aise dans cette discipline alors je l\u2019ai suivi (et surtout je ne me voyais pas passer mes heures libres \u00e0 faire du foot).<\/p>\n<p><strong>As-tu suivi une formation ?<\/strong><\/p>\n<p>J\u2019ai fait un bac litt\u00e9raire avec une option Arts Plastiques, mais la plus grande partie de ma production se trouvait surtout dans les marges de mes feuilles et sur les tables des salles de classe. Mes \u00e9tudes d\u2019architecte m\u2019ont \u00e9galement permis de suivre une formation acad\u00e9mique du dessin.<\/p>\n<p><strong><a href=\"http:\/\/yannicklejeune.blogs.com\/.a\/6a00d8341c501b53ef0120a531d6af970c-popup\" onclick=\"window.open( this.href, &#39;_blank&#39;, &#39;width=640,height=480,scrollbars=no,resizable=no,toolbar=no,directories=no,location=no,menubar=no,status=no,left=0,top=0&#39; ); return false\" style=\"float: right;\"><img decoding=\"async\" alt=\"282976102_blog\" class=\"at-xid-6a00d8341c501b53ef0120a531d6af970c \" src=\"https:\/\/www.wedobd.com\/wp-content\/uploads\/2009\/08\/6a00d8341c501b53ef0120a531d6af970c-200wi.jpg\" style=\"margin: 0px 0px 5px 5px; width: 200px;\" \/><\/a> Peux-tu pr\u00e9senter ton blog ?<\/strong><\/p>\n<p>Ce sont des petites histoires courtes en rapport plus ou moins direct avec ma vie. Tout \u00e7a racont\u00e9 sur un fond gris.<\/p>\n<p><strong>Pourquoi as-tu commenc\u00e9 \u00e0 bloguer ?<\/strong><\/p>\n<p>Je ne sais pas s\u2019il y a eu un \u00e9l\u00e9ment d\u00e9clencheur \u00e0 proprement parler, c\u2019est d&#39;avantage une accumulation d\u2019envies : J\u2019avais envie de me remettre plus s\u00e9rieusement au dessin, de raconter \u00e0 mes proches certains r\u00e9cits de ma vie, de faire autre chose que de l\u2019architecture\u2026 Alors sur les conseils de <a href=\"http:\/\/www.bloglaurel.com\/coeur\/\" target=\"_blank\">Laurel<\/a> et de <a href=\"http:\/\/www.bouletcorp.com\/blog\/\" target=\"_blank\">Boulet<\/a> entre autres, je me suis lanc\u00e9 dans un blog.<\/p>\n<p><strong>Quel public voulais-tu rencontrer ?<\/strong><\/p>\n<p>Mes premiers r\u00e9cits \u00e9tant r\u00e9serv\u00e9s \u00e0 quelques proches, je ne pensais pas rencontrer un public en particulier : Je faisais \u00e7a pour ma famille et mes amis.<\/p>\n<p><strong>Et finalement qui sont tes lecteurs ?<\/strong><\/p>\n<p>Des gens vari\u00e9s je crois ! Ils ont l\u2019air de venir d\u2019\u00e0 peu pr\u00e8s partout, je ne les connais pas personnellement mais je suis toujours enchant\u00e9 de voir que mon travail les amuse. Et bien s\u00fbr pas mal de proches \u00e0 qui je glisse de nombreux clins d\u2019\u0153il dans mes planches.<\/p>\n<p><strong>Combien de temps passes-tu en moyenne sur tes notes ?<\/strong><\/p>\n<p>Beaucoup trop ! Je suis un gar\u00e7on assez lent, d\u2019ailleurs j\u2019appr\u00e9hende pas mal les d\u00e9dicaces pour \u00e7a ! Mais plus s\u00e9rieusement je m\u2019efforce de faire des notes courtes et efficaces, je ne maitrise pas du tout la narration pour de longs r\u00e9cits. Donc quoiqu\u2019il arrive \u00e7a ne d\u00e9passe pas le temps d\u2019une soir\u00e9e.<\/p>\n<div style=\"text-align: center;\"><a href=\"http:\/\/yannicklejeune.blogs.com\/.a\/6a00d8341c501b53ef0120a4dabc78970b-popup\" onclick=\"window.open( this.href, &#39;_blank&#39;, &#39;width=640,height=480,scrollbars=no,resizable=no,toolbar=no,directories=no,location=no,menubar=no,status=no,left=0,top=0&#39; ); return false\" style=\"display: inline;\"><img decoding=\"async\" alt=\"Festiblog_2 copie\" class=\"at-xid-6a00d8341c501b53ef0120a4dabc78970b \" src=\"https:\/\/www.wedobd.com\/wp-content\/uploads\/2009\/08\/6a00d8341c501b53ef0120a4dabc78970b-500wi.jpg\" \/><\/a> <\/div>\n<p><strong><br \/>Est-ce que ce sont des dessins sp\u00e9cialement faits pour le blog ?<\/strong><\/p>\n<p>Oui, compl\u00e8tement. Je ne consid\u00e8re pas le blog comme une vitrine de travail mais comme un support \u00e0 part enti\u00e8re. Je pars du principe que c\u2019est un grand album virtuel, tout propre, et dans lequel je peux mettre ce que je veux \u00e0 partir du moment o\u00f9 c\u2019est pr\u00e9sentable.<br \/><strong><br \/>Avec quoi dessines-tu ?<\/strong><\/p>\n<p>Pour le blog je n\u2019ai qu\u2019une technique, celle du crayon et du rotring 0,25mm. Une fois mes dessins termin\u00e9s, je les scanne et les passe en couleur sur l\u2019ordinateur \u00e0 l\u2019aide d\u2019une tablette graphique. Ce n\u2019est pas une technique super originale, mais \u00e7a marche !<br \/><strong><br \/>Quelles sont tes influences graphiques ?<\/strong><\/p>\n<p>Elles ne sont pas tr\u00e8s vari\u00e9es car finalement je n\u2019ai pas beaucoup de culture dans le domaine de la BD. Dans mes dessins on retrouve certainement un peu de Matt Groening, un peu de Boulet et un peu de n\u2019importe quoi\u2026 j\u2019avoue que je n\u2019ai pas assez de recul pour m\u2019en rendre compte par moi-m\u00eame, mais j\u2019en ai certainement pomp\u00e9 d\u2019autres !<\/p>\n<p><strong>Combien de temps passes-tu sur les blogs des autres ?<\/strong><\/p>\n<p>Une fois de plus, beaucoup trop ! Il y a encore un an, je n\u2019en lisait qu\u2019une dizaine maximum. Maintenant je vais sur <a href=\"http:\/\/blogsbd.fr\/\" target=\"_blank\">BlogsBD<\/a> quotidiennement pour voir les derni\u00e8res mises \u00e0 jour sur une cinquantaine de blogs que je suis plus particuli\u00e8rement. J\u2019essaye de ne pas y passer trop de temps, mais d\u00e8s que <a href=\"http:\/\/blog.zanorg.com\/\" target=\"_blank\">Kek<\/a> fait un nouveau jeu chiant je deviens autiste pour de longues heures.<\/p>\n<div style=\"text-align: center;\"><a href=\"http:\/\/yannicklejeune.blogs.com\/.a\/6a00d8341c501b53ef0120a531d744970c-popup\" onclick=\"window.open( this.href, &#39;_blank&#39;, &#39;width=640,height=480,scrollbars=no,resizable=no,toolbar=no,directories=no,location=no,menubar=no,status=no,left=0,top=0&#39; ); return false\" style=\"display: inline;\"><img decoding=\"async\" alt=\"097_bl10\" class=\"at-xid-6a00d8341c501b53ef0120a531d744970c \" src=\"https:\/\/www.wedobd.com\/wp-content\/uploads\/2009\/08\/6a00d8341c501b53ef0120a531d744970c-500wi.jpg\" \/><\/a> <\/div>\n<p><strong><br \/>Quels sont ceux dont tu es fan ?<\/strong><\/p>\n<p>Ah ah c\u2019est LA question \u00e0 laquelle je ne peux pas r\u00e9pondre sans en \u00e9crire quarante lignes. Mes favoris sont dans la s\u00e9lection \u00ab premium \u00bb de mon blog, mais si je devais en citer d\u2019autres ce seraient <a href=\"http:\/\/www.blogdamned.com\/\" target=\"_blank\">Goupil<\/a>, <a href=\"http:\/\/monsieurmouk.canalblog.com\/\" target=\"_blank\">Monsieur Mouk<\/a> et plus r\u00e9cemment <a href=\"http:\/\/buntatrip.blogspot.com\/\" target=\"_blank\">les strips de Bunta<\/a> qui me font bien marrer.<\/p>\n<p><strong>As-tu fait des rencontres gr\u00e2ce aux blogs ?<\/strong><\/p>\n<p>Oui, plein ! Et je compte bien les continuer au Festiblog. J\u2019ai rencontr\u00e9 des gens tr\u00e8s sympas d\u2019une mani\u00e8re g\u00e9n\u00e9rale, notamment <a href=\"http:\/\/manu-xyz.blogspot.com\/\" target=\"_blank\">Manu XYZ<\/a> qui fut l\u2019un de mes premiers et de mes plus fid\u00e8les lecteurs. J\u2019ai \u00e9galement eu le plaisir de rencontrer des pointures comme <a href=\"http:\/\/missgally.com\/blog\/\" target=\"_blank\">Gally<\/a> et <a href=\"http:\/\/www.bloglaurel.com\/coeur\/\" target=\"_blank\">Laurel<\/a> pendant quelques heures. L\u2019hiver dernier, ma s\u00e9lection au concours de la <a href=\"http:\/\/www.prixdublog.com\/\" target=\"_blank\">R\u00e9v\u00e9lation Blog<\/a> m\u2019a \u00e9galement permis de faire connaissance avec des gars talentueux comme <a href=\"http:\/\/jeanpaulpognon.canalblog.com\/\" target=\"_blank\">Jean-Paul Pognon<\/a>, <a href=\"http:\/\/www.sansemploi.com\/\" target=\"_blank\">Jib\u00e9<\/a> et <a href=\"http:\/\/antoine.kirsch.free.fr\/blog\/index.php\" target=\"_blank\">Aka<\/a> avec qui j\u2019ai eu le plaisir de boire des bi\u00e8res ti\u00e8des au festival de Lyon.<\/p>\n<p><strong>Es-tu sensible aux commentaires ?<\/strong><\/p>\n<p>Comme tout le monde je le suis bien \u00e9videmment. Je m\u2019efforce de r\u00e9pondre au maximum \u00e0 ceux qui m\u2019en laissent.<\/p>\n<p><strong>Pour toi, quels sont les points forts du blog et de la BD en ligne ?<\/strong><\/p>\n<p>La gratuit\u00e9 et la possibilit\u00e9 de voir toute un panel de cr\u00e9ations. C\u2019est \u00e9galement l\u2019occasion de composer avec un type de narration diff\u00e9rent de celui d\u2019un album.<\/p>\n<p><strong>Et les points faibles ?<\/strong><\/p>\n<p>Il y a des centaines de nouveaux blogs chaque ann\u00e9e, il faut donc faire le tri. De plus, la publication en ligne laisse la porte ouverte \u00e0 de nombreux plagiats (qui n\u2019est jamais tomb\u00e9 sur une copie du blog de Cha, de Vincent ou de Paka ?)<br \/><strong><br \/>Comment penses-tu que la blogosph\u00e8re BD va \u00e9voluer ?<\/strong><\/p>\n<p>Des blogs de plus en plus nombreux et donc, proportionnellement, de plus en plus de talents r\u00e9v\u00e9l\u00e9s !<\/p>\n<div style=\"text-align: center;\"><a href=\"http:\/\/yannicklejeune.blogs.com\/.a\/6a00d8341c501b53ef0120a531d785970c-popup\" onclick=\"window.open( this.href, &#39;_blank&#39;, &#39;width=640,height=480,scrollbars=no,resizable=no,toolbar=no,directories=no,location=no,menubar=no,status=no,left=0,top=0&#39; ); return false\" style=\"display: inline;\"><img decoding=\"async\" alt=\"116_bl10\" class=\"at-xid-6a00d8341c501b53ef0120a531d785970c \" src=\"https:\/\/www.wedobd.com\/wp-content\/uploads\/2009\/08\/6a00d8341c501b53ef0120a531d785970c-500wi.jpg\" \/><\/a> <\/div>\n<p><strong>Penses-tu que les gens vont de plus en plus lire de BD en ligne ?<\/strong><\/p>\n<p>Je n\u2019en ai aucune id\u00e9e. J\u2019imagine que oui, \u00e0 en juger par le nombre croissant de personnes qui viennent faire un tour au Festiblog.<\/p>\n<p><strong>De mani\u00e8re g\u00e9n\u00e9rale, penses-tu que la BD num\u00e9rique (\u00e0 lire sur le web, sur iPhone, sur PSP&#8230;) pourrait nuire \u00e0 la BD papier ?<\/strong><\/p>\n<p>Je consid\u00e8re plut\u00f4t que ces supports sont compl\u00e9mentaires : le num\u00e9rique permet une premi\u00e8re approche plus simple, plus rapide. Dans un deuxi\u00e8me temps, le lecteur aimera toujours se procurer l\u2019album sur papier pour le garder et le consulter dans un contexte diff\u00e9rent.<br \/><strong><br \/>O\u00f9 peut-on voir ton travail en dehors des blogs ?<\/strong><\/p>\n<p>Mon vrai travail me demandant \u00e9norm\u00e9ment de temps, je n\u2019ai pas de grosse publication \u00e0 mon actif ! Mon retour \u00e0 la BD est encore tr\u00e8s r\u00e9cent et reste tr\u00e8s amateur.<\/p>\n<p><strong>As-tu des albums ? Peux-tu nous les pr\u00e9senter ?<\/strong><\/p>\n<p>Le blog m\u2019a permis de participer \u00e0 des initiatives collectives de bloggeurs telles que <a href=\"http:\/\/www.monbeausapin.org\/pierrot\/\" target=\"_blank\">Mon Beau Sapin<\/a> (projet de P\u00e9n\u00e9lope), le fanzine <a href=\"http:\/\/www.onditdelyon.fr\/\" target=\"_blank\">On dit de Lyon<\/a> (projet de Jib\u00e9) et le <a href=\"http:\/\/www.foolstrip.com\/dicodesblogs\/\" target=\"_blank\">dictionnaire des blogs<\/a> (projet de Foolstrip men\u00e9 notamment par Kek). Je fais \u00e9galement une apparition dans <a href=\"http:\/\/www.warum.fr\/salon.php?auteur=30\" target=\"_blank\">le prochain recueil de Laurel<\/a> qui m\u2019y a gentiment convi\u00e9 ! (publi\u00e9 par Wandrille aux \u00e9ditions Warum).<\/p>\n<p><strong>Qu&#39;attends-tu de ta venue au Festiblog ?<\/strong><\/p>\n<p>Rencontrer enfin le <a href=\"http:\/\/dr-lo.blogspot.com\" target=\"_blank\">Docteur L\u00f4<\/a> et aller boire un verre avec <a href=\"http:\/\/commedesguilis.blogspot.com\/\" target=\"_blank\">Romain Ronzeau<\/a> !<\/p>\n<div style=\"text-align: center;\"><a href=\"http:\/\/yannicklejeune.blogs.com\/.a\/6a00d8341c501b53ef0120a531d5a8970c-popup\" onclick=\"window.open( this.href, &#39;_blank&#39;, &#39;width=640,height=480,scrollbars=no,resizable=no,toolbar=no,directories=no,location=no,menubar=no,status=no,left=0,top=0&#39; ); return false\" style=\"display: inline;\"><img decoding=\"async\" alt=\"Festiblog_3 copie\" class=\"at-xid-6a00d8341c501b53ef0120a531d5a8970c \" src=\"https:\/\/www.wedobd.com\/wp-content\/uploads\/2009\/08\/6a00d8341c501b53ef0120a531d5a8970c-500wi.jpg\" \/><\/a> <\/div>\n<p><strong>Parle-nous d&#39;un truc qui n&#39;a rien \u00e0 voir avec la BD et que tu aimes ?<\/strong><\/p>\n<p>J\u2019adore classer des pi\u00e8ces de centimes par taille et par ann\u00e9es. Et puis les m\u00e9langer. Et puis recommencer consciencieusement, encore.<\/p>\n<p><strong>Un dernier mot ?<\/strong><\/p>\n<p>Merci d\u2019avoir pens\u00e9 \u00e0 moi ! <\/p>\n","protected":false},"excerpt":{"rendered":"<p>Comme annonc\u00e9 hier par Boulet dans son interview, le Festiblog 2009 aura des airs de r\u00e9unions de famille avec notre 43\u00e8me invit\u00e9 : Pierrot.<\/p>\n","protected":false},"author":4,"featured_media":0,"comment_status":"open","ping_status":"open","sticky":false,"template":"","format":"standard","meta":{"footnotes":""},"categories":[26,47],"tags":[118],"class_list":["post-1277","post","type-post","status-publish","format-standard","hentry","category-02-le-festival-de-2005-a-2013","category-03-interviews-de-blogueurs-bd","tag-pierrot"],"_links":{"self":[{"href":"https:\/\/www.wedobd.com\/index.php?rest_route=\/wp\/v2\/posts\/1277","targetHints":{"allow":["GET"]}}],"collection":[{"href":"https:\/\/www.wedobd.com\/index.php?rest_route=\/wp\/v2\/posts"}],"about":[{"href":"https:\/\/www.wedobd.com\/index.php?rest_route=\/wp\/v2\/types\/post"}],"author":[{"embeddable":true,"href":"https:\/\/www.wedobd.com\/index.php?rest_route=\/wp\/v2\/users\/4"}],"replies":[{"embeddable":true,"href":"https:\/\/www.wedobd.com\/index.php?rest_route=%2Fwp%2Fv2%2Fcomments&post=1277"}],"version-history":[{"count":1,"href":"https:\/\/www.wedobd.com\/index.php?rest_route=\/wp\/v2\/posts\/1277\/revisions"}],"predecessor-version":[{"id":4536,"href":"https:\/\/www.wedobd.com\/index.php?rest_route=\/wp\/v2\/posts\/1277\/revisions\/4536"}],"wp:attachment":[{"href":"https:\/\/www.wedobd.com\/index.php?rest_route=%2Fwp%2Fv2%2Fmedia&parent=1277"}],"wp:term":[{"taxonomy":"category","embeddable":true,"href":"https:\/\/www.wedobd.com\/index.php?rest_route=%2Fwp%2Fv2%2Fcategories&post=1277"},{"taxonomy":"post_tag","embeddable":true,"href":"https:\/\/www.wedobd.com\/index.php?rest_route=%2Fwp%2Fv2%2Ftags&post=1277"}],"curies":[{"name":"wp","href":"https:\/\/api.w.org\/{rel}","templated":true}]}}