{"id":1285,"date":"2009-08-04T00:01:00","date_gmt":"2009-08-03T22:01:00","guid":{"rendered":"https:\/\/www.wedobd.com\/?p=1285"},"modified":"2025-09-29T14:55:44","modified_gmt":"2025-09-29T12:55:44","slug":"interview-2009-johan-troianowski","status":"publish","type":"post","link":"https:\/\/www.wedobd.com\/?p=1285","title":{"rendered":"Invit\u00e9 2009 #36 : Johan Tro\u00efanowski"},"content":{"rendered":"<p>D\u00e9j\u00e0 pr\u00e9sent l&#39;ann\u00e9e derni\u00e8re, c&#39;est avec joie que nous retrouverons <a href=\"http:\/\/johantroianowski.canalblog.com\/\" target=\"_blank\">Johan Tro\u00efanowski<\/a> au Festiblog en septembre. Il est notre 36\u00e8me invit\u00e9 :<\/p>\n<p style=\"text-align: center;\"><a href=\"http:\/\/yannicklejeune.blogs.com\/.a\/6a00d8341c501b53ef0115715ec446970c-popup\" onclick=\"window.open( this.href, &#39;_blank&#39;, &#39;width=640,height=480,scrollbars=no,resizable=no,toolbar=no,directories=no,location=no,menubar=no,status=no,left=0,top=0&#39; ); return false\" style=\"display: inline;\"><img decoding=\"async\" alt=\"Petite araign\u00e9e\" class=\"at-xid-6a00d8341c501b53ef0115715ec446970c \" src=\"https:\/\/www.wedobd.com\/wp-content\/uploads\/2009\/08\/6a00d8341c501b53ef0115715ec446970c-500wi.jpg\" \/><\/a> <\/p>\n<p><strong>Peux-tu rappeler \u00e0 nos lecteurs qui tu es ?<\/strong><\/p>\n<p>Je m\u2019appelle Johan Tro\u00efanowski, je suis auteur de bandes dessin\u00e9es et de livres pour enfants. J\u2019habite \u00e0 Lyon<\/p>\n<p><strong>Quoi de neuf dans ta carri\u00e8re et tes projets depuis ta derni\u00e8re participation ?<\/strong><\/p>\n<p>Pas mal de chose. Ma premi\u00e8re BD est sortie en avril, il s\u2019agit de Rouge chez <a href=\"http:\/\/www.makaka-editions.com\/\" target=\"_blank\">Makaka<\/a>. Je travaille actuellement sur le tome 2, qui est normalement pr\u00e9vu pour d\u00e9cembre. Mon projet <a href=\"http:\/\/johantroianowski.canalblog.com\/archives\/pome\/index.html\" target=\"_blank\">Pome<\/a> a trouv\u00e9 un \u00e9diteur, je suis vraiment tr\u00e8s heureux ! Et puis je continue d\u2019illustrer des livres de po\u00e9sies pour les enfants (Un bleu formidable \u00e0 para\u00eetre) et je participe \u00e0 des collectifs comme <a href=\"http:\/\/johantroianowski.canalblog.com\/archives\/2009\/06\/17\/14116416.html\" target=\"_blank\">le Projet Bermuda 2<\/a>.<\/p>\n<p><strong><a href=\"http:\/\/yannicklejeune.blogs.com\/.a\/6a00d8341c501b53ef0115715ecc99970c-popup\" onclick=\"window.open( this.href, &#39;_blank&#39;, &#39;width=640,height=480,scrollbars=no,resizable=no,toolbar=no,directories=no,location=no,menubar=no,status=no,left=0,top=0&#39; ); return false\" style=\"float: right;\"><img decoding=\"async\" alt=\"41856387\" class=\"at-xid-6a00d8341c501b53ef0115715ecc99970c \" src=\"https:\/\/www.wedobd.com\/wp-content\/uploads\/2009\/08\/6a00d8341c501b53ef0115715ecc99970c-200wi.jpg\" style=\"margin: 0px 0px 5px 5px; width: 200px;\" \/><\/a> Ton blog a-t-il \u00e9volu\u00e9 depuis l\u2019ann\u00e9e derni\u00e8re ?<\/strong><\/p>\n<p>Pas vraiment. On y trouve toujours des bandes dessin\u00e9es, des illustrations, des recherches pour mes prochains bouquins, des concours\u2026 C\u00f4t\u00e9 nouveaut\u00e9, je fais une petite s\u00e9rie de strips sp\u00e9cialement pour le blog, <a href=\"http:\/\/johantroianowski.canalblog.com\/archives\/no_future___\/index.html\" target=\"_blank\">No future\u2026<\/a>, il s\u2019agit de la vie d\u2019un punk et d\u2019un h\u00e9risson.<\/p>\n<p><strong>Quelle est ta vision de la blogosph\u00e8re BD en 2009 ?<\/strong><\/p>\n<p>Je ne suis pas vraiment un sp\u00e9cialiste de la blogosph\u00e8re! J\u2019y passe moins de temps qu\u2019avant mais je suis toujours tr\u00e8s heureux de d\u00e9couvrir de temps en temps de belles perles! Le festiblog est aussi l\u2019occasion de d\u00e9couvrir plein de gens talentueux que je ne connais pas.<br \/><strong><br \/>Quel est ton point de vue sur la BD num\u00e9rique cette ann\u00e9e ?<\/strong><\/p>\n<p>Un peu comme tout le monde je crois. La BD num\u00e9rique est parfaite pour les histoires courtes, par contre elle ne permet pas un confort suffisant pour les histoires longues.<\/p>\n<p><strong>Qu&#39;est-ce qui te motive personnellement \u00e0 cr\u00e9er en ligne ?<\/strong><\/p>\n<p>Ce qui me motive, ceux sont les gens qui viennent voir mon blog.<\/p>\n<p><strong><a href=\"http:\/\/yannicklejeune.blogs.com\/.a\/6a00d8341c501b53ef0115715ecccd970c-popup\" onclick=\"window.open( this.href, &#39;_blank&#39;, &#39;width=640,height=480,scrollbars=no,resizable=no,toolbar=no,directories=no,location=no,menubar=no,status=no,left=0,top=0&#39; ); return false\" style=\"float: left;\"><img decoding=\"async\" alt=\"41557049\" class=\"at-xid-6a00d8341c501b53ef0115715ecccd970c \" src=\"https:\/\/www.wedobd.com\/wp-content\/uploads\/2009\/08\/6a00d8341c501b53ef0115715ecccd970c-200wi.jpg\" style=\"margin: 0px 5px 5px 0px; width: 200px;\" \/><\/a> As-tu des chouchous en blogs BD ou en webcomics ?<\/strong><\/p>\n<p>J\u2019aime beaucoup le travail de <a href=\"http:\/\/chanouga.over-blog.com\/\" target=\"_blank\">Chanouga<\/a>, <a href=\"http:\/\/www.loicsecheresse.com\/blog\/\" target=\"_blank\">Lo\u00efc Secheresse<\/a>, <a href=\"http:\/\/ileanasurducan-fr.blogspot.com\/\" target=\"_blank\">Ileana Surducan<\/a>, <a href=\"http:\/\/dromadairebleu.canalblog.com\/\" target=\"_blank\">Dromadaire bleu<\/a>, <a href=\"http:\/\/latableadessin.canalblog.com\/\" target=\"_blank\">Gwenole<\/a>, <a href=\"http:\/\/philippegardien.canalblog.com\/\" target=\"_blank\">Philippe Gardien<\/a>, <a href=\"http:\/\/crazy-cartoonz.blogspot.com\/\" target=\"_blank\">Raoul Paoli<\/a>, <a href=\"http:\/\/renart.canalblog.com\/\" target=\"_blank\">Renart<\/a>\u2026 mes autres chouchous sont en lien sur mon blog !<\/p>\n<p><strong>Quel est ton meilleur souvenir des pr\u00e9c\u00e9dents Festiblogs ?<\/strong><\/p>\n<p>Les rencontres avec les lecteurs! \u00c7a m\u2019a fait bizarre de voir que des gens connaissaient mon blog ! Et puis c\u2019est aussi tr\u00e8s sympa de pouvoir discuter avec d\u2019autres dessinateurs.<br \/><strong><br \/>Un mot pour ceux qui vont venir te voir ?<\/strong><\/p>\n<p>Merci !<\/p>\n<p><strong>Parle-nous d&#39;un truc qui te plait mais qui n&#39;a rien \u00e0 voir avec la BD ?<\/strong><\/p>\n<p>J\u2019adore Alice au pays des merveilles. Quand j\u2019\u00e9tais petit cette histoire me terrifiait, aujourd\u2019hui, elle me fascine.<br \/><strong><br \/>Quelque chose \u00e0 ajouter ?<\/strong><\/p>\n<p>Je suis bien content de participer \u00e0 ce festiblog !&#0160;<\/p>\n<p style=\"text-align: center;\"><a href=\"http:\/\/yannicklejeune.blogs.com\/.a\/6a00d8341c501b53ef0115715eccfc970c-popup\" onclick=\"window.open( this.href, &#39;_blank&#39;, &#39;width=640,height=480,scrollbars=no,resizable=no,toolbar=no,directories=no,location=no,menubar=no,status=no,left=0,top=0&#39; ); return false\" style=\"display: inline;\"><img decoding=\"async\" alt=\"40802999\" class=\"at-xid-6a00d8341c501b53ef0115715eccfc970c \" src=\"https:\/\/www.wedobd.com\/wp-content\/uploads\/2009\/08\/6a00d8341c501b53ef0115715eccfc970c-500wi.jpg\" \/><\/a> <\/p>\n","protected":false},"excerpt":{"rendered":"<p>D\u00e9j\u00e0 pr\u00e9sent l&#8217;ann\u00e9e derni\u00e8re, c&#8217;est avec joie que nous retrouverons Johan Tro\u00efanowski au Festiblog en septembre. Il est notre 36\u00e8me invit\u00e9.<\/p>\n","protected":false},"author":4,"featured_media":0,"comment_status":"open","ping_status":"open","sticky":false,"template":"","format":"standard","meta":{"footnotes":""},"categories":[26,47],"tags":[552],"class_list":["post-1285","post","type-post","status-publish","format-standard","hentry","category-02-le-festival-de-2005-a-2013","category-03-interviews-de-blogueurs-bd","tag-johan-troianowski"],"_links":{"self":[{"href":"https:\/\/www.wedobd.com\/index.php?rest_route=\/wp\/v2\/posts\/1285","targetHints":{"allow":["GET"]}}],"collection":[{"href":"https:\/\/www.wedobd.com\/index.php?rest_route=\/wp\/v2\/posts"}],"about":[{"href":"https:\/\/www.wedobd.com\/index.php?rest_route=\/wp\/v2\/types\/post"}],"author":[{"embeddable":true,"href":"https:\/\/www.wedobd.com\/index.php?rest_route=\/wp\/v2\/users\/4"}],"replies":[{"embeddable":true,"href":"https:\/\/www.wedobd.com\/index.php?rest_route=%2Fwp%2Fv2%2Fcomments&post=1285"}],"version-history":[{"count":1,"href":"https:\/\/www.wedobd.com\/index.php?rest_route=\/wp\/v2\/posts\/1285\/revisions"}],"predecessor-version":[{"id":4590,"href":"https:\/\/www.wedobd.com\/index.php?rest_route=\/wp\/v2\/posts\/1285\/revisions\/4590"}],"wp:attachment":[{"href":"https:\/\/www.wedobd.com\/index.php?rest_route=%2Fwp%2Fv2%2Fmedia&parent=1285"}],"wp:term":[{"taxonomy":"category","embeddable":true,"href":"https:\/\/www.wedobd.com\/index.php?rest_route=%2Fwp%2Fv2%2Fcategories&post=1285"},{"taxonomy":"post_tag","embeddable":true,"href":"https:\/\/www.wedobd.com\/index.php?rest_route=%2Fwp%2Fv2%2Ftags&post=1285"}],"curies":[{"name":"wp","href":"https:\/\/api.w.org\/{rel}","templated":true}]}}