{"id":1286,"date":"2009-08-03T00:01:00","date_gmt":"2009-08-02T22:01:00","guid":{"rendered":"https:\/\/www.wedobd.com\/?p=1286"},"modified":"2025-09-29T14:55:48","modified_gmt":"2025-09-29T12:55:48","slug":"interview-2009-peb-fox","status":"publish","type":"post","link":"https:\/\/www.wedobd.com\/?p=1286","title":{"rendered":"Invit\u00e9s 2009 #34-35 : peb &#038; fox"},"content":{"rendered":"<p>Encore un duo d&#39;auteurs au Festiblog cette ann\u00e9e. Il s&#39;agit de <a href=\"http:\/\/pebfox.com\/blog\/\" target=\"_blank\">peb &amp; fox<\/a>, invit\u00e9s 34 et 35 qui nous font le plaisir de venir d\u00e9dicacer pour la premi\u00e8re fois chez nous. Merci \u00e0 eux d&#39;avoir r\u00e9pondu pr\u00e9sent.<\/p>\n<\/p>\n<p style=\"text-align: center;\"><a href=\"http:\/\/yannicklejeune.blogs.com\/.a\/6a00d8341c501b53ef011571584cba970c-popup\" onclick=\"window.open( this.href, &#39;_blank&#39;, &#39;width=640,height=480,scrollbars=no,resizable=no,toolbar=no,directories=no,location=no,menubar=no,status=no,left=0,top=0&#39; ); return false\" style=\"display: inline;\"><img decoding=\"async\" alt=\"Illu-festiblog\" class=\"at-xid-6a00d8341c501b53ef011571584cba970c \" src=\"https:\/\/www.wedobd.com\/wp-content\/uploads\/2009\/08\/6a00d8341c501b53ef011571584cba970c-500wi.gif\" \/><\/a> <\/p>\n<p><strong>Qui \u00eates-vous ?<\/strong><\/p>\n<p><a href=\"http:\/\/www.pebfox.com\/blog\/\" target=\"_blank\">peb &amp; fox<\/a>, un duo d&#39;auteurs de BD et illustrateurs.<\/p>\n<p><strong>Comment avez-vous commenc\u00e9 \u00e0 dessiner ?<\/strong><\/p>\n<p>Depuis tout petit&#8230; mais de mani\u00e8re plus s\u00e9rieuse et ensemble vers 2003.<\/p>\n<p><strong>Avez-vous suivi une formation ?<\/strong><\/p>\n<p>Non.<\/p>\n<p><strong><a href=\"http:\/\/yannicklejeune.blogs.com\/.a\/6a00d8341c501b53ef011571585d62970c-popup\" onclick=\"window.open( this.href, &#39;_blank&#39;, &#39;width=640,height=480,scrollbars=no,resizable=no,toolbar=no,directories=no,location=no,menubar=no,status=no,left=0,top=0&#39; ); return false\" style=\"float: right;\"><img decoding=\"async\" alt=\"27\" class=\"at-xid-6a00d8341c501b53ef011571585d62970c \" src=\"https:\/\/www.wedobd.com\/wp-content\/uploads\/2009\/08\/6a00d8341c501b53ef011571585d62970c-200wi.jpg\" style=\"margin: 0px 0px 5px 5px; width: 200px;\" \/><\/a> Pouvez-vous pr\u00e9senter votre blog ?<\/strong><\/p>\n<p>Notre blog est surtout un site de pr\u00e9sentation de nos travaux, qu&#39;il s&#39;agisse de projets personnels ou de commandes.<\/p>\n<p><strong>Pourquoi avez-vous commenc\u00e9 \u00e0 bloguer ?<\/strong><\/p>\n<p>C&#39;\u00e9tait la suite logique de notre premier site internet. Le blog nous para\u00eet \u00eatre une plateforme sympa, facilement g\u00e9rable, et plus r\u00e9guli\u00e8rement mise \u00e0 jour. Cela nous donne aussi une meilleure visibilit\u00e9 sur le net.<\/p>\n<p><strong>Quel public vouliez-vous rencontrer ?<\/strong><\/p>\n<p>Des amis, des lecteurs inconnus, des \u00e9diteurs et autres diffuseurs.<\/p>\n<p><strong>Et finalement qui sont vos lecteurs ?<\/strong><\/p>\n<p>Des amis, des lecteurs inconnus, des \u00e9diteurs et autres diffuseurs.<\/p>\n<p><strong>Combien de temps passez-vous en moyenne sur vos notes ?<\/strong><\/p>\n<p>Le temps n\u00e9cessaire pour charger une image et \u00e9crire un texte en rapport quand c&#39;est n\u00e9cessaire, de 1 mn \u00e0 15 mn.<\/p>\n<p><strong>Est-ce que ce sont des dessins sp\u00e9cialement faits pour le blog ?<\/strong><\/p>\n<p>Tr\u00e8s rarement, \u00e0 part ceux de <a href=\"http:\/\/www.mediapart.fr\/club\/blog\/peb-et-fox\" target=\"_blank\">notre blog d&#39;actualit\u00e9 sur Mediapart<\/a>.<br \/><strong><br \/>Avec quoi dessinez-vous ?<\/strong><\/p>\n<p>\u00c7a va d\u00e9pendre du projet car on aime bien varier les styles. \u00c7a peut \u00eatre de la plume, du pentel, des crayons noirs ind\u00e9l\u00e9biles, de la tablette graphique&#8230; En g\u00e9n\u00e9ral les couleurs sont faites \u00e0 l&#39;ordinateur, mais parfois on se risque \u00e0 l&#39;aquarelle.<\/p>\n<p><strong>Quelles sont vos influences graphiques ?<\/strong><\/p>\n<p>Il y en a beaucoup&#8230; On peut citer Franquin, Gotlib, Trondheim&#8230;<strong><br \/><\/strong><\/p>\n<p><strong><a href=\"http:\/\/yannicklejeune.blogs.com\/.a\/6a00d8341c501b53ef0115724cb3a3970b-popup\" onclick=\"window.open( this.href, &#39;_blank&#39;, &#39;width=640,height=480,scrollbars=no,resizable=no,toolbar=no,directories=no,location=no,menubar=no,status=no,left=0,top=0&#39; ); return false\" style=\"float: left;\"><img decoding=\"async\" alt=\"Wapiti 266 - Cameleon speed\" class=\"at-xid-6a00d8341c501b53ef0115724cb3a3970b \" src=\"https:\/\/www.wedobd.com\/wp-content\/uploads\/2009\/08\/6a00d8341c501b53ef0115724cb3a3970b-200wi.jpg\" style=\"margin: 0px 5px 5px 0px; width: 200px;\" \/><\/a> Combien de temps passez-vous sur les blogs des autres ?<\/strong><\/p>\n<p>Une vingtaine de minutes par jour.<\/p>\n<p><strong>Quels sont ceux dont vous \u00eates fan ?<\/strong><\/p>\n<p>On n&#39;a pas vraiment la fan-attitude, mais on va souvent jeter un oeil chez <a href=\"http:\/\/www.sylvain-euriot.com\/blog\" target=\"_blank\">Sylvain Euriot<\/a>, <a href=\"http:\/\/julieja.over-blog.com\/\" target=\"_blank\">Julie-Ja<\/a>, <a href=\"http:\/\/www.bouletcorp.com\/blog\/\" target=\"_blank\">Boulet<\/a>, <a href=\"http:\/\/www.obion.fr\/\" target=\"_blank\">Obion<\/a>. On appr\u00e9ciait aussi beaucoup le travail de <a href=\"http:\/\/lesbiblographies.canalblog.com\/\" target=\"_blank\">Aieraspootine<\/a>.<\/p>\n<p><strong>Avez-vous fait des rencontres gr\u00e2ce aux blogs ?<\/strong><\/p>\n<p><a href=\"http:\/\/www.procrastin.fr\/blog\/\" target=\"_blank\">Procrastin<\/a> avec qui nous travaillons de temps en temps, et quelques lecteurs que l&#39;on croise parfois en d\u00e9dicace.<\/p>\n<p><strong>Etes-vous sensibles aux commentaires ?<\/strong><\/p>\n<p>C&#39;est toujours int\u00e9ressant d&#39;avoir un point de vue externe sur notre travail. On aime les avis constructifs, qu&#39;ils soient positifs ou n\u00e9gatifs.<\/p>\n<div style=\"text-align: center;\"><a href=\"http:\/\/yannicklejeune.blogs.com\/.a\/6a00d8341c501b53ef0115724cb34e970b-popup\" onclick=\"window.open( this.href, &#39;_blank&#39;, &#39;width=640,height=480,scrollbars=no,resizable=no,toolbar=no,directories=no,location=no,menubar=no,status=no,left=0,top=0&#39; ); return false\" style=\"display: inline;\"><img decoding=\"async\" alt=\"09.06.06\" class=\"at-xid-6a00d8341c501b53ef0115724cb34e970b \" src=\"https:\/\/www.wedobd.com\/wp-content\/uploads\/2009\/08\/6a00d8341c501b53ef0115724cb34e970b-500wi.gif\" \/><\/a> <\/div>\n<p><strong>Pour vous, quels sont les points forts du blog et de la BD en ligne ?<\/strong><\/p>\n<p>Une &quot;publication&quot; \u00e0 peu de frais, une interactivit\u00e9 int\u00e9ressante avec les lecteurs.<\/p>\n<p><strong>Et les points faibles ?<\/strong><\/p>\n<p>Cela peut entra\u00eener une logique d&#39;addiction, de consommation rapide et gratuite, pour des choses qui le plus souvent ont \u00e9t\u00e9 faites gracieusement et ont pris du temps. \u00c7a peut pousser \u00e9galement des \u00e9diteurs \u00e0 ne pas prendre trop de risques en publiant juste des blogs \u00e0 succ\u00e8s. C&#39;est dommage.&#0160; <\/p>\n<p><strong>Comment pensez-vous que la blogosph\u00e8re BD va \u00e9voluer ?<\/strong><\/p>\n<p>Peut-\u00eatre en arrivant \u00e0 d\u00e9passer l&#39;effet de mode des &quot;blogs&quot; et en aboutissant \u00e0 des choses plus modestes, qui touchent plus \u00e0 l&#39;imaginaire qu&#39;\u00e0 la vie quotidienne. Beaucoup de gens racontent la m\u00eame chose et finissent par tourner en rond.<br \/><strong><br \/><a href=\"http:\/\/yannicklejeune.blogs.com\/.a\/6a00d8341c501b53ef011571585ea0970c-popup\" onclick=\"window.open( this.href, &#39;_blank&#39;, &#39;width=640,height=480,scrollbars=no,resizable=no,toolbar=no,directories=no,location=no,menubar=no,status=no,left=0,top=0&#39; ); return false\" style=\"float: right;\"><img decoding=\"async\" alt=\"Wapiti 266 - Abeille vulgos\" class=\"at-xid-6a00d8341c501b53ef011571585ea0970c \" src=\"https:\/\/www.wedobd.com\/wp-content\/uploads\/2009\/08\/6a00d8341c501b53ef011571585ea0970c-200wi.jpg\" style=\"margin: 0px 0px 5px 5px; width: 200px;\" \/><\/a> Pensez-vous que les gens vont de plus en plus lire de BD en ligne ?<\/strong><\/p>\n<p>Aucune id\u00e9e. Les diff\u00e9rentes initiatives de BD en ligne ne nous passionnent pas. Personnellement, on pr\u00e9f\u00e8re encore le papier. Mais si les BD ne sont pas de simples transpositions et sont cr\u00e9\u00e9es expr\u00e8s pour le format, un peu comme ce que pr\u00e9voit de faire Trondheim, \u00e7a peut \u00eatre amusant. \u00c7a d\u00e9pend surtout du contenu. Tout n&#39;est pas adapt\u00e9 \u00e0 la lecture en ligne.<\/p>\n<p><strong>De mani\u00e8re g\u00e9n\u00e9rale, pensez-vous que la BD num\u00e9rique (\u00e0 lire sur le web, sur iPhone, sur PSP&#8230;) pourrait nuire \u00e0 la BD papier ?<\/strong><\/p>\n<p>Pas vraiment. C&#39;est plut\u00f4t une histoire d&#39;\u00e9ducation en g\u00e9n\u00e9ral. Si les gamins ne jurent que par le num\u00e9rique, il sera peut-\u00eatre plus difficile de les amener au papier.<\/p>\n<p><strong>O\u00f9 peut-on voir votre travail en dehors des blogs ?<\/strong><\/p>\n<p>En librairie&#8230; Et parfois en kiosque, car on illustre souvent pour Milan Presse (surtout Wapiti). Et puis dans des domaines qui touchen<br \/>\nt \u00e0 la communication d&#39;entreprises ou d&#39;administrations, qu&#39;il s&#39;agisse d&#39;affiches, de plaquettes publicitaires ou p\u00e9dagogiques&#8230; Enfin, comme \u00e9voqu\u00e9 pr\u00e9c\u00e9demment, sur le site d&#39;info Mediapart, chez qui on h\u00e9berge <a href=\"http:\/\/www.mediapart.fr\/club\/blog\/peb-et-fox\" target=\"_blank\">un blog de dessin de presse<\/a>.<\/p>\n<p><strong>Avez-vous des albums ? Pouvez-vous nous les pr\u00e9senter ?<\/strong><\/p>\n<p>La derni\u00e8re sortie est La Fabrique, aux \u00e9ditions Paquet, qui raconte sous forme de gags en une page le quotidien d&#39;un patron absurdement m\u00e9chant et de ses employ\u00e9s; c&#39;est une critique l\u00e9g\u00e8re et humoristique de certaines aberrations \u00e9conomiques. Nous avions sorti \u00e9galement Ouf! chez Diantre! en mars dernier, une petite aventure de pingouins pour les enfants. Et puis en septembre, peut-\u00eatre \u00e0 temps pour le Festiblog, sortira aussi chez Diantre! Le P\u00e8re No : des strips d&#39;un p\u00e8re No\u00ebl grincheux qui hait les enfants et redoute plus que tout d&#39;aller \u00e0 son seul jour de travail annuel.<\/p>\n<p><strong>Qu&#39;attendez-vous de votre venue au Festiblog ?<\/strong><\/p>\n<p>Des rencontres sympa ! Qu&#39;il s&#39;agisse de lecteurs qui nous connaissent ou nous d\u00e9couvrent.<\/p>\n<p><strong>Parlez-nous d&#39;un truc qui n&#39;a rien \u00e0 voir avec la BD et que vous aimez ?<\/strong><\/p>\n<p>Euuh&#8230; la musique. Mais-est ce que cela va vraiment int\u00e9resser les gens?<\/p>\n<div style=\"text-align: center;\"><a href=\"http:\/\/yannicklejeune.blogs.com\/.a\/6a00d8341c501b53ef011571585ecb970c-popup\" onclick=\"window.open( this.href, &#39;_blank&#39;, &#39;width=640,height=480,scrollbars=no,resizable=no,toolbar=no,directories=no,location=no,menubar=no,status=no,left=0,top=0&#39; ); return false\" style=\"display: inline;\"><img decoding=\"async\" alt=\"09.02.04\" class=\"at-xid-6a00d8341c501b53ef011571585ecb970c \" src=\"https:\/\/www.wedobd.com\/wp-content\/uploads\/2009\/08\/6a00d8341c501b53ef011571585ecb970c-500wi.gif\" \/><\/a> <\/div>\n<p><strong>Un dernier mot ?<\/strong><\/p>\n<p>Soyez critiques \ud83d\ude42 <\/p>\n","protected":false},"excerpt":{"rendered":"<p>Encore un duo d&#8217;auteurs au Festiblog cette ann\u00e9e. Il s&#8217;agit de peb &#038; fox, invit\u00e9s 34 et 35 qui nous font le plaisir de venir d\u00e9dicacer pour la premi\u00e8re fois chez nous. Merci \u00e0 eux d&#8217;avoir r\u00e9pondu pr\u00e9sent.<\/p>\n","protected":false},"author":4,"featured_media":0,"comment_status":"open","ping_status":"open","sticky":false,"template":"","format":"standard","meta":{"footnotes":""},"categories":[26,47],"tags":[553],"class_list":["post-1286","post","type-post","status-publish","format-standard","hentry","category-02-le-festival-de-2005-a-2013","category-03-interviews-de-blogueurs-bd","tag-peb-fox"],"_links":{"self":[{"href":"https:\/\/www.wedobd.com\/index.php?rest_route=\/wp\/v2\/posts\/1286","targetHints":{"allow":["GET"]}}],"collection":[{"href":"https:\/\/www.wedobd.com\/index.php?rest_route=\/wp\/v2\/posts"}],"about":[{"href":"https:\/\/www.wedobd.com\/index.php?rest_route=\/wp\/v2\/types\/post"}],"author":[{"embeddable":true,"href":"https:\/\/www.wedobd.com\/index.php?rest_route=\/wp\/v2\/users\/4"}],"replies":[{"embeddable":true,"href":"https:\/\/www.wedobd.com\/index.php?rest_route=%2Fwp%2Fv2%2Fcomments&post=1286"}],"version-history":[{"count":1,"href":"https:\/\/www.wedobd.com\/index.php?rest_route=\/wp\/v2\/posts\/1286\/revisions"}],"predecessor-version":[{"id":4597,"href":"https:\/\/www.wedobd.com\/index.php?rest_route=\/wp\/v2\/posts\/1286\/revisions\/4597"}],"wp:attachment":[{"href":"https:\/\/www.wedobd.com\/index.php?rest_route=%2Fwp%2Fv2%2Fmedia&parent=1286"}],"wp:term":[{"taxonomy":"category","embeddable":true,"href":"https:\/\/www.wedobd.com\/index.php?rest_route=%2Fwp%2Fv2%2Fcategories&post=1286"},{"taxonomy":"post_tag","embeddable":true,"href":"https:\/\/www.wedobd.com\/index.php?rest_route=%2Fwp%2Fv2%2Ftags&post=1286"}],"curies":[{"name":"wp","href":"https:\/\/api.w.org\/{rel}","templated":true}]}}