{"id":1292,"date":"2009-07-29T00:01:00","date_gmt":"2009-07-28T22:01:00","guid":{"rendered":"https:\/\/www.wedobd.com\/?p=1292"},"modified":"2025-09-29T15:03:38","modified_gmt":"2025-09-29T13:03:38","slug":"interview-2009-clotka","status":"publish","type":"post","link":"https:\/\/www.wedobd.com\/?p=1292","title":{"rendered":"Invit\u00e9e 2009 #28 : Clotka"},"content":{"rendered":"<p>Notre 28\u00e8me invit\u00e9e est une habitu\u00e9e du festival, pilier de l&#39;incontournable blog collectif <a href=\"http:\/\/www.blogdamned.com\/\" target=\"_blank\">Damned<\/a> et elle a \u00e9galement ouvert un blog plus personnel cette ann\u00e9e. Voici <a href=\"http:\/\/clotka.blogspot.com\/\" target=\"_blank\">Clotka<\/a> :<\/p>\n<p style=\"text-align: center;\"><a href=\"http:\/\/yannicklejeune.blogs.com\/.a\/6a00d8341c501b53ef0115713a25ea970c-popup\" onclick=\"window.open( this.href, &#39;_blank&#39;, &#39;width=640,height=480,scrollbars=no,resizable=no,toolbar=no,directories=no,location=no,menubar=no,status=no,left=0,top=0&#39; ); return false\" style=\"display: inline;\"><img decoding=\"async\" alt=\"Festiblog-interview2009\" class=\"at-xid-6a00d8341c501b53ef0115713a25ea970c \" src=\"https:\/\/www.wedobd.com\/wp-content\/uploads\/2009\/07\/6a00d8341c501b53ef0115713a25ea970c-500wi.jpg\" \/><\/a> <\/p>\n<p><strong>Peux-tu rappeler \u00e0 nos lecteurs qui tu es ?<\/strong><\/p>\n<p>Clotka, chef d&#39;\u00e9quipe chez <a href=\"http:\/\/www.blogdamned.com\/\" target=\"_blank\">Damned!<\/a> inc.<\/p>\n<p><strong>Quoi de neuf dans ta carri\u00e8re et tes projets depuis ta derni\u00e8re participation ?<\/strong><\/p>\n<p>En 2008, je vous avais dit (un peu en l&#39;air) que je serai dans les bacs en 2009, eh ben jvous avais pas menti ! En juin, j&#39;ai publi\u00e9 un album : Les \u00e9quilibres Instables (chez les Enfants rouges), avec <a href=\"http:\/\/www.loicdauvillier.com\/\" target=\"_blank\">Lo\u00efc Dauvillier<\/a> au sc\u00e9nario. C&#39;est tr\u00e8s bien, je vous le conseille.<\/p>\n<div style=\"text-align: center;\"><a href=\"http:\/\/yannicklejeune.blogs.com\/.a\/6a00d8341c501b53ef0115722eb0e3970b-popup\" onclick=\"window.open( this.href, &#39;_blank&#39;, &#39;width=640,height=480,scrollbars=no,resizable=no,toolbar=no,directories=no,location=no,menubar=no,status=no,left=0,top=0&#39; ); return false\" style=\"display: inline;\"><img decoding=\"async\" alt=\"Clotka\" class=\"at-xid-6a00d8341c501b53ef0115722eb0e3970b \" src=\"https:\/\/www.wedobd.com\/wp-content\/uploads\/2009\/07\/6a00d8341c501b53ef0115722eb0e3970b-500wi.jpg\" \/><\/a> <\/div>\n<p><strong><br \/>Ton blog a-t-il \u00e9volu\u00e9 depuis l\u2019ann\u00e9e derni\u00e8re ?<\/strong><\/p>\n<p>Pas beaucoup, mais j&#39;en ai ouvert un 2e, avec plus d&#39;illustrations et d&#39;extraits de l&#39;album : <a href=\"http:\/\/clotka.blogspot.com\/\" target=\"_blank\">http:\/\/clotka.blogspot.com<\/a> Ah oui si, et j&#39;ai d\u00e9couvert la tablette graphique, c&#39;est magique ! (\u00e7a fait pas plus de notes, mais c&#39;est plus rapide)<\/p>\n<p><strong>Quelle est ta vision de la blogosph\u00e8re BD en 2009 ?<\/strong><\/p>\n<p>J&#39;ai comme l&#39;impression que ya un milliard de fois plus de blogs bd qu&#39;avant !! mais c&#39;est cool, ya quelques trucs chouettes. Pas assez&#8230;<\/p>\n<p><strong>Quel est ton point de vue sur la BD num\u00e9rique cette ann\u00e9e ?<\/strong><\/p>\n<p>La m\u00eame que l&#39;ann\u00e9e derni\u00e8re ! je sais plus ce que j&#39;avais dit, mais c&#39;\u00e9tait s\u00fbrement tr\u00e8s intelligent.<\/p>\n<p><strong><a href=\"http:\/\/yannicklejeune.blogs.com\/.a\/6a00d8341c501b53ef0115713a2b84970c-popup\" onclick=\"window.open( this.href, &#39;_blank&#39;, &#39;width=640,height=480,scrollbars=no,resizable=no,toolbar=no,directories=no,location=no,menubar=no,status=no,left=0,top=0&#39; ); return false\" style=\"float: right;\"><img decoding=\"async\" alt=\"Nana-bar\" class=\"at-xid-6a00d8341c501b53ef0115713a2b84970c \" src=\"https:\/\/www.wedobd.com\/wp-content\/uploads\/2009\/07\/6a00d8341c501b53ef0115713a2b84970c-200wi.jpg\" style=\"margin: 0px 0px 5px 5px; width: 200px;\" \/><\/a> Qu&#39;est-ce qui te motive personnellement \u00e0 cr\u00e9er en ligne ?<\/strong><\/p>\n<p>La spontan\u00e9it\u00e9 des notes et du dessin par la m\u00eame occasion, et les retours directs des lecteurs.<\/p>\n<p><strong>As-tu des chouchous en blogs BD ou en webcomics ?<\/strong><\/p>\n<p>Oui, toujours plus ou moins les m\u00eames je crois&#8230; <a href=\"http:\/\/bastienvives.blogspot.com\/\" target=\"_blank\">Bastien Viv\u00e8s<\/a>, <a href=\"http:\/\/erwann.surcouf.free.fr\/blog\/dotclear\/\" target=\"_blank\">Erwann surcouf<\/a>, <a href=\"http:\/\/aseyn.canalblog.com\/\" target=\"_blank\">Aseyn<\/a>, <a href=\"http:\/\/www.thomasmathieu.com\/\" target=\"_blank\">Thomas Mathieu<\/a>, <a href=\"http:\/\/lommsek.blogspot.com\/\" target=\"_blank\">Lommsek<\/a>, <a href=\"http:\/\/ultimex.over-blog.com\/\" target=\"_blank\">Ultimex<\/a>, <a href=\"http:\/\/tumourrasmoinsbete.blogspot.com\/\" target=\"_blank\">Marion Montaigne<\/a>&#8230;<\/p>\n<p><strong>Quel est ton meilleur souvenir des pr\u00e9c\u00e9dents Festiblogs ?<\/strong><\/p>\n<p>La pr\u00e9sence du <a href=\"http:\/\/www.dailymotion.com\/CGGCBBDFF\" target=\"_blank\">CCBDFGHDB<\/a> \u00e9videmment.<\/p>\n<p><strong>Un mot pour ceux qui vont venir te voir ?<\/strong><\/p>\n<p>Bien s\u00fbr !<\/p>\n<p><strong>Parle-nous d&#39;un truc qui te plait mais qui n&#39;a rien \u00e0 voir avec la BD ?<\/strong><\/p>\n<p>L&#39;\u00e9pop\u00e9e. Une \u00e9pop\u00e9e est un long po\u00e8me d\u2019envergure nationale narrant les exploits historiques ou mythiques d\u2019un h\u00e9ros ou d\u2019un peuple. Le mot lui-m\u00eame est issu du grec ancien epopoiia (de(epos), le r\u00e9cit ou les paroles d\u2019un chant,(poiein), faire, cr\u00e9er) et d\u00e9signe &quot;l\u2019action de faire un r\u00e9cit&quot;. On parle \u00e9galement de tonalit\u00e9 \u00e9pique, ou de registre \u00e9pique, pour des \u0153uvres non po\u00e9tiques, ou des po\u00e8mes brefs dont le style et la th\u00e9matique sont proches de l\u2019\u00e9pop\u00e9e. Le terme d\u2019\u00e9pop\u00e9e peut, par extension, renvoyer \u00e0 une suite de hauts-faits militaires et \u00e0 la litt\u00e9rature qui y est relative. On parle ainsi par exemple d\u2019\u00e9pop\u00e9e napol\u00e9onienne. Par extension \u00e9galement, un grand nombre de po\u00e8mes particuli\u00e8rement longs, comme Evang\u00e9line de Longfellow ou la Divine Com\u00e9die, sont qualifi\u00e9es d\u2019\u00e9pop\u00e9es, bien que ne correspondant pas n\u00e9cessairement aux caract\u00e9ristiques traditionnelles du genre. De m\u00eame, de nombreux textes, po\u00e8mes ou romans, \u00e0 l\u2019instar du genji monogatari, ont pu \u00eatre dits \u00e9piques en raison de leur dimension fondatrice ou de leur importance majeure dans la culture d\u2019un peuple.<br \/><strong><br \/>Quelque chose \u00e0 ajouter ?<\/strong><\/p>\n<p>joie&#0160;<\/p>\n<p style=\"text-align: center;\"><a href=\"http:\/\/yannicklejeune.blogs.com\/.a\/6a00d8341c501b53ef0115722eb18e970b-popup\" onclick=\"window.open( this.href, &#39;_blank&#39;, &#39;width=640,height=480,scrollbars=no,resizable=no,toolbar=no,directories=no,location=no,menubar=no,status=no,left=0,top=0&#39; ); return false\" style=\"display: inline;\"><img decoding=\"async\" alt=\"Anime-festiblog2009-72dp\" class=\"at-xid-6a00d8341c501b53ef0115722eb18e970b \" src=\"https:\/\/www.wedobd.com\/wp-content\/uploads\/2009\/07\/6a00d8341c501b53ef0115722eb18e970b-500wi.gif\" \/><\/a> <\/p>\n","protected":false},"excerpt":{"rendered":"<p>Notre 28\u00e8me invit\u00e9e est une habitu\u00e9e du festival, pilier de l&#8217;incontournable blog collectif Damned et elle a \u00e9galement ouvert un blog plus personnel cette ann\u00e9e. Voici Clotka.<\/p>\n","protected":false},"author":4,"featured_media":0,"comment_status":"open","ping_status":"open","sticky":false,"template":"","format":"standard","meta":{"footnotes":""},"categories":[26,47],"tags":[418,505],"class_list":["post-1292","post","type-post","status-publish","format-standard","hentry","category-02-le-festival-de-2005-a-2013","category-03-interviews-de-blogueurs-bd","tag-clotka","tag-damned"],"_links":{"self":[{"href":"https:\/\/www.wedobd.com\/index.php?rest_route=\/wp\/v2\/posts\/1292","targetHints":{"allow":["GET"]}}],"collection":[{"href":"https:\/\/www.wedobd.com\/index.php?rest_route=\/wp\/v2\/posts"}],"about":[{"href":"https:\/\/www.wedobd.com\/index.php?rest_route=\/wp\/v2\/types\/post"}],"author":[{"embeddable":true,"href":"https:\/\/www.wedobd.com\/index.php?rest_route=\/wp\/v2\/users\/4"}],"replies":[{"embeddable":true,"href":"https:\/\/www.wedobd.com\/index.php?rest_route=%2Fwp%2Fv2%2Fcomments&post=1292"}],"version-history":[{"count":2,"href":"https:\/\/www.wedobd.com\/index.php?rest_route=\/wp\/v2\/posts\/1292\/revisions"}],"predecessor-version":[{"id":4882,"href":"https:\/\/www.wedobd.com\/index.php?rest_route=\/wp\/v2\/posts\/1292\/revisions\/4882"}],"wp:attachment":[{"href":"https:\/\/www.wedobd.com\/index.php?rest_route=%2Fwp%2Fv2%2Fmedia&parent=1292"}],"wp:term":[{"taxonomy":"category","embeddable":true,"href":"https:\/\/www.wedobd.com\/index.php?rest_route=%2Fwp%2Fv2%2Fcategories&post=1292"},{"taxonomy":"post_tag","embeddable":true,"href":"https:\/\/www.wedobd.com\/index.php?rest_route=%2Fwp%2Fv2%2Ftags&post=1292"}],"curies":[{"name":"wp","href":"https:\/\/api.w.org\/{rel}","templated":true}]}}