{"id":1295,"date":"2009-07-26T01:01:00","date_gmt":"2009-07-25T23:01:00","guid":{"rendered":"https:\/\/www.wedobd.com\/?p=1295"},"modified":"2025-09-29T15:48:56","modified_gmt":"2025-09-29T13:48:56","slug":"interview-2009-faz","status":"publish","type":"post","link":"https:\/\/www.wedobd.com\/?p=1295","title":{"rendered":"invit\u00e9 2009 #25 : Faz"},"content":{"rendered":"<p>Notre 25\u00e8me invit\u00e9 est un papa blogueur dont les aventures animent r\u00e9guli\u00e8rement la toile depuis 1 an. Bienvenue \u00e0 <a href=\"http:\/\/super-papa.blogspot.com\/\" target=\"_blank\">Faz<\/a> aka Super Papa.<\/p>\n<p style=\"text-align: center;\"><a href=\"http:\/\/yannicklejeune.blogs.com\/.a\/6a00d8341c501b53ef0115721e752d970b-popup\" onclick=\"window.open( this.href, &#39;_blank&#39;, &#39;width=640,height=480,scrollbars=no,resizable=no,toolbar=no,directories=no,location=no,menubar=no,status=no,left=0,top=0&#39; ); return false\" style=\"display: inline;\"><img decoding=\"async\" alt=\"Festiblog\" class=\"at-xid-6a00d8341c501b53ef0115721e752d970b \" src=\"https:\/\/www.wedobd.com\/wp-content\/uploads\/2009\/07\/6a00d8341c501b53ef0115721e752d970b-500wi.jpg\" \/><\/a> <\/p>\n<p><strong>Qui es-tu ?<\/strong><\/p>\n<p>Mon vrai nom est Fran\u00e7ois Iglesias. Je suis le fils cach\u00e9 de Julio Iglesias et de Dalida. Je sais les gens rient souvent quand je leur raconte \u00e7a mais c\u2019est vrai\u2026 d\u00e9sol\u00e9 ! Alors pour ne pas faire de l\u2019ombre \u00e0 Julio, j\u2019ai d\u00e9cid\u00e9 de changer de nom et de m\u2019appeler Faz.<\/p>\n<p><strong>Comment as-tu commenc\u00e9 \u00e0 dessiner ?<\/strong><\/p>\n<p>Je me souviens d\u2019une image : moi dessinant un goldorak sur une table d\u2019\u00e9cole en primaire. Le dessin \u00e9tait rat\u00e9 mais pas la mandale que je me suis prise apr\u00e8s par le ma\u00eetre d\u2019\u00e9cole.<\/p>\n<p><strong>As-tu suivi une formation ?<\/strong><\/p>\n<p>Non \u2013 qui a dit au fond que \u00e7a se voit ?!!<\/p>\n<p><strong><a href=\"http:\/\/yannicklejeune.blogs.com\/.a\/6a00d8341c501b53ef0115712a06ca970c-popup\" onclick=\"window.open( this.href, &#39;_blank&#39;, &#39;width=640,height=480,scrollbars=no,resizable=no,toolbar=no,directories=no,location=no,menubar=no,status=no,left=0,top=0&#39; ); return false\" style=\"float: right;\"><img decoding=\"async\" alt=\"Superpapajoue\" class=\"at-xid-6a00d8341c501b53ef0115712a06ca970c \" src=\"https:\/\/www.wedobd.com\/wp-content\/uploads\/2009\/07\/6a00d8341c501b53ef0115712a06ca970c-200wi.jpg\" style=\"margin: 0px 0px 5px 5px; width: 200px;\" \/><\/a> Peux-tu pr\u00e9senter ton blog ?<\/strong><\/p>\n<p>Je peux le faire ! \u00ab <a href=\"http:\/\/super-papa.blogspot.com\/\" target=\"_blank\">les aventures de super-papa<\/a> \u00bb est le journal intime d\u2019un papa c\u00e9libataire (moi !) qui vit de temps en temps avec sa fille. Je voulais graver sur papier comme on grave sur la pierre de l\u2019amour les jeunes ann\u00e9es de ma fille que je consid\u00e8re comme la plus grande artiste du monde. Je voulais aussi montrer mon quotidien et les petits tracas qu\u2019on peut avoir lorsqu\u2019on a mont\u00e9 5 \u00e9tages avec des sacs de course et un enfant de 17 kilos (oups 18 maintenant !!!) sur le dos !<\/p>\n<p><strong>Pourquoi as-tu commenc\u00e9 \u00e0 bloguer ?<\/strong><\/p>\n<p>Pour montrer mon travail. Pour m\u2019obliger \u00e0 dessiner parce que je suis assez fain\u00e9ant quand m\u00eame. Pour graver sur la pierre de l\u2019a\u2026 mouais enfin je l\u2019ai d\u00e9j\u00e0 dit \u00e7a !<\/p>\n<p><strong>Quel public voulais-tu rencontrer ?<\/strong><\/p>\n<p>Tout amateur de bande-dessin\u00e9es, je suppose\u2026<\/p>\n<p><strong>Et finalement qui sont tes lecteurs ?<\/strong><\/p>\n<p>Des stars du changement de couches en moins de 2,30 mn et des blogueurs BD !<\/p>\n<p><strong>Combien de temps passes-tu en moyenne sur tes notes ?<\/strong><\/p>\n<p>2 heures par semaine\u2026 c\u2019est peu et j\u2019aimerais en faire plus. Je culpabilise \u00e0 mort de ne pas en faire plus\u2026<\/p>\n<p><strong>Est-ce que ce sont des dessins sp\u00e9cialement faits pour le blog ?<\/strong><\/p>\n<p>Oui.<\/p>\n<p><strong>Avec quoi dessines-tu ?<\/strong><\/p>\n<p>Des cahiers de dessin pas cher, des bics, des crayons, des feutres et une petite palette pour faire des couleurs.<\/p>\n<p><strong>Quelles sont tes influences graphiques ?<\/strong><\/p>\n<p>Je commencerais par les dessinateurs du pal\u00e9olithique et puis <a href=\"http:\/\/www.lewistrondheim.com\/\" target=\"_blank\">Lewis Trondheim<\/a>, <a href=\"http:\/\/www.zeporama.com\/\" target=\"_blank\">Zep<\/a>, <a href=\"http:\/\/nobfactory.blogspot.com\/\" target=\"_blank\">Nob<\/a>, <a href=\"http:\/\/www.systeme-david.com\/\" target=\"_blank\">David De thuin<\/a>, <a href=\"http:\/\/lisamandel.net\/\" target=\"_blank\">Lisa Mandel<\/a>, <a href=\"http:\/\/www.audepicault.com\/\" target=\"_blank\">Aude Picault<\/a>, <a href=\"http:\/\/www.byrnerobotics.com\/\" target=\"_blank\">John Byrne<\/a>, Wattersson, Picasso\u2026<br \/><strong><br \/>Combien de temps passes-tu sur les blogs des autres ?<\/strong><\/p>\n<p>De 1 \u00e0 2 heures par semaine.<\/p>\n<p><strong>Quels sont ceux dont tu es fan ?<\/strong><\/p>\n<p>Je vais dire des banalit\u00e9s : <a href=\"http:\/\/obion.fr\/\" target=\"_blank\">Obion<\/a>, <a href=\"http:\/\/missgally.com\/blog\/\" target=\"_blank\">Gally<\/a>, <a href=\"http:\/\/www.penelope-jolicoeur.com\/\" target=\"_blank\">Penelope Jolicoeur<\/a>, <a href=\"http:\/\/lillablog.over-blog.com\/\" target=\"_blank\">le blog de Lilla<\/a>, <a href=\"http:\/\/www.bouletcorp.com\/blog\/\" target=\"_blank\">Boulet<\/a>, <a href=\"http:\/\/blog-de-vincent.blogspot.com\/\" target=\"_blank\">le blog de Vincent<\/a>\u2026<br \/><strong><br \/><a href=\"http:\/\/yannicklejeune.blogs.com\/.a\/6a00d8341c501b53ef0115721e8764970b-popup\" onclick=\"window.open( this.href, &#39;_blank&#39;, &#39;width=640,height=480,scrollbars=no,resizable=no,toolbar=no,directories=no,location=no,menubar=no,status=no,left=0,top=0&#39; ); return false\" style=\"float: left;\"><img decoding=\"async\" alt=\"Vacances\" class=\"at-xid-6a00d8341c501b53ef0115721e8764970b \" src=\"https:\/\/www.wedobd.com\/wp-content\/uploads\/2009\/07\/6a00d8341c501b53ef0115721e8764970b-200wi.jpg\" style=\"margin: 0px 5px 5px 0px; width: 200px;\" \/><\/a> As-tu fait des rencontres gr\u00e2ce aux blogs ?<\/strong><\/p>\n<p>Pas vraiment. J\u2019ai commenc\u00e9 le blog il y a 1 an alors \u00e7a commence tout doucement mais j\u2019ai des internautes r\u00e9guliers qui laissent des commentaires\u2026 le d\u00e9but de la gloire en somme.<\/p>\n<p><strong>Es-tu sensible aux commentaires ?<\/strong><\/p>\n<p>\u00c9norm\u00e9ment ! Parfois \u00e7a me touche quand un post n\u2019a pas \u00e9t\u00e9 bien compris et que des commentaires ne refl\u00e8tent pas ce que j\u2019ai voulu dire. Mais je me dis que bon les gens pensent ce qu\u2019ils veulent.<\/p>\n<p><strong>Pour toi, quels sont les points forts du blog et de la BD en ligne ?<\/strong><\/p>\n<p>L\u2019accessibilit\u00e9. Tout le monde peut avoir un blog. On peut y d\u00e9couvrir de nouveaux talents&#8230;<\/p>\n<p><strong>Et les points faibles ?<\/strong><\/p>\n<p>Comme le blog est accessible \u00e0 tout le monde, on peut aussi y d\u00e9couvrir des talents pas bien du tout\u2026 mais c\u2019est pas bien grave tant que les gens s&#39;expriment&#8230;<\/p>\n<p><strong>Comment penses-tu que la blogosph\u00e8re BD va \u00e9voluer ?<\/strong><\/p>\n<p>Le pire seraient que les blogs soient payants. Le bien seraient que je sois pay\u00e9 ! Et le top du top serait qu&#39;on y trouve de vrais projets adapt\u00e9s \u00e0 la toile ou \u00e0 sa technologie. J&#39;ai plein d&#39;id\u00e9es dans ce sens mais, hey, ho, j&#39;ai pas le temps de tout faire, MOI !!! J&#39;ai une gamine \u00e0 nourrir&#8230; roooo !<br \/><strong><br \/>Penses-tu que les gens vont de plus en plus lire de BD en ligne ?<\/strong><\/p>\n<p>Oui parce que c&#39;est vachement bien de pouvoir lire des BD au boulot !<\/p>\n<p><strong>De mani\u00e8re g\u00e9n\u00e9rale, penses-tu que la BD num\u00e9rique (\u00e0 lire sur le web, sur iPhone, sur PSP&#8230;) pourrait nuire \u00e0 la BD papier ?<\/strong><\/p>\n<p>Bizarrement la BD est un m\u00e9dium qui trouve toute sa quintescence (ooohh) dans le format papier\u2026 pour moi en tout cas. M\u00eame le blog de Boulet a un r\u00e9elle valeur ajout\u00e9e dans le format de notes publi\u00e9es r\u00e9cemment parce que c\u2019est ma culture de b\u00e9d\u00e9phile. Et puis j\u2019aime tourner les pages, me faire surprendre par les ellipses, voir les dessins imprim\u00e9s, scotcher sur une case, etc. Mais il est possible de d\u00e9velopper de r\u00e9elles choses pour le web. Les japonais le prouvent d\u2019ailleurs en d\u00e9veloppant des projets mangas sp\u00e9cialement pour la toile et tous les Blogueurs francophones. Je pense d\u2019ailleurs d\u00e9velopper un autre blog avec des BD pour enfants. Je ne pense pas que la BD num\u00e9rique nuise au format papier mais ce sont les contraintes du format papier elles-m\u00eames qui sont nuisibles. Pour moi, une BD traditionnelle est ch\u00e8re, pas le web ; Les auteurs publi\u00e9s sont souvent toujours les m\u00eames alors que des auteurs de talent publient sur internet sans aucune contraintes et en toute libert\u00e9 de forme, de style, etc. <a href=\"http:\/\/www.fabri\ncetarrin.com\/blog\/\" target=\"_blank\">Tarrin<\/a> est plus une star de la BD avec son blog qu\u2019avec Violine \u00e0 mon sens\u2026 tout comme Boulet.<\/p>\n<p><strong>O\u00f9 peut-on voir ton travail en dehors des blogs ?<\/strong><\/p>\n<p>Bah, on peut pas parce qu\u2019il n\u2019y en pas !!!<\/p>\n<p><strong>As-tu des albums ? Peux-tu nous les pr\u00e9senter ?<\/strong><\/p>\n<p>Pas d\u2019albums\u2026 merci de remuer le couteau dans la plaie les gars !!!<\/p>\n<p><strong>Qu&#39;attends-tu de ta venue au Festiblog ?<\/strong><\/p>\n<p>1)De rencontrer des gens super sympa et de faire des supers d\u00e9dicaces rigolotes pour tout le monde !<br \/>2)De trouver un \u00e9diteur gentil, compr\u00e9hensif, admiratif de mon travail, qui me file un contrat et fasse de moi l\u2019homme le plus riche apr\u00e8s Zep (et Julio Iglesias)<br \/>3)\u2026 De faire un bisou \u00e0 <a href=\"http:\/\/www.penelopebagieu.fr\/\" target=\"_blank\">P\u00e9n\u00e9lope Bagieu<\/a>\u2026<\/p>\n<p><strong>Parle-nous d&#39;un truc qui n&#39;a rien \u00e0 voir avec la BD et que tu aimes ?<\/strong><\/p>\n<p>J\u2019aime bien les frites mais pas trop sinon \u00e7a fait grossir, et puis c\u2019est gras et puis la friture \u00e7a schlingue quand m\u00eame\u2026 en fait je crois que j\u2019aime pas les frites !<\/p>\n<p><strong>Un dernier mot ?<\/strong><\/p>\n<p>Supercalifragili-stisexpialidocious !&#0160;<\/p>\n<p style=\"text-align: center;\"><a href=\"http:\/\/yannicklejeune.blogs.com\/.a\/6a00d8341c501b53ef0115712a071a970c-popup\" onclick=\"window.open( this.href, &#39;_blank&#39;, &#39;width=640,height=480,scrollbars=no,resizable=no,toolbar=no,directories=no,location=no,menubar=no,status=no,left=0,top=0&#39; ); return false\" style=\"display: inline;\"><img decoding=\"async\" alt=\"Pinceaux\" class=\"at-xid-6a00d8341c501b53ef0115712a071a970c \" src=\"https:\/\/www.wedobd.com\/wp-content\/uploads\/2009\/07\/6a00d8341c501b53ef0115712a071a970c-500wi.jpg\" \/><\/a> <\/p>\n","protected":false},"excerpt":{"rendered":"<p>Notre 25\u00e8me invit\u00e9 est un papa blogueur dont les aventures animent r\u00e9guli\u00e8rement la toile depuis 1 an. Bienvenue \u00e0 Faz aka Super Papa.<\/p>\n","protected":false},"author":4,"featured_media":0,"comment_status":"open","ping_status":"open","sticky":false,"template":"","format":"standard","meta":{"footnotes":""},"categories":[26,47],"tags":[558,559],"class_list":["post-1295","post","type-post","status-publish","format-standard","hentry","category-02-le-festival-de-2005-a-2013","category-03-interviews-de-blogueurs-bd","tag-faz","tag-les-aventures-de-super-papa"],"_links":{"self":[{"href":"https:\/\/www.wedobd.com\/index.php?rest_route=\/wp\/v2\/posts\/1295","targetHints":{"allow":["GET"]}}],"collection":[{"href":"https:\/\/www.wedobd.com\/index.php?rest_route=\/wp\/v2\/posts"}],"about":[{"href":"https:\/\/www.wedobd.com\/index.php?rest_route=\/wp\/v2\/types\/post"}],"author":[{"embeddable":true,"href":"https:\/\/www.wedobd.com\/index.php?rest_route=\/wp\/v2\/users\/4"}],"replies":[{"embeddable":true,"href":"https:\/\/www.wedobd.com\/index.php?rest_route=%2Fwp%2Fv2%2Fcomments&post=1295"}],"version-history":[{"count":2,"href":"https:\/\/www.wedobd.com\/index.php?rest_route=\/wp\/v2\/posts\/1295\/revisions"}],"predecessor-version":[{"id":5680,"href":"https:\/\/www.wedobd.com\/index.php?rest_route=\/wp\/v2\/posts\/1295\/revisions\/5680"}],"wp:attachment":[{"href":"https:\/\/www.wedobd.com\/index.php?rest_route=%2Fwp%2Fv2%2Fmedia&parent=1295"}],"wp:term":[{"taxonomy":"category","embeddable":true,"href":"https:\/\/www.wedobd.com\/index.php?rest_route=%2Fwp%2Fv2%2Fcategories&post=1295"},{"taxonomy":"post_tag","embeddable":true,"href":"https:\/\/www.wedobd.com\/index.php?rest_route=%2Fwp%2Fv2%2Ftags&post=1295"}],"curies":[{"name":"wp","href":"https:\/\/api.w.org\/{rel}","templated":true}]}}