{"id":1298,"date":"2009-07-23T00:01:00","date_gmt":"2009-07-22T22:01:00","guid":{"rendered":"https:\/\/www.wedobd.com\/?p=1298"},"modified":"2025-09-29T15:03:41","modified_gmt":"2025-09-29T13:03:41","slug":"interview-2009-vincent-caut","status":"publish","type":"post","link":"https:\/\/www.wedobd.com\/?p=1298","title":{"rendered":"invit\u00e9 2009 #22 : Vincent Caut"},"content":{"rendered":"<p>Notre 22\u00e8me invit\u00e9 a tout juste 17 ans mais c&#39;est d\u00e9j\u00e0 un ancien du Festiblog et une c\u00e9l\u00e9brit\u00e9 sur le net. Espoir tr\u00e8s remarqu\u00e9 au dernier festival d&#39;Angoul\u00eame, nous sommes heureux qu&#39;il soit de nouveau parmi nous cette ann\u00e9e. Bienvenue \u00e0 <a href=\"http:\/\/blog-de-vincent.blogspot.com\/\" target=\"_blank\">Vincent Caut<\/a>.<\/p>\n<p style=\"text-align: center;\"><a href=\"http:\/\/yannicklejeune.blogs.com\/.a\/6a00d8341c501b53ef01157215d1bd970b-popup\" onclick=\"window.open( this.href, &#39;_blank&#39;, &#39;width=640,height=480,scrollbars=no,resizable=no,toolbar=no,directories=no,location=no,menubar=no,status=no,left=0,top=0&#39; ); return false\" style=\"display: inline;\"><img decoding=\"async\" alt=\"Festiblog 09\" class=\"at-xid-6a00d8341c501b53ef01157215d1bd970b \" src=\"https:\/\/www.wedobd.com\/wp-content\/uploads\/2009\/07\/6a00d8341c501b53ef01157215d1bd970b-500wi.jpg\" \/><\/a> <\/p>\n<p><strong>Peux-tu rappeler \u00e0 nos lecteurs qui tu es ?<\/strong><\/p>\n<p>Je m\u2019appelle <a href=\"http:\/\/blog-de-vincent.blogspot.com\/\" target=\"_blank\">Vincent Caut<\/a>, et j\u2019ai 17 ans.<\/p>\n<p><strong>Quoi de neuf dans ta carri\u00e8re et tes projets depuis ta derni\u00e8re participation ?<\/strong><\/p>\n<p>Pour commencer, j\u2019ai eu mon bac, donc je suis plus au lyc\u00e9e. Maintenant je peux me la p\u00e9ter parce que je suis en \u00e9cole d\u2019art (\u00e0 Renoir, Paris). Et puis je vais sortir un album aussi. Un genre de recueil de notes issues de mon blog, avec plein d\u2019in\u00e9dits et tout \u00e7a, chez Makaka Editions. Ah et puis j\u2019ai gagn\u00e9 le prix \u00ab <a href=\"http:\/\/www.bdangouleme.com\/53-palmares-2009-prix-dangouleme-de-la-bd-scolaire\" target=\"_blank\">jeune espoir talent<\/a> \u00bb et le second prix \u00ab <a href=\"http:\/\/www.prixdublog.com\/\" target=\"_blank\">r\u00e9v\u00e9lation blog<\/a> \u00bb du Festival d\u2019Angoul\u00eame. Bref, que des bonnes choses.<\/p>\n<div style=\"text-align: center;\"><a href=\"http:\/\/yannicklejeune.blogs.com\/.a\/6a00d8341c501b53ef01157215dabd970b-popup\" onclick=\"window.open( this.href, &#39;_blank&#39;, &#39;width=640,height=480,scrollbars=no,resizable=no,toolbar=no,directories=no,location=no,menubar=no,status=no,left=0,top=0&#39; ); return false\" style=\"display: inline;\"><img decoding=\"async\" alt=\"Sans-titre-1\" class=\"at-xid-6a00d8341c501b53ef01157215dabd970b \" src=\"https:\/\/www.wedobd.com\/wp-content\/uploads\/2009\/07\/6a00d8341c501b53ef01157215dabd970b-500wi.jpg\" \/><\/a> <\/div>\n<p><strong>Ton blog a-t-il \u00e9volu\u00e9 depuis l\u2019ann\u00e9e derni\u00e8re ?<\/strong><\/p>\n<p>Ben le principe reste le m\u00eame : de l\u2019autobiographie anecdotique. Mais mon style \u00e9volue avec le temps, c\u2019est normal.<\/p>\n<p><strong>Quelle est ta vision de la blogosph\u00e8re BD en 2009 ?<\/strong><\/p>\n<p>J\u2019ai l\u2019impression que la blogosph\u00e8re BD s\u2019est beaucoup diversifi\u00e9e en 2009. Et je me trompe peut \u00eatre, mais il me semble qu\u2019il y a de plus en plus de filles aussi, c\u2019est bien.<\/p>\n<p><strong>Quel est ton point de vue sur la BD num\u00e9rique cette ann\u00e9e ?<\/strong><\/p>\n<p>Je lis beaucoup de blogs et de BD papier, mais pas tellement de webcomics, donc j\u2019ai pas grand-chose \u00e0 en dire. Il faudrait que je m\u2019y int\u00e9resse plus d\u2019ailleurs, je dois passer \u00e0 c\u00f4t\u00e9 de plein de belles choses.<\/p>\n<div style=\"text-align: center;\"><a href=\"http:\/\/yannicklejeune.blogs.com\/.a\/6a00d8341c501b53ef011571217911970c-popup\" onclick=\"window.open( this.href, &#39;_blank&#39;, &#39;width=640,height=480,scrollbars=no,resizable=no,toolbar=no,directories=no,location=no,menubar=no,status=no,left=0,top=0&#39; ); return false\" style=\"display: inline;\"><img decoding=\"async\" alt=\"Sans-titre-2\" class=\"at-xid-6a00d8341c501b53ef011571217911970c \" src=\"https:\/\/www.wedobd.com\/wp-content\/uploads\/2009\/07\/6a00d8341c501b53ef011571217911970c-500wi.jpg\" \/><\/a> <\/div>\n<p><strong>Qu&#39;est-ce qui te motive personnellement \u00e0 cr\u00e9er en ligne ?<\/strong><\/p>\n<p>L\u2019avantage, c\u2019est qu\u2019on est enti\u00e8rement libre, il n\u2019y a pas de pression. Du coup, les auteurs peuvent se permettre d\u2019oser plus de choses et chacun peut avoir son public, m\u00eame les d\u00e9butants. Et bien s\u00fbr, la BD en ligne, c\u2019est aussi une \u00e9norme quantit\u00e9 enti\u00e8rement gratuite et illimit\u00e9e, et des \u00e9changes faciles.<\/p>\n<p><strong>As-tu des chouchous en blogs BD ou en webcomics ?<\/strong><\/p>\n<p>Oui, j\u2019ai plein de chouchous, la liste serait longue. Bon allez, je cite mes deux derniers coup de c\u0153ur : <a href=\"http:\/\/helkarava.blogspot.com\/\" target=\"_blank\">Helkarava<\/a> et <a href=\"http:\/\/akiki.canalblog.com\/\" target=\"_blank\">Aki<\/a>.<\/p>\n<p><strong>Quel est ton meilleur souvenir des pr\u00e9c\u00e9dents Festiblogs ?<\/strong><\/p>\n<p>Alors, pas quoi commencer ? Les prolongements des s\u00e9ances de d\u00e9dicaces assis sur le trottoir ? La soir\u00e9e des auteurs ? La t\u00eate dans le cul du dimanche matin ?<\/p>\n<div style=\"text-align: center;\"><a href=\"http:\/\/yannicklejeune.blogs.com\/.a\/6a00d8341c501b53ef011571217941970c-popup\" onclick=\"window.open( this.href, &#39;_blank&#39;, &#39;width=640,height=480,scrollbars=no,resizable=no,toolbar=no,directories=no,location=no,menubar=no,status=no,left=0,top=0&#39; ); return false\" style=\"display: inline;\"><img decoding=\"async\" alt=\"Sans-titre-3\" class=\"at-xid-6a00d8341c501b53ef011571217941970c \" src=\"https:\/\/www.wedobd.com\/wp-content\/uploads\/2009\/07\/6a00d8341c501b53ef011571217941970c-500wi.jpg\" \/><\/a> <\/div>\n<p><strong><br \/>Un mot pour ceux qui vont venir en voir ?<\/strong><\/p>\n<p>Oui, venez nombreux, et faites semblant de rire \u00e0 mes blagues pourries, h\u00e9h\u00e9.<\/p>\n<p><strong>Parle-nous d&#39;un truc qui te plait mais qui n&#39;a rien \u00e0 voir avec la BD ?<\/strong><\/p>\n<p>Heum\u2026Regarder des s\u00e9ries ! C\u2019est g\u00e9nial, il n\u2019y a rien de mieux pour perdre tout son temps.<\/p>\n<p><strong>Quelque chose \u00e0 ajouter ?<\/strong><\/p>\n<p>Merci pour l\u2019invitation et vivement le festiblog !&#0160;<\/p>\n<p style=\"text-align: center;\"><a href=\"http:\/\/yannicklejeune.blogs.com\/.a\/6a00d8341c501b53ef011571217976970c-popup\" onclick=\"window.open( this.href, &#39;_blank&#39;, &#39;width=640,height=480,scrollbars=no,resizable=no,toolbar=no,directories=no,location=no,menubar=no,status=no,left=0,top=0&#39; ); return false\" style=\"display: inline;\"><img decoding=\"async\" alt=\"Sans-titre-4\" class=\"at-xid-6a00d8341c501b53ef011571217976970c \" src=\"https:\/\/www.wedobd.com\/wp-content\/uploads\/2009\/07\/6a00d8341c501b53ef011571217976970c-500wi.jpg\" \/><\/a> <\/p>\n","protected":false},"excerpt":{"rendered":"<p>Notre 22\u00e8me invit\u00e9 a tout juste 17 ans mais c&#8217;est d\u00e9j\u00e0 un ancien du Festiblog et une c\u00e9l\u00e9brit\u00e9 sur le net. Espoir tr\u00e8s remarqu\u00e9 au dernier festival d&#8217;Angoul\u00eame, nous sommes heureux qu&#8217;il soit de nouveau parmi nous cette ann\u00e9e. Bienvenue \u00e0 Vincent Caut.<\/p>\n","protected":false},"author":4,"featured_media":0,"comment_status":"open","ping_status":"open","sticky":false,"template":"","format":"standard","meta":{"footnotes":""},"categories":[26,47],"tags":[111],"class_list":["post-1298","post","type-post","status-publish","format-standard","hentry","category-02-le-festival-de-2005-a-2013","category-03-interviews-de-blogueurs-bd","tag-vincent-caut"],"_links":{"self":[{"href":"https:\/\/www.wedobd.com\/index.php?rest_route=\/wp\/v2\/posts\/1298","targetHints":{"allow":["GET"]}}],"collection":[{"href":"https:\/\/www.wedobd.com\/index.php?rest_route=\/wp\/v2\/posts"}],"about":[{"href":"https:\/\/www.wedobd.com\/index.php?rest_route=\/wp\/v2\/types\/post"}],"author":[{"embeddable":true,"href":"https:\/\/www.wedobd.com\/index.php?rest_route=\/wp\/v2\/users\/4"}],"replies":[{"embeddable":true,"href":"https:\/\/www.wedobd.com\/index.php?rest_route=%2Fwp%2Fv2%2Fcomments&post=1298"}],"version-history":[{"count":2,"href":"https:\/\/www.wedobd.com\/index.php?rest_route=\/wp\/v2\/posts\/1298\/revisions"}],"predecessor-version":[{"id":4886,"href":"https:\/\/www.wedobd.com\/index.php?rest_route=\/wp\/v2\/posts\/1298\/revisions\/4886"}],"wp:attachment":[{"href":"https:\/\/www.wedobd.com\/index.php?rest_route=%2Fwp%2Fv2%2Fmedia&parent=1298"}],"wp:term":[{"taxonomy":"category","embeddable":true,"href":"https:\/\/www.wedobd.com\/index.php?rest_route=%2Fwp%2Fv2%2Fcategories&post=1298"},{"taxonomy":"post_tag","embeddable":true,"href":"https:\/\/www.wedobd.com\/index.php?rest_route=%2Fwp%2Fv2%2Ftags&post=1298"}],"curies":[{"name":"wp","href":"https:\/\/api.w.org\/{rel}","templated":true}]}}