{"id":1304,"date":"2009-07-17T00:01:00","date_gmt":"2009-07-16T22:01:00","guid":{"rendered":"https:\/\/www.wedobd.com\/?p=1304"},"modified":"2025-09-29T14:58:07","modified_gmt":"2025-09-29T12:58:07","slug":"interview-2009-stivo","status":"publish","type":"post","link":"https:\/\/www.wedobd.com\/?p=1304","title":{"rendered":"Invit\u00e9 2009 #16 : Stivo"},"content":{"rendered":"<p>Notre 16\u00e8me invit\u00e9 nous fait le plaisir de revenir pour la deuxi\u00e8me fois cons\u00e9cutive au Festiblog. Nous souhaitons la bienvenue encore une fois \u00e0 <a href=\"http:\/\/graphistivo.blogspot.com\/\" target=\"_blank\">Stivo<\/a>.<\/p>\n<p style=\"text-align: center;\"><a href=\"http:\/\/yannicklejeune.blogs.com\/.a\/6a00d8341c501b53ef0115711361ef970c-popup\" onclick=\"window.open( this.href, &#39;_blank&#39;, &#39;width=640,height=480,scrollbars=no,resizable=no,toolbar=no,directories=no,location=no,menubar=no,status=no,left=0,top=0&#39; ); return false\" style=\"display: inline;\"><img decoding=\"async\" alt=\"Festiblog2009-illus-stivo\" class=\"at-xid-6a00d8341c501b53ef0115711361ef970c \" src=\"https:\/\/www.wedobd.com\/wp-content\/uploads\/2009\/07\/6a00d8341c501b53ef0115711361ef970c-500wi.jpg\" \/><\/a> <\/p>\n<p><strong>Peux-tu rappeler \u00e0 nos lecteurs qui tu es ?<\/strong><\/p>\n<p>Stivo, un petit graphiste \/ illustrateur ind\u00e9pendant tenancier du blog &quot;<a href=\"http:\/\/graphistivo.blogspot.com\/\" target=\"_blank\">trop d&#39;la bulle !<\/a>&quot; depuis janvier 2008 qui est tr\u00e8s fier d&#39;\u00eatre invit\u00e9 pour la 2\u00e8me fois au Festiblog !<\/p>\n<p><strong>Quoi de neuf dans ta carri\u00e8re et tes projets depuis ta derni\u00e8re participation ?<\/strong><\/p>\n<p>Ca y est, je vais enfin \u00eatre \u00e9dit\u00e9 !!! Mes petits strips sur notre chienne Dugly ont interpell\u00e9 un \u00e9diteur. Le contrat a \u00e9t\u00e9 sign\u00e9 r\u00e9cemment, l&#39;album ne sortira donc qu&#39;en mars\/avril 2010 chez Paquet. Je ne pourrais donc pas d\u00e9dicacer cet album au Festiblog N\u00b05, mais \u00e0 celui de l&#39;ann\u00e9e prochaine (si je suis r\u00e9-invit\u00e9 bien s\u00fbr !) En revanche j&#39;ai particip\u00e9 \u00e0 un album collectif avec tout plein de BD blogueurs talentueux qui sortira \u00e0 priori en avant-premi\u00e8re pour le Festiblog&#8230; Mais je n&#39;en dis pas plus pour le moment, \u00e7a sera la surprise !&#8230;<\/p>\n<p><strong><a href=\"http:\/\/yannicklejeune.blogs.com\/.a\/6a00d8341c501b53ef01157208129a970b-popup\" onclick=\"window.open( this.href, &#39;_blank&#39;, &#39;width=640,height=480,scrollbars=no,resizable=no,toolbar=no,directories=no,location=no,menubar=no,status=no,left=0,top=0&#39; ); return false\" style=\"float: right;\"><img decoding=\"async\" alt=\"Bd178\" class=\"at-xid-6a00d8341c501b53ef01157208129a970b \" src=\"https:\/\/www.wedobd.com\/wp-content\/uploads\/2009\/07\/6a00d8341c501b53ef01157208129a970b-200wi.jpg\" style=\"margin: 0px 0px 5px 5px; width: 200px;\" \/><\/a> Ton blog a-t-il \u00e9volu\u00e9 depuis l\u2019ann\u00e9e derni\u00e8re ?<\/strong><\/p>\n<p>Pas de r\u00e9el changement, toujours les m\u00eames vannes pourries et autres strips inspir\u00e9s de notre vie de tous les jours avec ma princesse. Il y a juste un nouveau personnage qui s&#39;est greff\u00e9 \u00e0 nos aventures quotidiennes, Dugly, notre p&#39;tite chienne future starlette. J&#39;ai tout de m\u00eame plus de visiteurs que l&#39;ann\u00e9e derni\u00e8re, les stats grimpent tranquillement, et \u00e7a fait plaisir ! \ud83d\ude42<\/p>\n<p><strong>Quelle est ta vision de la blogosph\u00e8re BD en 2009 ?<\/strong><\/p>\n<p>Ca pullule toujours autant j&#39;ai l&#39;impression ! De plus en plus de BD blogueurs sur la toile, faut trier un peu mais dans l&#39;ensemble y&#39;a du niveau !<\/p>\n<p><strong>Quel est ton point de vue sur la BD num\u00e9rique cette ann\u00e9e ?<\/strong><\/p>\n<p>S\u00fbrement le m\u00eame que l&#39;ann\u00e9e derni\u00e8re&#8230; je sais plus trop ce que j&#39;avais dit, mais y&#39;a pas de raison que mon avis ait chang\u00e9 cette ann\u00e9e ! La BD num\u00e9rique c&#39;est bien !<\/p>\n<p><strong>Qu&#39;est-ce qui te motive personnellement \u00e0 cr\u00e9er en ligne ?<\/strong><\/p>\n<p>Faire plaisir aux lecteurs, conna\u00eetre leurs r\u00e9actions et cr\u00e9er des connexions avec d&#39;autres blogueurs et parfois des \u00e9diteurs !<\/p>\n<p><strong>As-tu des chouchous en blogs BD ou en webcomics ?<\/strong><\/p>\n<p>Toujours des affinit\u00e9s avec monsieur <a href=\"http:\/\/www.lordyoyo.com\/blogyoyo\/index.php\" target=\"_blank\">Lordyoyo<\/a> (ma princesse en serait presque jalouse) et <a href=\"http:\/\/www.leszillusdemissbean.com\/le-blog\/index.php\" target=\"_blank\">Miss Bean<\/a> (m\u00eame si elle ne poste pas tr\u00e8s souvent ces derniers temps), je suis ravi qu&#39;ils soient tous les 2 \u00e0 nouveaux pr\u00e9sents cette ann\u00e9e au Festiblog ! On va pouvoir refaire la fiesta ensembles ! Et dans le m\u00eame genre de gens sympas et talentueux, je n&#39;oublierais pas de citer <a href=\"http:\/\/www.jeromeuh.net\/\" target=\"_blank\">J\u00e9romeuh<\/a>, <a href=\"http:\/\/saboten.canalblog.com\/\">Saboten<\/a>, <a href=\"http:\/\/yllya.canalblog.com\/\" target=\"_blank\">Yllya<\/a>, <a href=\"http:\/\/www.lychenblog.com\/\" target=\"_blank\">Lychen<\/a> et son fid\u00e8le ami <a href=\"http:\/\/www.paka-blog.com\/\" target=\"_blank\">Paka<\/a> ! Et il y a ce p&#39;tit nouveau qui vient d&#39;ouvrir son blog, il s&#39;agit de Fred aka <a href=\"http:\/\/birdyzinteractivewebblog.blogspot.com\/\" target=\"_blank\">Birdy<\/a> qui postera r\u00e9guli\u00e8rement j&#39;esp\u00e8re&#8230; Le monde entier doit conna\u00eetre ce mec bourr\u00e9 de talent !&#8230; Bon c&#39;est un pote de lyc\u00e9e aussi j&#39;avoue, mais il est quand m\u00eame super fort ce con !<\/p>\n<p><strong>Quel est ton meilleur souvenir des pr\u00e9c\u00e9dents Festiblogs ?<\/strong><\/p>\n<p>Les p&#39;tites verrines \u00e0 la soir\u00e9e \u00e9taient pas d\u00e9gueu ! \ud83d\ude09<\/p>\n<p><strong>Un mot pour ceux qui vont venir en voir ?<\/strong><\/p>\n<p>Si il fait le m\u00eame temps que l&#39;ann\u00e9e derni\u00e8re, n&#39;h\u00e9sitez pas \u00e0 ramener des bi\u00e8res bien fra\u00eeches ! \ud83d\ude42<\/p>\n<p><strong>Parle-nous d&#39;un truc qui te plait mais qui n&#39;a rien \u00e0 voir avec la BD ?<\/strong><\/p>\n<p>Les s\u00e9ries t\u00e9l\u00e9&#8230; qu&#39;est-ce que \u00e7a peut prendre du temps ces conneries ! Mais c&#39;est plus fort que moi, faut que j&#39;en m\u00e2te tous les soirs !&#8230; C&#39;est ma drogue nocturne&#8230;<\/p>\n<p><strong>Quelque chose \u00e0 ajouter ?<\/strong><\/p>\n<p>euh&#8230; viendez nombreux les amis ! En plus Yannick il paye son barbecue, merguez \u00e0 volont\u00e9 !!! YIIIHAAA !!! \ud83d\ude42 hein Yannick ? allez, fais pas ta chiennasse ! Paye tes guez quoi ! \ud83d\ude09 <\/p>\n<p style=\"text-align: center;\"><a href=\"http:\/\/yannicklejeune.blogs.com\/.a\/6a00d8341c501b53ef011571136924970c-popup\" onclick=\"window.open( this.href, &#39;_blank&#39;, &#39;width=640,height=480,scrollbars=no,resizable=no,toolbar=no,directories=no,location=no,menubar=no,status=no,left=0,top=0&#39; ); return false\" style=\"display: inline;\"><img decoding=\"async\" alt=\"Bd197\" class=\"at-xid-6a00d8341c501b53ef011571136924970c \" src=\"https:\/\/www.wedobd.com\/wp-content\/uploads\/2009\/07\/6a00d8341c501b53ef011571136924970c-500wi.jpg\" \/><\/a> <\/p>\n","protected":false},"excerpt":{"rendered":"<p>Notre 16\u00e8me invit\u00e9 nous fait le plaisir de revenir pour la deuxi\u00e8me fois cons\u00e9cutive au Festiblog. Nous souhaitons la bienvenue encore une fois \u00e0 Stivo.<\/p>\n","protected":false},"author":4,"featured_media":0,"comment_status":"open","ping_status":"open","sticky":false,"template":"","format":"standard","meta":{"footnotes":""},"categories":[26,47],"tags":[217],"class_list":["post-1304","post","type-post","status-publish","format-standard","hentry","category-02-le-festival-de-2005-a-2013","category-03-interviews-de-blogueurs-bd","tag-stivo"],"_links":{"self":[{"href":"https:\/\/www.wedobd.com\/index.php?rest_route=\/wp\/v2\/posts\/1304","targetHints":{"allow":["GET"]}}],"collection":[{"href":"https:\/\/www.wedobd.com\/index.php?rest_route=\/wp\/v2\/posts"}],"about":[{"href":"https:\/\/www.wedobd.com\/index.php?rest_route=\/wp\/v2\/types\/post"}],"author":[{"embeddable":true,"href":"https:\/\/www.wedobd.com\/index.php?rest_route=\/wp\/v2\/users\/4"}],"replies":[{"embeddable":true,"href":"https:\/\/www.wedobd.com\/index.php?rest_route=%2Fwp%2Fv2%2Fcomments&post=1304"}],"version-history":[{"count":1,"href":"https:\/\/www.wedobd.com\/index.php?rest_route=\/wp\/v2\/posts\/1304\/revisions"}],"predecessor-version":[{"id":4696,"href":"https:\/\/www.wedobd.com\/index.php?rest_route=\/wp\/v2\/posts\/1304\/revisions\/4696"}],"wp:attachment":[{"href":"https:\/\/www.wedobd.com\/index.php?rest_route=%2Fwp%2Fv2%2Fmedia&parent=1304"}],"wp:term":[{"taxonomy":"category","embeddable":true,"href":"https:\/\/www.wedobd.com\/index.php?rest_route=%2Fwp%2Fv2%2Fcategories&post=1304"},{"taxonomy":"post_tag","embeddable":true,"href":"https:\/\/www.wedobd.com\/index.php?rest_route=%2Fwp%2Fv2%2Ftags&post=1304"}],"curies":[{"name":"wp","href":"https:\/\/api.w.org\/{rel}","templated":true}]}}