{"id":1316,"date":"2009-07-06T00:01:00","date_gmt":"2009-07-05T22:01:00","guid":{"rendered":"https:\/\/www.wedobd.com\/?p=1316"},"modified":"2025-09-29T15:03:57","modified_gmt":"2025-09-29T13:03:57","slug":"invitee-2009-5-nath-ze-bouffon-of-grumeauland","status":"publish","type":"post","link":"https:\/\/www.wedobd.com\/?p=1316","title":{"rendered":"Invit\u00e9e 2009 #5 : Nath &#8211; Ze Bouffon of Grumeauland"},"content":{"rendered":"<p>Notre 5\u00e8me invit\u00e9e est une incontournable de la blogosph\u00e8re BD et sera des notres pour la premi\u00e8re fois cette ann\u00e9e. Nous sommes donc tr\u00e8s heureux qu&#39;elle ait accept\u00e9 notre invitation. Bienvenue \u00e0&#0160;Nathalie Jomard, la tenanci\u00e8re du c\u00e9l\u00e8bre blog &quot;<a href=\"http:\/\/grumeautique.blogspot.com\/\" target=\"_blank\">Petit pr\u00e9cis de Grumeautique<\/a>&quot;.<\/p>\n<p style=\"text-align: center;\"><strong><a href=\"http:\/\/yannicklejeune.blogs.com\/.a\/6a00d8341c501b53ef011570c28a61970c-popup\" onclick=\"window.open( this.href, &#39;_blank&#39;, &#39;width=640,height=480,scrollbars=no,resizable=no,toolbar=no,directories=no,location=no,menubar=no,status=no,left=0,top=0&#39; ); return false\" style=\"display: inline;\"><img decoding=\"async\" alt=\"Festiblog-Grumeau\" class=\"at-xid-6a00d8341c501b53ef011570c28a61970c \" src=\"https:\/\/www.wedobd.com\/wp-content\/uploads\/2009\/07\/6a00d8341c501b53ef011570c28a61970c-500wi.gif\" \/><\/a> <br \/><\/strong><\/p>\n<p><strong>Qui es-tu ?<\/strong><\/p>\n<p><span id=\"FormView1_QuiEsTuLabel\">Je<br \/>\nsuis le Bouffon de la <a href=\"http:\/\/grumeautique.blogspot.com\/\" target=\"_blank\">R\u00e9publique Banani\u00e8re et Autoproclam\u00e9e du<br \/>\nGrumeauland<\/a>, illustratrice et accessoirement maman, championne<br \/>\nM\u00e9daill\u00e9e d\u2019Or du Chang\u00e9 de Couche en Apn\u00e9e aux JO du Grumeauland.<\/span><\/p>\n<p><span id=\"FormView1_QuiEsTuLabel\"><strong><span style=\"font-weight: normal; \"><a href=\"http:\/\/yannicklejeune.blogs.com\/.a\/6a00d8341c501b53ef011571b7aa5e970b-popup\" onclick=\"window.open( this.href, &#39;_blank&#39;, &#39;width=640,height=480,scrollbars=no,resizable=no,toolbar=no,directories=no,location=no,menubar=no,status=no,left=0,top=0&#39; ); return false\" style=\"float: left;\"><img decoding=\"async\" alt=\"Le-caca-de-l&#39;espace\" class=\"at-xid-6a00d8341c501b53ef011571b7aa5e970b \" src=\"https:\/\/www.wedobd.com\/wp-content\/uploads\/2009\/07\/6a00d8341c501b53ef011571b7aa5e970b-200wi.gif\" style=\"width: 200px; margin: 0px 5px 5px 0px;\" \/><\/a> <\/span>Comment as-tu commenc\u00e9 \u00e0 dessiner ?<\/strong><\/span><\/p>\n<p><span id=\"FormView1_QuiEsTuLabel\"><span id=\"FormView1_DebutDessinLabel\">A 2 ans avec des pastels sur les murs du salon.<\/span><\/span><\/p>\n<p><span id=\"FormView1_QuiEsTuLabel\"><span id=\"FormView1_DebutDessinLabel\"><strong>As-tu suivi une formation ?<\/strong><\/span><\/span><\/p>\n<p><span id=\"FormView1_QuiEsTuLabel\"><span id=\"FormView1_DebutDessinLabel\">Oui :<br \/>\n&#8211; Pour apprendre \u00e0 tenir un crayon et cultiver l\u2019art de la sieste, les Beaux-Arts<br \/>\n&#8211; Pour apprendre \u00e0 causer le Photoshop en LV1, un DESS de Cr\u00e9ation Infographique<br \/>\n&#8211; Pour apprendre \u00e0 parler pour ne rien dire, Sciences Po.&#0160;<\/span><\/span><\/p>\n<p><strong> Peux-tu pr\u00e9senter ton blog ?<\/strong><\/p>\n<p id=\"FormView1_PresentationBlogLabel\">Ce<br \/>\nn\u2019est pas un blog, c\u2019est une R\u00e9publique banani\u00e8re domestique dirig\u00e9e<br \/>\npar un despote de deux ans et huit quenottes qui se fait appeler Sa<br \/>\nS\u00e9r\u00e9nissime Grumeaut\u00e9 et qui accessoirement se trouve \u00eatre ma fille.<br \/>\nC\u2019est en quelque sorte son journal de bord dont je suis le principal<br \/>\nr\u00e9dacteur (non, l\u2019unique r\u00e9dacteur en fait, car Chat-Bouboule ne sait<br \/>\npas \u00e9crire).<\/p>\n<p><strong><\/p>\n<p>Pourquoi as-tu commenc\u00e9 \u00e0 bloguer ?<\/p>\n<p><\/strong><\/p>\n<p><span id=\"FormView1_PourquoiBlogLabel\">Je me pose encore la question.<\/span><\/p>\n<p><strong><br \/>\n<a href=\"http:\/\/yannicklejeune.blogs.com\/.a\/6a00d8341c501b53ef011570c28d05970c-popup\" onclick=\"window.open( this.href, &#39;_blank&#39;, &#39;width=640,height=480,scrollbars=no,resizable=no,toolbar=no,directories=no,location=no,menubar=no,status=no,left=0,top=0&#39; ); return false\" style=\"float: right;\"><img decoding=\"async\" alt=\"Grumeau\" class=\"at-xid-6a00d8341c501b53ef011570c28d05970c \" src=\"https:\/\/www.wedobd.com\/wp-content\/uploads\/2009\/07\/6a00d8341c501b53ef011570c28d05970c-200wi.gif\" style=\"width: 200px; margin: 0px 0px 5px 5px;\" \/><\/a>Quel public voulais-tu rencontrer ?<\/strong><\/p>\n<p><span id=\"FormView1_PublicRencontreLabel\">Tata Fernande et son club du 3\u00e8me \u00e2ge. Mais \u00e7a ne leur a pas plu.<\/span><\/p>\n<p><strong><br \/>\nEt finalement qui sont tes lecteurs ?<\/strong><\/p>\n<p><span id=\"FormView1_QuiSontLecteursLabel\">Il<br \/>\ny a de tout : des papas, des mamans, des grands-parents, des \u00e9tudiants,<br \/>\ndes lyc\u00e9ens,\u2026 (et aussi trois perruches, un caniche et une pintade). <\/span><\/p>\n<p><strong><br \/>\nCombien de temps passes-tu en moyenne sur tes notes ?<\/strong><\/p>\n<p><span id=\"FormView1_CombienDeTempsParNoteLabel\">Trop<br \/>\nde temps.<br \/>\nJ\u2019ai fait le choix de ne pas compter, mais comme je ne sais pas faire<br \/>\nles choses \u00e0 moiti\u00e9, \u00e0 la louche il est clair que j\u2019y consacre bien<br \/>\ntrop de temps.<\/span>&#0160;<\/p>\n<\/p>\n<p style=\"text-align: center;\"><a href=\"http:\/\/yannicklejeune.blogs.com\/.a\/6a00d8341c501b53ef011571b7a6da970b-popup\" onclick=\"window.open( this.href, &#39;_blank&#39;, &#39;width=640,height=480,scrollbars=no,resizable=no,toolbar=no,directories=no,location=no,menubar=no,status=no,left=0,top=0&#39; ); return false\" style=\"display: inline;\"><img decoding=\"async\" alt=\"Chatbouboule-couche13\" class=\"at-xid-6a00d8341c501b53ef011571b7a6da970b \" src=\"https:\/\/www.wedobd.com\/wp-content\/uploads\/2009\/07\/6a00d8341c501b53ef011571b7a6da970b-500wi.gif\" \/><\/a> &#0160;&#0160;<\/p>\n<p><strong><br \/>\nEst-ce que ce sont des dessins specialement faits pour le blog ?<\/strong><\/p>\n<p><span id=\"FormView1_FaitExpresPourBlogLabel\">Absolument,<br \/>\nexclusivement, uniquement. Dans la mesure du possible j\u2019essaie de ne<br \/>\npas m\u00e9langer les genres : mon travail c\u2019est une chose, mon blog en est<br \/>\nune autre.<\/span><\/p>\n<p><strong><br \/>\nAvec quoi dessines-tu (crayons, pinceau, palette&#8230;) ?<\/strong><\/p>\n<p><span id=\"FormView1_QuelsOutilsLabel\">Toujours<br \/>\nun bon vieux crayonn\u00e9 sur papier au d\u00e9part. Je ne me s\u00e9pare jamais de<br \/>\nmon crit\u00e9rium, je ne dessine qu\u2019avec \u00e7a (mon bureau est d\u2019ailleurs<br \/>\ndevenu un cimeti\u00e8re \u00e0 crit\u00e9riums sans mines).<br \/>\nPuis je finalise sur ordinateur \u00e0 l\u2019aide de Paulette ma fid\u00e8le tablette<br \/>\ngraphique.<\/span><\/p>\n<p><strong><br \/>\nQuelles sont tes influences graphiques ?<\/strong><\/p>\n<p><span id=\"FormView1_InfluencesGraphiquesLabel\">Si<br \/>\non parle de BD, ce sera l\u2019\u00e9cole \u00abFluide Glacial\u00bb parce que lorsque<br \/>\nj\u2019\u00e9tais gamine je prenais \u00e9norm\u00e9ment de plaisir \u00e0 lire Edika, Binet,<br \/>\nGotlib, Ma\u00ebster&#8230; Je m\u2019int\u00e9resse essentiellement (pour ne pas dire<br \/>\nexclusivement) \u00e0 la BD \u00absatyrique\u00bb. Tout du moins celle qui ne se prend<br \/>\npas au s\u00e9rieux.<\/span><\/p>\n<p><strong><a href=\"http:\/\/yannicklejeune.blogs.com\/.a\/6a00d8341c501b53ef011570c28e06970c-popup\" onclick=\"window.open( this.href, &#39;_blank&#39;, &#39;width=640,height=480,scrollbars=no,resizable=no,toolbar=no,directories=no,location=no,menubar=no,status=no,left=0,top=0&#39; ); return false\" style=\"float: left;\"><img decoding=\"async\" alt=\"Calin3\" class=\"at-xid-6a00d8341c501b53ef011570c28e06970c \" src=\"https:\/\/www.wedobd.com\/wp-content\/uploads\/2009\/07\/6a00d8341c501b53ef011570c28e06970c-200wi.gif\" style=\"width: 200px; margin: 0px 5px 5px 0px;\" \/><\/a> Combien de temps passes-tu sur les blogs des autres ?<\/strong><\/p>\n<p><span id=\"FormView1_CombienDeTempsParBlogLabel\">Cette<br \/>\nann\u00e9e c\u2019est vache maigre. Trop de travail. Je n\u2019ai plus le temps ni de<br \/>\nregarder la TV, ni de lire, ni de me promener sur les blogs (\u00e0 mon<br \/>\ngrand regret). Je tra\u00eene mes savates sur la blogosph\u00e8re au coup par<br \/>\ncoup, \u00e9pisodiquement et plut\u00f4t en coup de vent lorsque j\u2019ai un peu de<br \/>\ntemps. <\/span><\/p>\n<p><strong><br \/>\nQuels sont ceux dont tu es fan ?<\/strong><\/p>\n<p><span id=\"FormView1_CeuxDontTuEsFanLabel\">Le<br \/>\nseul dont je serais fan absolue n\u2019existe pas h\u00e9las, c\u2019est celui d\u2019Edika<br \/>\n(que Brahma et ma tong b\u00e9nissent ce saint homme qui me fait tant rire).<\/span><\/p>\n<p><strong><br \/>\nAs-tu fait des rencontres gr\u00e0ce aux blogs ?<\/strong><\/p>\n<p><span id=\"FormView1_RencontreGraceBlogsLabel\">Des rencontres professionnelles essentiellement jusqu\u2019\u00e0 pr\u00e9sent.<\/span><\/p>\n<p><strong><br \/>\nEs-tu sensible aux commentaires ?<\/strong><\/p>\n<p><span id=\"FormView1_SensibleCommentaireLabel\">Dans l\u2019ensemble oui.<\/span><\/p>\n<p><strong><br \/>\nPour toi, quels sont les points forts du blog et de la BD en ligne ?<\/strong><\/p>\n<p><span id=\"FormView1_LesPlusDesBlogsLabel\">L\u2019interactivit\u00e9, l\u2019imm\u00e9diatet\u00e9 des \u00e9changes et des retours.<\/span><\/p>\n<p><strong><br \/>\nEt les points faibles ?<\/strong><\/p>\n<p><span id=\"FormView1_LesMoinsDesBlogsLabel\">On ne peut pas tourner les pages.<\/span><\/p>\n<p><strong><br \/>\nComment penses-tu que la blogosph\u00e8re BD va \u00e9voluer ?<\/strong><\/p>\n<p><span id=\"FormView1_AvenirDesBlogsLabel\">Je<br \/>\nne peux pas pr\u00e9dire comment va \u00e9voluer la blogosph\u00e8re BD car j\u2019ai rat\u00e9<br \/>\nmon examen de blogomancie.<br \/>\nEn revanche, je sais lire l\u2019avenir dans le journal. Je peux d\u2019ores et<br \/>\nd\u00e9j\u00e0 vous pr\u00e9dire qu\u2019il fera beau demain sur l\u2019ensemble du bassin<br \/>\nm\u00e9diterran\u00e9en\u2026 apr\u00e8s dissipation des brumes matinales d\u2019usage bien<br \/>\nentendu.<br \/>\n<\/span>\n<\/p>\n<p style=\"text-align: center;\"><strong><a href=\"http:\/\/yannicklejeune.blogs.com\/.a\/6a00d8341c501b53ef011570c28e30970c-popup\" onclick=\"window.open( this.href, &#39;_blank&#39;, &#39;width=640,height=480,scrollbars=no,resizable=no,toolbar=no,directories=no,location=no,menubar=no,status=no,left=0,top=0&#39; ); return false\" style=\"display: inline;\"><img decoding=\"async\" alt=\"Transversalite-ludique\" class=\"at-xid-6a00d8341c501b53ef011570c28e30970c \" src=\"https:\/\/www.wedobd.com\/wp-content\/uploads\/2009\/07\/6a00d8341c501b53ef011570c28e30970c-500wi.gif\" \/><\/a> <br \/><\/strong><\/p>\n<\/p>\n<p><strong>Penses-tu que les gens vont de plus en plus lire de BD en ligne ?<\/strong><\/p>\n<p><span id=\"FormView1_AvenirWebComicsLabel\">Fort probablement.<\/span><\/p>\n<p><strong><br \/>\nDe mani\u00e8re g\u00e9n\u00e9rale, penses-tu que la BD num\u00e9rique (\u00e0 lire sur le web,<br \/>\nsur iPhone, sur PSP&#8230;) pourrait nuire \u00e0 la BD papier ?<\/strong><\/p>\n<p><span id=\"FormView1_EtLaBDNumeriqueLabel\">Je<br \/>\nne pense pas. La BD num\u00e9rique et la BD papier ne se \u00abconsomment\u00bb pas de<br \/>\nla m\u00eame mani\u00e8re. A mon sens, pour l\u2019instant, ce sont encore des modes<br \/>\nde lecture compl\u00e9mentaires. <\/span><\/p>\n<p><strong><a href=\"http:\/\/yannicklejeune.blogs.com\/.a\/6a00d8341c501b53ef011571b7a76e970b-popup\" onclick=\"window.open( this.href, &#39;_blank&#39;, &#39;width=640,height=480,scrollbars=no,resizable=no,toolbar=no,directories=no,location=no,menubar=no,status=no,left=0,top=0&#39; ); return false\" style=\"float: right;\"><img decoding=\"async\" alt=\"Gronene\" class=\"at-xid-6a00d8341c501b53ef011571b7a76e970b \" src=\"https:\/\/www.wedobd.com\/wp-content\/uploads\/2009\/07\/6a00d8341c501b53ef011571b7a76e970b-200wi.gif\" style=\"width: 200px; margin: 0px 0px 5px 5px;\" \/><\/a> O\u00f9 peut-on voir ton travail en dehors des blogs ?<\/strong><\/p>\n<p><span id=\"FormView1_EnDehorsDesBlogsLabel\">Je suis illustratrice, je travaille pour la presse, l\u2019\u00e9dition et la pub.<\/span><\/p>\n<p><strong><br \/>\nAs-tu des albums ? Peux-tu nous les pr\u00e9senter ?<\/strong><\/p>\n<p><span id=\"FormView1_AlbumDesBlogsLabel\">\u00ab<br \/>\nLe Petit Grumeau illustr\u00e9 \u00bb, mon deuxi\u00e8me enfant, n\u00e9 aux \u00e9ditions<br \/>\nMichel Lafon en mai 2009. Il s\u2019agit de l\u2019adaptation papier du blog mais<br \/>\navec une bonne tripot\u00e9e d\u2019in\u00e9dits (une quarantaine, r\u00e9alis\u00e9e<br \/>\nexclusivement pour la version papier).<\/span><\/p>\n<p><strong><br \/>\nQu&#39;attends-tu de ta venue au Festiblog ?<\/strong><\/p>\n<p><span id=\"FormView1_AttentesFestiblogLabel\">Au hasard\u2026 que mes gentils lecteurs m\u2019inondent de chocolat\u2026<\/span><\/p>\n<p><strong><br \/>\nParle-nous d&#39;un truc qui n&#39;a rien \u00e0 voir avec la BD et que tu aimes ?<\/strong><\/p>\n<p><span id=\"FormView1_ParleRienAVoirLabel\">J\u2019aime mon dentiste depuis qu\u2019il a pris sa retraite et qu\u2019il est parti planter des palourdes dans un kibboutz.<\/span><\/p>\n<p><strong><br \/>\nUn dernier mot ?<\/strong><\/p>\n<p><span id=\"FormView1_DernierMotLabel\">Paix, amour et endives \u00e0 l\u2019eau.<\/span><\/p>\n<\/p>\n<p><a href=\"http:\/\/yannicklejeune.blogs.com\/.a\/6a00d8341c501b53ef011571b7a861970b-popup\" onclick=\"window.open( this.href, &#39;_blank&#39;, &#39;width=640,height=480,scrollbars=no,resizable=no,toolbar=no,directories=no,location=no,menubar=no,status=no,left=0,top=0&#39; ); return false\" style=\"display: inline;\"><img decoding=\"async\" alt=\"Tu-vas-parler-3\" class=\"at-xid-6a00d8341c501b53ef011571b7a861970b \" src=\"https:\/\/www.wedobd.com\/wp-content\/uploads\/2009\/07\/6a00d8341c501b53ef011571b7a861970b-500wi.gif\" \/><\/a> <\/p>\n","protected":false},"excerpt":{"rendered":"<p>Notre 5\u00e8me invit\u00e9e est une incontournable de la blogosph\u00e8re BD et sera des notres pour la premi\u00e8re fois cette ann\u00e9e. Nous sommes donc tr\u00e8s heureux qu&#8217;elle ait accept\u00e9 notre invitation. Bienvenue \u00e0 Nathalie Jomard, la tenanci\u00e8re du c\u00e9l\u00e8bre blog &#8220;Petit pr\u00e9cis de Grumeautique&#8221;.<\/p>\n","protected":false},"author":4,"featured_media":0,"comment_status":"open","ping_status":"open","sticky":false,"template":"","format":"standard","meta":{"footnotes":""},"categories":[26,47],"tags":[567,566,565],"class_list":["post-1316","post","type-post","status-publish","format-standard","hentry","category-02-le-festival-de-2005-a-2013","category-03-interviews-de-blogueurs-bd","tag-grumeauland","tag-grumeautique","tag-nathalie-jomard"],"_links":{"self":[{"href":"https:\/\/www.wedobd.com\/index.php?rest_route=\/wp\/v2\/posts\/1316","targetHints":{"allow":["GET"]}}],"collection":[{"href":"https:\/\/www.wedobd.com\/index.php?rest_route=\/wp\/v2\/posts"}],"about":[{"href":"https:\/\/www.wedobd.com\/index.php?rest_route=\/wp\/v2\/types\/post"}],"author":[{"embeddable":true,"href":"https:\/\/www.wedobd.com\/index.php?rest_route=\/wp\/v2\/users\/4"}],"replies":[{"embeddable":true,"href":"https:\/\/www.wedobd.com\/index.php?rest_route=%2Fwp%2Fv2%2Fcomments&post=1316"}],"version-history":[{"count":2,"href":"https:\/\/www.wedobd.com\/index.php?rest_route=\/wp\/v2\/posts\/1316\/revisions"}],"predecessor-version":[{"id":4910,"href":"https:\/\/www.wedobd.com\/index.php?rest_route=\/wp\/v2\/posts\/1316\/revisions\/4910"}],"wp:attachment":[{"href":"https:\/\/www.wedobd.com\/index.php?rest_route=%2Fwp%2Fv2%2Fmedia&parent=1316"}],"wp:term":[{"taxonomy":"category","embeddable":true,"href":"https:\/\/www.wedobd.com\/index.php?rest_route=%2Fwp%2Fv2%2Fcategories&post=1316"},{"taxonomy":"post_tag","embeddable":true,"href":"https:\/\/www.wedobd.com\/index.php?rest_route=%2Fwp%2Fv2%2Ftags&post=1316"}],"curies":[{"name":"wp","href":"https:\/\/api.w.org\/{rel}","templated":true}]}}