{"id":1327,"date":"2009-06-15T03:03:22","date_gmt":"2009-06-15T01:03:22","guid":{"rendered":"https:\/\/www.wedobd.com\/?p=1327"},"modified":"2009-06-15T03:03:22","modified_gmt":"2009-06-15T01:03:22","slug":"communautes-collectifs-bd","status":"publish","type":"post","link":"https:\/\/www.wedobd.com\/?p=1327","title":{"rendered":"Communaut\u00e9s et Collectifs"},"content":{"rendered":"<p>Vous \u00eates une communaut\u00e9 qui promeut la bande dessin\u00e9e en ligne ?<\/p>\n<p>Vous \u00eates un collectif dont le site r\u00e9volutionne le fanzine num\u00e9rique ?<\/p>\n<p>Vous \u00eates sur RAV, Caf\u00e9 Sal\u00e9, Lapin, Webcomics&#8230; ?<\/p>\n<p>Vous \u00eates sur un site qu&#8217;on ne conna\u00eetrait pas et que l&#8217;on devrait fr\u00e9quenter ?<\/p>\n<p><strong>VOUS VOULEZ QUE VOTRE COMMUNAUT\u00c9 PARTICIPE OU SE RETROUVE AU FESTIVAL ?<\/strong><\/p>\n<p><span><strong><span style=\"color: #ff40ff;\">1 SEULE&nbsp;R\u00c9PONSE&nbsp;: CONTACTEZ-NOUS POUR QU&#8217;ON SE COORDONNE !<\/span><\/strong><\/span><\/p>\n<p><span style=\"color: #ff40ff;\"><span style=\"color: #111111;\">Vous voulez r\u00e9server quelques heures pour vos auteurs \u00e0 la table des communaut\u00e9s ? Vous retrouver pour un pique-nique, dans un bar ? Voire faire prendre en charge certains d\u00e9placements par le Festival ? Merci de nous en parler avant en nous envoyant un email !<\/span><\/span><\/p>\n<p><span style=\"color: #ff40ff;\"><span style=\"color: #111111;\"><span>D&#8217;abord, <\/span><\/span><\/span><span style=\"color: #ff40ff;\"><span style=\"color: #111111;\"><span>parce que \u00e7a nous permettra de faire connaissance. <br \/><\/span><\/span><\/span><\/p>\n<p><span style=\"color: #ff40ff;\"><span style=\"color: #111111;\"><span>Ensuite, <\/span><\/span><\/span><span style=\"color: #ff40ff;\"><span style=\"color: #111111;\"><span>parce qu&#8217;on peut vous aider pour pas mal de choses. <br \/><\/span><\/span><\/span><\/p>\n<p><span style=\"color: #ff40ff;\"><span style=\"color: #111111;\"><span>Ensuite, parce qu&#8217;il y a quelques r\u00e8gles \u00e0 respecter pour que tout se passe bien et qu&#8217;il est important qu&#8217;on en parle.<\/span><\/span><strong><br \/><\/strong><\/span><\/p>\n<p><strong><span style=\"color: #ff40ff;\">On fera notre maximum pour vous faire connaitre !<\/span><\/strong><\/p>\n<p>Comme vous le savez, le Festiblog est organis\u00e9 avec la mairie du 3e arrondissement et un certain nombre de partenaires financiers qui permettent \u00e0 l&#8217;\u00e9v\u00e9nement de rester gratuit, ouvert \u00e0 tous, y compris aux d\u00e9butants. A ce titre, nous vous demandons de bien vouloir faire un maximum d&#8217;efforts pour ne pas venir, par un trop plein d&#8217;enthousiasme, nuire \u00e0 la bonne organisation.<\/p>\n<p>En \u00e9change, on s&#8217;engage \u00e0 essayer de vous faire connaitre. La premi\u00e8re ann\u00e9e, \u00e7a passe par le fait de faire un peu de place \u00e0 vos auteurs dans le planning officiel comme nous le faisons tous les ans pour des gens comme l&#8217;officieuse collection, RAV, Webcomics.fr ou encore Lapin.<\/p>\n<p><strong>Cette ann\u00e9e encore un stand vous est d\u00e9di\u00e9e !<\/strong><\/p>\n<p>La premi\u00e8re chose c&#8217;est \u00e9videmment que les auteurs que nous invitons et d\u00e9frayons ne peuvent pas \u00eatre \u00e0 2 endroits en m\u00eame temps donc on vous donnera des infos sur leurs plannings.<\/p>\n<p>La deuxi\u00e8me c&#8217;est qu&#8217;il y a un libraire officiel pour le Festiblog, si vous souhaitez que vos bouquins soient pr\u00e9sents, nous pouvons organiser cela mais il nous faut les informations (Attention nous vous rappelons que les activit\u00e9s de commerce sont interdites sans autorisation).<\/p>\n<p>Par la suite, et uniquement avec ceux qui font tous les efforts pour avancer avec nous &#8220;main dans la main&#8221;, on peut aller plus loin l&#8217;ann\u00e9e qui suit.<\/p>\n<p>C&#8217;est le cas par exemple des \u00e9v\u00e9nements officiels que nous avons organis\u00e9 les ann\u00e9es pr\u00e9c\u00e9dentes : expositions officielles de Caf\u00e9 Sal\u00e9, de Donjon Pirate ou encore l&#8217;animation des jeux du dimanche par la clique des 23h de la BD ou par celle des m\u00eames 30 jours de BD. C&#8217;est \u00e9galement le cas du lancement des Mini-Blogs il y a quelques ann\u00e9es, du Dico des Blogs en 2009 et m\u00eame du Fesse-Ton-Blog, pour ne citer qu&#8217;eux (il y en a d&#8217;autres \u00e9videmment).<\/p>\n<p><strong><span style=\"color: #ff40ff;\">On peut en faire des choses mais pas n&#8217;importe quoi !<\/span><\/strong><\/p>\n<p>&nbsp;<\/p>\n<p>Le point le plus important pour nous reste le respect des auteurs, des visiteurs, de l&#8217;espace public et des sponsors.<\/p>\n<p>A ce titre, il faut que les partenaires, qu&#8217;il s&#8217;agisse de la mairie ou des entreprises, qui aident le festival ou financent la venue des auteurs et les installations ne soient pas d\u00e9rang\u00e9s par des choses qui nous \u00e9chapperaient.<\/p>\n<p>Il faut \u00e9galement que les \u00e9v\u00e9nements officiels ne soient pas trop &#8220;parasit\u00e9s&#8221;. Souvenez-vous que les auteurs que vous aimez rencontrer ne viennent que parce que le public est l\u00e0, que le public est l\u00e0 pour les auteurs.<\/p>\n<p><span style=\"color: #ff40ff;\"><strong>Un Festival gratuit qui promeut une grande partie d&#8217;artistes amateurs est une petite chose fragile, aidez-nous \u00e0 le pr\u00e9server !<\/strong><\/span><\/p>\n<p>Durant les ann\u00e9es pr\u00e9c\u00e9dentes, nous avons pu regretter certains petits d\u00e9sagr\u00e9ments comme des tracts pas conformes \u00e0 la loi (contactez-nous pour les mentions l\u00e9gales), des d\u00e9gradations de l&#8217;espace public (et qui c&#8217;est qui range et qui nettoie le soir, c&#8217;est bibi), des choses un peu aga\u00e7antes comme l&#8217;utilisation de notre logo ou du terme &#8220;partenaires&#8221; \u00e0 notre insu&#8230;<\/p>\n<p>Nous avons surtout eu \u00e0 regretter les impr\u00e9cisions de certaines initiatives qui laissaient \u00e0 penser \u00e0 des commer\u00e7ants \u00e0 proximit\u00e9 du Festival qu&#8217;ils en \u00e9taient partenaires alors que nous n&#8217;avions jamais \u00e9t\u00e9 en contact avec eux.<\/p>\n<p>Rien de grave mais ces \u00e9v\u00e9nements un peu contrariants nous ont amen\u00e9 \u00e0 r\u00e9duire la visibilit\u00e9 des communaut\u00e9s concern\u00e9es voire \u00e0 arr\u00eater de les inviter.<\/p>\n<p><strong>SVP ne contactez pas les commer\u00e7ants sans NOUS EN PARLER AVANT car nous avons des accords avec ceux qui aident \u00e0 financer la gratuit\u00e9 du Festival qui contiennent parfois des notions d&#8217;exclusivit\u00e9 : il est important qu&#8217;ils ne se sentent pas flou\u00e9s.<\/strong><\/p>\n<p>Il se peut \u00e9galement que cela bouscule l&#8217;organisation et que vous associez les mauvaises personnes \u00e0 l&#8217;\u00e9v\u00e9nement. Genre des gens pas cool et pour un Festival bas\u00e9 sur la bonne ambiance, ce serait dommage \ud83d\ude42<\/p>\n<p><span style=\"color: #ff40ff;\"><strong>Notre but est de permettre \u00e0 un maximum de choses sympas d&#8217;avoir lieu et on fera tout pour mais c&#8217;est toujours mieux quand c&#8217;est fait en bonne intelligence et avec coordination !!!<\/strong><\/span><\/p>\n<p><span style=\"color: #ff40ff;\"><strong>DONC AMIS DES COMMUNAUTES, CONTACTEZ-NOUS PAR EMAIL ET PARLONS !<br \/><\/strong><\/span><\/p>\n","protected":false},"excerpt":{"rendered":"<p>Vous \u00eates une communaut\u00e9 qui promeut la bande dessin\u00e9e en ligne ? Vous \u00eates un collectif dont le site r\u00e9volutionne le fanzine num\u00e9rique ? Vous \u00eates sur RAV, Caf\u00e9 Sal\u00e9, Lapin, Webcomics&#8230; ? Vous \u00eates sur un site qu&#8217;on ne conna\u00eetrait pas et que l&#8217;on devrait fr\u00e9quenter ? VOUS VOULEZ QUE VOTRE COMMUNAUT\u00c9 PARTICIPE OU [&hellip;]<\/p>\n","protected":false},"author":4,"featured_media":0,"comment_status":"open","ping_status":"open","sticky":false,"template":"","format":"standard","meta":{"footnotes":""},"categories":[1],"tags":[],"class_list":["post-1327","post","type-post","status-publish","format-standard","hentry","category-non-classe"],"_links":{"self":[{"href":"https:\/\/www.wedobd.com\/index.php?rest_route=\/wp\/v2\/posts\/1327","targetHints":{"allow":["GET"]}}],"collection":[{"href":"https:\/\/www.wedobd.com\/index.php?rest_route=\/wp\/v2\/posts"}],"about":[{"href":"https:\/\/www.wedobd.com\/index.php?rest_route=\/wp\/v2\/types\/post"}],"author":[{"embeddable":true,"href":"https:\/\/www.wedobd.com\/index.php?rest_route=\/wp\/v2\/users\/4"}],"replies":[{"embeddable":true,"href":"https:\/\/www.wedobd.com\/index.php?rest_route=%2Fwp%2Fv2%2Fcomments&post=1327"}],"version-history":[{"count":0,"href":"https:\/\/www.wedobd.com\/index.php?rest_route=\/wp\/v2\/posts\/1327\/revisions"}],"wp:attachment":[{"href":"https:\/\/www.wedobd.com\/index.php?rest_route=%2Fwp%2Fv2%2Fmedia&parent=1327"}],"wp:term":[{"taxonomy":"category","embeddable":true,"href":"https:\/\/www.wedobd.com\/index.php?rest_route=%2Fwp%2Fv2%2Fcategories&post=1327"},{"taxonomy":"post_tag","embeddable":true,"href":"https:\/\/www.wedobd.com\/index.php?rest_route=%2Fwp%2Fv2%2Ftags&post=1327"}],"curies":[{"name":"wp","href":"https:\/\/api.w.org\/{rel}","templated":true}]}}