{"id":1330,"date":"2009-05-13T03:13:47","date_gmt":"2009-05-13T01:13:47","guid":{"rendered":"https:\/\/www.wedobd.com\/?p=1330"},"modified":"2025-09-29T15:00:41","modified_gmt":"2025-09-29T13:00:41","slug":"cha-marraine-festiblog-2009","status":"publish","type":"post","link":"https:\/\/www.wedobd.com\/?p=1330","title":{"rendered":"Et la 2\u00e8me marraine 2009 est&#8230;"},"content":{"rendered":"<p>&#8230; choisie par Kek et P\u00e9n\u00e9lope, les parrains et marraines de l&#39;\u00e9dition pr\u00e9c\u00e9dente, la marraine du festiblog 2009 est Cha !<\/p>\n<p>&#0160;Au sein de l&#39;organisation du Festiblog on doit dire que l&#39;on est vraiment tr\u00e8s tr\u00e8s contents de ce choix \u00e9tant donn\u00e9 le talent reconnu par tous de cette pionni\u00e8re du blogs BD en France. Et puis, on l&#39;adore, nous, Cha, on est fans.<\/p>\n<p>Bon on aurait pr\u00e9f\u00e9r\u00e9 faire un sp\u00e9cial cheveux roses mais la demoiselle en question arbore une magnifique cr\u00e8te jaune en ce moment&#8230; On verra en septembre \ud83d\ude42<\/p>\n<div style=\"text-align: center;\"><img decoding=\"async\" alt=\"Festiblog\" class=\"at-xid-6a00d8341c501b53ef01156f8d2dfb970c \" src=\"https:\/\/www.wedobd.com\/wp-content\/uploads\/2009\/05\/6a00d8341c501b53ef01156f8d2dfb970c-pi.jpg\" style=\"width: 369px;\" \/><\/p>\n<div style=\"text-align: left;\"><\/div>\n<\/div>\n<p>Bon allez la semaine prochaine, on vous balance les premiers invit\u00e9s et puis tiens, d\u00e9but juin, on change le design du blog.<\/p>\n<p>PS : on va envoyer une nouvelle fourn\u00e9e d&#39;invitations suite \u00e0 la candidature de plein de gens talentueux. Il en reste n&#39;h\u00e9sitez pas \u00e0 <a href=\"http:\/\/www.festival-blogs-bd.com\/2009\/04\/etre-invite-au-festiblog.html\">remplir le formulaire.<\/a><\/p>\n","protected":false},"excerpt":{"rendered":"<p>&#8230; choisie par Kek et P\u00e9n\u00e9lope, les parrains et marraines de l&#39;\u00e9dition pr\u00e9c\u00e9dente, la marraine du festiblog 2009 est Cha ! &#0160;Au sein de l&#39;organisation du Festiblog on doit dire que l&#39;on est vraiment tr\u00e8s tr\u00e8s contents de ce choix \u00e9tant donn\u00e9 le talent reconnu par tous de cette pionni\u00e8re du blogs BD en France. [&hellip;]<\/p>\n","protected":false},"author":4,"featured_media":0,"comment_status":"open","ping_status":"open","sticky":false,"template":"","format":"standard","meta":{"footnotes":""},"categories":[26],"tags":[406,570],"class_list":["post-1330","post","type-post","status-publish","format-standard","hentry","category-02-le-festival-de-2005-a-2013","tag-cha","tag-festiblog2009"],"_links":{"self":[{"href":"https:\/\/www.wedobd.com\/index.php?rest_route=\/wp\/v2\/posts\/1330","targetHints":{"allow":["GET"]}}],"collection":[{"href":"https:\/\/www.wedobd.com\/index.php?rest_route=\/wp\/v2\/posts"}],"about":[{"href":"https:\/\/www.wedobd.com\/index.php?rest_route=\/wp\/v2\/types\/post"}],"author":[{"embeddable":true,"href":"https:\/\/www.wedobd.com\/index.php?rest_route=\/wp\/v2\/users\/4"}],"replies":[{"embeddable":true,"href":"https:\/\/www.wedobd.com\/index.php?rest_route=%2Fwp%2Fv2%2Fcomments&post=1330"}],"version-history":[{"count":1,"href":"https:\/\/www.wedobd.com\/index.php?rest_route=\/wp\/v2\/posts\/1330\/revisions"}],"predecessor-version":[{"id":4811,"href":"https:\/\/www.wedobd.com\/index.php?rest_route=\/wp\/v2\/posts\/1330\/revisions\/4811"}],"wp:attachment":[{"href":"https:\/\/www.wedobd.com\/index.php?rest_route=%2Fwp%2Fv2%2Fmedia&parent=1330"}],"wp:term":[{"taxonomy":"category","embeddable":true,"href":"https:\/\/www.wedobd.com\/index.php?rest_route=%2Fwp%2Fv2%2Fcategories&post=1330"},{"taxonomy":"post_tag","embeddable":true,"href":"https:\/\/www.wedobd.com\/index.php?rest_route=%2Fwp%2Fv2%2Ftags&post=1330"}],"curies":[{"name":"wp","href":"https:\/\/api.w.org\/{rel}","templated":true}]}}