{"id":1337,"date":"2009-02-08T17:34:12","date_gmt":"2009-02-08T16:34:12","guid":{"rendered":"https:\/\/www.wedobd.com\/?p=1337"},"modified":"2025-09-29T15:00:53","modified_gmt":"2025-09-29T13:00:53","slug":"de-retour-dangouleme","status":"publish","type":"post","link":"https:\/\/www.wedobd.com\/?p=1337","title":{"rendered":"De retour d&#8217;Angoul\u00eame"},"content":{"rendered":"<p><a href=\"http:\/\/yannicklejeune.blogs.com\/.a\/6a00d8341c501b53ef01053718f7fb970b-popup\" onclick=\"window.open( this.href, &#39;_blank&#39;, &#39;width=640,height=480,scrollbars=no,resizable=no,toolbar=no,directories=no,location=no,menubar=no,status=no,left=0,top=0&#39; ); return false\" style=\"float: left;\"><img decoding=\"async\" alt=\"Angoul\u00eame-107\" class=\"at-xid-6a00d8341c501b53ef01053718f7fb970b \" src=\"https:\/\/yannicklejeune.blogs.com\/.a\/6a00d8341c501b53ef01053718f7fb970b-200wi\" style=\"margin: 0px 5px 5px 0px; width: 200px;\" \/><\/a><br \/>\n<strong>Notre fine \u00e9quipe est rentr\u00e9e du <a href=\"http:\/\/www.bdangouleme.com\/\" target=\"_blank\">Festival International de la Bande Dessin\u00e9e d\u2019Angoul\u00eame<\/a>.<\/strong> <a href=\"http:\/\/www.yannicklejeune.com\/\" target=\"_blank\">Yannick<\/a>, <a href=\"http:\/\/carpediem.site.free.fr\/blog\/\" target=\"_blank\">Leah <\/a>et <a href=\"http:\/\/www.pastroplesboules.com\/\" target=\"_blank\">Mike <\/a>\u00e9taient invit\u00e9s \u00e0 cette 36\u00e8me \u00e9dition pr\u00e9sid\u00e9e par Dupuy et Berberian en tant que repr\u00e9sentants du Festiblog qui \u00e9tait cette ann\u00e9e encore partenaire de la <a href=\"http:\/\/www.prixdublog.com\/\" target=\"_blank\">R\u00e9v\u00e9lation Blog<\/a> organis\u00e9e par <a href=\"http:\/\/wandrille.leroy.free.fr\/blog\/\" target=\"_blank\">Wandrille<\/a>. <a href=\"http:\/\/www.blogdepaprika.com\/\" target=\"_blank\">Paprika <\/a>\u00e9tait \u00e9galement du voyage car c\u2019est en tant qu\u2019auteure qu\u2019elle fut invit\u00e9e \u00e0 d\u00e9dicacer son premier album <em><a href=\"http:\/\/www.amazon.fr\/dp\/2888902745?tag=sitewebdeyann-21&amp;camp=1414&amp;creative=6410&amp;linkCode=as1&amp;creativeASIN=2888902745&amp;adid=00WE6CJ7XKWJ4G60NT7F&amp;\" target=\"_blank\">Le maillot rouge<\/a><\/em> \u00e9dit\u00e9 chez Paquet.<\/p>\n<p><a href=\"http:\/\/yannicklejeune.blogs.com\/.a\/6a00d8341c501b53ef011168536974970c-popup\" onclick=\"window.open( this.href, &#39;_blank&#39;, &#39;width=640,height=480,scrollbars=no,resizable=no,toolbar=no,directories=no,location=no,menubar=no,status=no,left=0,top=0&#39; ); return false\" style=\"float: right;\"><img decoding=\"async\" alt=\"Penelope\" class=\"at-xid-6a00d8341c501b53ef011168536974970c \" src=\"https:\/\/www.wedobd.com\/wp-content\/uploads\/2009\/02\/6a00d8341c501b53ef011168536974970c-200wi.jpg\" style=\"margin: 0px 0px 5px 5px; width: 200px;\" \/><\/a><br \/>\nCe week-end prolong\u00e9&#0160; nous a permis de faire de belles rencontres et de revoir beaucoup de nos copains habitu\u00e9s du Festiblog&#0160; comme notre parrain 2006 <a href=\"http:\/\/turalo2.20six.fr\/\" target=\"_blank\">Turalo<\/a> et notre marraine 2008 <a href=\"http:\/\/www.penelope-jolicoeur.com\/\" target=\"_blank\">P\u00e9n\u00e9lope Jolicoeur<\/a>.<\/p>\n<p>Le vendredi soir, apr\u00e8s une session acharn\u00e9e de <em>Guitar Hero<\/em> anim\u00e9e par notre parrain 2007 <a href=\"http:\/\/poipoipanda.blogspot.com\/\" target=\"_blank\">Poipoi<\/a>, le jury dont Mike faisait parti a d\u00e9cern\u00e9 les 3 prix du blog \u00e0 <a href=\"http:\/\/dromadairebleu.canalblog.com\/\" target=\"_blank\">Dromadaire Bleu<\/a>, <a href=\"http:\/\/blog-de-vincent.blogspot.com\/\" target=\"_blank\">Vincent Cault<\/a> (qui a \u00e9galement remport\u00e9 le Prix de la BD Scolaire d&#39;Angoul\u00eame) et \u00e0 <strong>la r\u00e9v\u00e9lation 2009&#0160;: <a href=\"http:\/\/lommsek.blogspot.com\/\" target=\"_blank\">Lommsek<\/a><\/strong>. Ce dernier s\u2019est vu offrir la possibilit\u00e9 d\u2019\u00eatre \u00e9dit\u00e9 aux prestigieuses <a href=\"http:\/\/www.warum.fr\/\" target=\"_blank\">\u00e9ditions VRAOUM<\/a> et sera, s\u2019il le veut bien, invit\u00e9 officiellement au Festiblog 2009 que nous commen\u00e7ons \u00e0 pr\u00e9parer.<\/p>\n<p style=\"text-align: center;\"><span style=\"text-decoration: underline;\"><a href=\"http:\/\/yannicklejeune.blogs.com\/.a\/6a00d8341c501b53ef010537190137970b-popup\" onclick=\"window.open( this.href, &#39;_blank&#39;, &#39;width=640,height=480,scrollbars=no,resizable=no,toolbar=no,directories=no,location=no,menubar=no,status=no,left=0,top=0&#39; ); return false\" style=\"display: inline;\"><img decoding=\"async\" alt=\"Angoul\u00eame-073\" class=\"at-xid-6a00d8341c501b53ef010537190137970b \" src=\"https:\/\/www.wedobd.com\/wp-content\/uploads\/2009\/02\/6a00d8341c501b53ef010537190137970b-400wi.jpg\" style=\"width: 400px;\" \/><\/a><br \/>\n<\/span>&#0160;<\/p>\n<\/p>\n<p><a href=\"http:\/\/yannicklejeune.blogs.com\/.a\/6a00d8341c501b53ef0111685360f2970c-popup\" onclick=\"window.open( this.href, &#39;_blank&#39;, &#39;width=640,height=480,scrollbars=no,resizable=no,toolbar=no,directories=no,location=no,menubar=no,status=no,left=0,top=0&#39; ); return false\" style=\"float: right;\"><img decoding=\"async\" alt=\"MonGrasEtMoi_15062008_180437\" class=\"at-xid-6a00d8341c501b53ef0111685360f2970c \" src=\"https:\/\/www.wedobd.com\/wp-content\/uploads\/2009\/02\/6a00d8341c501b53ef0111685360f2970c-75wi.jpg\" style=\"margin: 0px 0px 5px 5px; width: 60px;\" \/><\/a><br \/>\nA noter cette ann\u00e9e que notre marraine 2007 <a href=\"http:\/\/missgally.com\/blog\/\" target=\"_blank\">Miss Gally<\/a> faisait partie de la s\u00e9lection officielle avec son album <em><a href=\"http:\/\/livre.fnac.com\/a2245401\/Gally-Mon-gras-et-moi?Mn=-1&amp;Mu=-13&amp;Ra=-1&amp;To=0&amp;Nu=2&amp;Fr=0\" target=\"_blank\">Mon gras et moi<\/a><\/em> \u00e9dit\u00e9 chez <a href=\"http:\/\/www.diantre.fr\/\" target=\"_blank\">Diantre!<\/a> qui a remport\u00e9 le prix <a href=\"http:\/\/www.bdangouleme.com\/50-palmares-2009-essentiel-fnac-sncf\" target=\"_blank\">Essentiel Fnac \u2013 SNCF<\/a>. Une r\u00e9compense prestigieuse et amplement m\u00e9rit\u00e9e !<\/p>\n<p><a href=\"http:\/\/yannicklejeune.blogs.com\/.a\/6a00d8341c501b53ef010537190297970b-popup\" onclick=\"window.open( this.href, &#39;_blank&#39;, &#39;width=640,height=480,scrollbars=no,resizable=no,toolbar=no,directories=no,location=no,menubar=no,status=no,left=0,top=0&#39; ); return false\" style=\"float: left;\"><img decoding=\"async\" alt=\"9281\" class=\"at-xid-6a00d8341c501b53ef010537190297970b \" src=\"https:\/\/www.wedobd.com\/wp-content\/uploads\/2009\/02\/6a00d8341c501b53ef010537190297970b-75wi.jpg\" style=\"margin: 0px 5px 5px 0px; width: 60px;\" \/><\/a><br \/>\nUn autre festiblogueur a \u00e9galement \u00e9t\u00e9 couronn\u00e9 \u00e0 Angoul\u00eame.&#0160; Il s\u2019agit de <a href=\"http:\/\/bastienvives.blogspot.com\/\" target=\"_blank\">Bastien Vives<\/a> qui a re\u00e7u le prix <a href=\"http:\/\/www.bdangouleme.com\/21-palmares-2009-essentiel-revelation\" target=\"_blank\">Essentiel R\u00e9v\u00e9lation<\/a> pour son magnifique album <a href=\"http:\/\/livre.fnac.com\/a2242499\/Bastien-Vives-Le-gout-du-chlore?PID=1&amp;Mn=-1&amp;Ra=-1&amp;To=0&amp;Nu=1&amp;Fr=0\" target=\"_blank\">Le go\u00fbt du Chlore<\/a> \u00e9dit\u00e9 chez <span><\/span>Casterman Un grand bravo \u00e0 toi aussi Bastien&#0160;!<\/p>\n<p>Nous sommes tr\u00e8s contents pour tous ces auteurs-blogueurs qui prouvent une fois de plus que la blogosph\u00e8re BD fourmille de talents.<\/p>\n","protected":false},"excerpt":{"rendered":"<p>Notre fine \u00e9quipe est rentr\u00e9e du Festival International de la Bande Dessin\u00e9e d\u2019Angoul\u00eame. Yannick, Leah et Mike \u00e9taient invit\u00e9s \u00e0 cette 36\u00e8me \u00e9dition pr\u00e9sid\u00e9e par Dupuy et Berberian en tant que repr\u00e9sentants du Festiblog qui \u00e9tait cette ann\u00e9e encore partenaire de la R\u00e9v\u00e9lation Blog organis\u00e9e par Wandrille. Paprika \u00e9tait \u00e9galement du voyage car c\u2019est en [&hellip;]<\/p>\n","protected":false},"author":4,"featured_media":0,"comment_status":"open","ping_status":"open","sticky":false,"template":"","format":"standard","meta":{"footnotes":""},"categories":[2],"tags":[308,192,456,467,576],"class_list":["post-1337","post","type-post","status-publish","format-standard","hentry","category-04-actualite-blogs-et-bd","tag-angouleme","tag-bd","tag-blog","tag-festival","tag-revelation"],"_links":{"self":[{"href":"https:\/\/www.wedobd.com\/index.php?rest_route=\/wp\/v2\/posts\/1337","targetHints":{"allow":["GET"]}}],"collection":[{"href":"https:\/\/www.wedobd.com\/index.php?rest_route=\/wp\/v2\/posts"}],"about":[{"href":"https:\/\/www.wedobd.com\/index.php?rest_route=\/wp\/v2\/types\/post"}],"author":[{"embeddable":true,"href":"https:\/\/www.wedobd.com\/index.php?rest_route=\/wp\/v2\/users\/4"}],"replies":[{"embeddable":true,"href":"https:\/\/www.wedobd.com\/index.php?rest_route=%2Fwp%2Fv2%2Fcomments&post=1337"}],"version-history":[{"count":1,"href":"https:\/\/www.wedobd.com\/index.php?rest_route=\/wp\/v2\/posts\/1337\/revisions"}],"predecessor-version":[{"id":4825,"href":"https:\/\/www.wedobd.com\/index.php?rest_route=\/wp\/v2\/posts\/1337\/revisions\/4825"}],"wp:attachment":[{"href":"https:\/\/www.wedobd.com\/index.php?rest_route=%2Fwp%2Fv2%2Fmedia&parent=1337"}],"wp:term":[{"taxonomy":"category","embeddable":true,"href":"https:\/\/www.wedobd.com\/index.php?rest_route=%2Fwp%2Fv2%2Fcategories&post=1337"},{"taxonomy":"post_tag","embeddable":true,"href":"https:\/\/www.wedobd.com\/index.php?rest_route=%2Fwp%2Fv2%2Ftags&post=1337"}],"curies":[{"name":"wp","href":"https:\/\/api.w.org\/{rel}","templated":true}]}}