{"id":152,"date":"2013-07-18T08:15:00","date_gmt":"2013-07-18T06:15:00","guid":{"rendered":"https:\/\/www.wedobd.com\/?p=152"},"modified":"2025-09-29T14:19:52","modified_gmt":"2025-09-29T12:19:52","slug":"fabien-te","status":"publish","type":"post","link":"https:\/\/www.wedobd.com\/?p=152","title":{"rendered":"Invit\u00e9 #9 : Fabien T\u00ea"},"content":{"rendered":"<p><strong>Notre prochain invit\u00e9 nous rejoindra pour la deuxi\u00e8me ann\u00e9e cons\u00e9cutive et le moins que l&#39;on puisse dire, c&#39;est qu&#39;il se pr\u00e9pare pour vous recevoir. <a href=\"http:\/\/fabien-t.blogspot.fr\/\" target=\"_blank\" title=\"Midi \u00e0 quatorze heures!\">Fabien T\u00ea<\/a> et sa manette seront l\u00e0.<\/strong><\/p>\n<p><strong><br \/>\n<a class=\"asset-img-link\" href=\"http:\/\/yannicklejeune.blogs.com\/.a\/6a00d8341c501b53ef0191043fd39a970c-popup\" onclick=\"window.open( this.href, &#39;_blank&#39;, &#39;width=640,height=480,scrollbars=no,resizable=no,toolbar=no,directories=no,location=no,menubar=no,status=no,left=0,top=0&#39; ); return false\" style=\"display: inline;\"><img decoding=\"async\" alt=\"Illu 1 FT\" class=\"asset  asset-image at-xid-6a00d8341c501b53ef0191043fd39a970c\" src=\"https:\/\/www.wedobd.com\/wp-content\/uploads\/2013\/07\/6a00d8341c501b53ef0191043fd39a970c-450wi.jpg\" style=\"width: 450px; display: block; margin-left: auto; margin-right: auto;\" title=\"Illu 1 FT\" \/><\/a><br \/><\/strong><strong>Quoi de neuf dans ta carri\u00e8re et tes projets depuis ta derni\u00e8re participation ?<\/strong><\/p>\n<p>Je bosse toujours sur le m\u00eame roman graphique que l&#39;an dernier. 220 pages \u00e7a prend du temps ! A c\u00f4t\u00e9 de \u00e7a je continue de participer \u00e0 des publications p\u00e9riodiques (Psikopat, Alimentation G\u00e9n\u00e9rale). Je devrais faire une apparition prochaine dans le Lanfeust Mag. Et sinon je travaille sur d&#39;autres projets BD et illustration en cours \u00e0 des stades plus ou moins avanc\u00e9s. <\/p>\n<p><\/p>\n<p><strong>Cette ann\u00e9e, le th\u00e8me du Festiblog, c&#39;est &#39;Les jeux vid\u00e9o&#39;, alors dis-nous, quel est ton jeu vid\u00e9o pr\u00e9f\u00e9r\u00e9 de tout temps ? Et auxquels joues-tu actuellement ?<\/strong><\/p>\n<p>J&#39;ai pas mal jou\u00e9 \u00e0 Street Fighters pendant mes \u00e9tudes. Je ne me souviens plus de la version mais \u00e7a devait \u00eatre bien avant l&#39;invention du CD. Actuellement je ne joue plus \u00e0 des jeux vid\u00e9os \u00e0 part peu \u00eatre Angry Bird sur le t\u00e9l\u00e9phone quand j&#39;attends quelque chose\/quelqu&#39;un et que je veux passer le temps. <\/p>\n<p><\/p>\n<p><strong>Un mot pour ceux qui vont venir te voir ?<\/strong><\/p>\n<p>Je vous ai compris. <\/p>\n<p><\/p>\n<p><strong>Quelque chose \u00e0 ajouter ?<\/strong><\/p>\n<p>Ich bin ein Berliner. <\/p>\n<p><a class=\"asset-img-link\" href=\"http:\/\/yannicklejeune.blogs.com\/.a\/6a00d8341c501b53ef01901e49c532970b-popup\" onclick=\"window.open( this.href, &#39;_blank&#39;, &#39;width=640,height=480,scrollbars=no,resizable=no,toolbar=no,directories=no,location=no,menubar=no,status=no,left=0,top=0&#39; ); return false\" style=\"display: inline;\"><img decoding=\"async\" alt=\"Illu 2 FT\" class=\"asset  asset-image at-xid-6a00d8341c501b53ef01901e49c532970b\" src=\"https:\/\/www.wedobd.com\/wp-content\/uploads\/2013\/07\/6a00d8341c501b53ef01901e49c532970b-450wi.jpg\" style=\"width: 450px; display: block; margin-left: auto; margin-right: auto;\" title=\"Illu 2 FT\" \/><\/a><\/p>\n","protected":false},"excerpt":{"rendered":"<p>Notre prochain invit\u00e9 nous rejoindra pour la deuxi\u00e8me ann\u00e9e cons\u00e9cutive et le moins que l&#39;on puisse dire, c&#39;est qu&#39;il se pr\u00e9pare pour vous recevoir. Fabien T\u00ea et sa manette seront l\u00e0. Quoi de neuf dans ta carri\u00e8re et tes projets depuis ta derni\u00e8re participation ? Je bosse toujours sur le m\u00eame roman graphique que l&#39;an [&hellip;]<\/p>\n","protected":false},"author":6,"featured_media":0,"comment_status":"open","ping_status":"open","sticky":false,"template":"","format":"standard","meta":{"footnotes":""},"categories":[47],"tags":[147],"class_list":["post-152","post","type-post","status-publish","format-standard","hentry","category-03-interviews-de-blogueurs-bd","tag-fabien-te"],"_links":{"self":[{"href":"https:\/\/www.wedobd.com\/index.php?rest_route=\/wp\/v2\/posts\/152","targetHints":{"allow":["GET"]}}],"collection":[{"href":"https:\/\/www.wedobd.com\/index.php?rest_route=\/wp\/v2\/posts"}],"about":[{"href":"https:\/\/www.wedobd.com\/index.php?rest_route=\/wp\/v2\/types\/post"}],"author":[{"embeddable":true,"href":"https:\/\/www.wedobd.com\/index.php?rest_route=\/wp\/v2\/users\/6"}],"replies":[{"embeddable":true,"href":"https:\/\/www.wedobd.com\/index.php?rest_route=%2Fwp%2Fv2%2Fcomments&post=152"}],"version-history":[{"count":1,"href":"https:\/\/www.wedobd.com\/index.php?rest_route=\/wp\/v2\/posts\/152\/revisions"}],"predecessor-version":[{"id":1995,"href":"https:\/\/www.wedobd.com\/index.php?rest_route=\/wp\/v2\/posts\/152\/revisions\/1995"}],"wp:attachment":[{"href":"https:\/\/www.wedobd.com\/index.php?rest_route=%2Fwp%2Fv2%2Fmedia&parent=152"}],"wp:term":[{"taxonomy":"category","embeddable":true,"href":"https:\/\/www.wedobd.com\/index.php?rest_route=%2Fwp%2Fv2%2Fcategories&post=152"},{"taxonomy":"post_tag","embeddable":true,"href":"https:\/\/www.wedobd.com\/index.php?rest_route=%2Fwp%2Fv2%2Ftags&post=152"}],"curies":[{"name":"wp","href":"https:\/\/api.w.org\/{rel}","templated":true}]}}