{"id":155,"date":"2013-07-15T09:22:10","date_gmt":"2013-07-15T07:22:10","guid":{"rendered":"https:\/\/www.wedobd.com\/?p=155"},"modified":"2025-09-29T14:19:57","modified_gmt":"2025-09-29T12:19:57","slug":"anne-teuf","status":"publish","type":"post","link":"https:\/\/www.wedobd.com\/?p=155","title":{"rendered":"Invit\u00e9e #6 : Anne Teuf"},"content":{"rendered":"<p><strong>Sur son blog, elle raconte la vie de sa grand-m\u00e8re en Alsace pendant la premi\u00e8re guerre mondiale. Nous aurons le plaisir de d\u00e9couvrir Anne Teuf et <a href=\"http:\/\/www.finnele.fr\/\" target=\"_blank\">Finnele<\/a> au Festiblog pour la premi\u00e8re fois cette ann\u00e9e !<\/strong><\/p>\n<p><strong><br \/><\/strong><\/p>\n<p style=\"text-align: center;\"><strong><br \/>\n<a class=\"asset-img-link\" href=\"http:\/\/yannicklejeune.blogs.com\/.a\/6a00d8341c501b53ef0192ac043eb1970d-popup\" onclick=\"window.open( this.href, &#39;_blank&#39;, &#39;width=640,height=480,scrollbars=no,resizable=no,toolbar=no,directories=no,location=no,menubar=no,status=no,left=0,top=0&#39; ); return false\" style=\"display: inline;\"><img decoding=\"async\" alt=\"Teuf festiblog\" class=\"asset  asset-image at-xid-6a00d8341c501b53ef0192ac043eb1970d\" src=\"https:\/\/www.wedobd.com\/wp-content\/uploads\/2013\/07\/6a00d8341c501b53ef0192ac043eb1970d-580wi.jpg\" style=\"width: 560px;\" title=\"Teuf festiblog\" \/><\/a><\/p>\n<p><\/strong><\/p>\n<p><strong>Qui es-tu ?<\/strong><\/p>\n<p>Je m&#39;appelle Anne Teuf. Je suis illustratrice et dessinatrice de bande dessin\u00e9e jeunesse. <\/p>\n<p><\/p>\n<p><strong>Comment as-tu commenc\u00e9 \u00e0 dessiner ?<\/strong><\/p>\n<p>Je ne m&#39;en souviens plus.Toute petite,avec un crayon et du papier,je suppose. <\/p>\n<p><\/p>\n<p><strong>As-tu suivi une formation ?<\/strong><\/p>\n<p>J&#39;ai suivi au lyc\u00e9e Albert Schweizer de Mulhouse une section A7( bac litt\u00e9raire dessin \u00e0 l&#39;\u00e9poque-le d\u00e9but des ann\u00e9es 80). Puis j&#39;ai \u00e9t\u00e9 admise \u00e0 l&#39;Ecole Nationale des Arts D\u00e9coratifs de Strasbourg. <\/p>\n<p><\/p>\n<p><strong><a class=\"asset-img-link\" href=\"http:\/\/yannicklejeune.blogs.com\/.a\/6a00d8341c501b53ef0191043b1b53970c-pi\" style=\"float: right;\"><img decoding=\"async\" alt=\"Maquignons\" border=\"0\" class=\"asset  asset-image at-xid-6a00d8341c501b53ef0191043b1b53970c\" src=\"https:\/\/www.wedobd.com\/wp-content\/uploads\/2013\/07\/6a00d8341c501b53ef0191043b1b53970c-800wi.jpg\" style=\"margin: 0px 0px 5px 5px;\" title=\"Maquignons\" \/><\/a>Peux-tu pr\u00e9senter ton blog ou ton webcomics ?<\/strong><\/p>\n<p>&quot;<a href=\"http:\/\/www.finnele.fr\/\" target=\"_blank\">Finnele<\/a>&quot; est une bande dessin\u00e9e \u00e0 suivre. Je poste une page par semaine. Le blog raconte comment ma grand-m\u00e8re maternelle, enfant, a v\u00e9cu avec sa famille la guerre 1914-1918 sur le front d&#39;Alsace.<\/p>\n<p><\/p>\n<p><strong>Pourquoi as-tu commenc\u00e9 \u00e0 bloguer ou \u00e0 publier tes BD en ligne ?<\/strong><\/p>\n<p>Je commen\u00e7ais \u00e0 fatiguer sur mes travaux de commande. Mon copain m&#39;a propos\u00e9 de cr\u00e9er un blog pour r\u00e9aliser des dessins plus personnels. Faire de jolies images n&#39;est pas mon fort. Donc,il s&#39;agissait de raconter quelque chose. Ma vie personnelle \u00e9tant particuli\u00e8rement inint\u00e9ressante, je n&#39;avais rien \u00e0 dire l\u00e0-dessus. Puis je me suis souvenue qu&#39;en 2006 j&#39;avais post\u00e9 sur le blog de <a href=\"http:\/\/www.lisamandel.net\/\" target=\"_blank\">Lisa Mandel<\/a> &quot;Libre comme un poney sauvage&quot; deux pages de bande dessin\u00e9e qui r\u00e9sumaient la vie de ma grand m\u00e8re. Elles avaient rencontr\u00e9 beaucoup de succ\u00e8s. &quot;Finnele&quot; est en quelque sorte la version longue de cette histoire. <\/p>\n<p><\/p>\n<p><strong>Quel public voulais-tu rencontrer ?<\/strong><\/p>\n<p>Tous les publics; les vieux, les jeunes, le monde entier ! <\/p>\n<p><\/p>\n<p><strong>Et finalement qui sont tes lecteurs ?<\/strong><\/p>\n<p>Ma famille, mes copains, mes amis facebook ! <\/p>\n<p><\/p>\n<p><strong>Combien de temps passes-tu en moyenne sur tes notes ?<\/strong><\/p>\n<p>Le dessin d&#39;une page me prend en gros une bonne journ\u00e9e. Ecrire l&#39;histoire est plus long, j&#39;avance au rythme de s\u00e9quences d&#39;une dizaine de planches. <\/p>\n<p><\/p>\n<p><strong>Est-ce que ce sont des dessins sp\u00e9cialement faits pour le blog ?<\/strong><\/p>\n<p>Ben oui. J&#39;essaye de faire en sorte que le dessin et la narration soient le plus fluide possible. Et j&#39;\u00e9vite au maximum les pav\u00e9s de textes.<\/p>\n<p>&#0160;<\/p>\n<p style=\"text-align: center;\">\n<a class=\"asset-img-link\" href=\"http:\/\/yannicklejeune.blogs.com\/.a\/6a00d8341c501b53ef0192ac044ef7970d-pi\" style=\"display: inline;\"><img decoding=\"async\" alt=\"Baoom\" border=\"0\" class=\"asset  asset-image at-xid-6a00d8341c501b53ef0192ac044ef7970d image-full\" src=\"https:\/\/www.wedobd.com\/wp-content\/uploads\/2013\/07\/6a00d8341c501b53ef0192ac044ef7970d-800wi.jpg\" title=\"Baoom\" \/><\/a><\/p>\n<p><\/p>\n<p><strong>Avec quoi dessines-tu ?<\/strong><\/p>\n<p>Le dessin est r\u00e9alis\u00e9 au rapidographe (style Rotring) sur papier ingres format A4. Je crayonne par-dessus des zones plus ou moins fonc\u00e9es \u00e0 la mine noire. Puis je frotte le tout, pour faire ressortir la trame du papier. Des retouches \u00e0 la gomme et un peu de travail sur les contrastes. Et hop,fini. <\/p>\n<p><\/p>\n<p><strong>Quelles sont tes influences graphiques ?<\/strong><\/p>\n<p>Elle sont tr\u00e8s diverses; Osamu Tezuka, Robert Crumb, Marc Wasterlain, Marjane Satrapi, Hiromu Arakawa&#8230; et plein d&#39;autres auteurs de bd dont le nom ne me viens pas \u00e0 l&#39;esprit. <\/p>\n<p><\/p>\n<p><strong>Combien de temps passes-tu sur les blogs des autres ?<\/strong><\/p>\n<p>Au moins un quart d&#39;heure par jour. <\/p>\n<p><\/p>\n<p><strong>Quels sont ceux dont tu es fan ?<\/strong><\/p>\n<p>&quot;<a href=\"http:\/\/tumourrasmoinsbete.blogspot.fr\/\" target=\"_blank\">Tu mourras moins b\u00eate&#8230;<\/a>&quot; &quot;<a href=\"http:\/\/incarnfiction.blogspot.fr\/\" target=\"_blank\">Cigish et le sacril\u00e8ge<\/a>&quot; &quot;<a href=\"http:\/\/www.sanaa-k.com\/\" target=\"_blank\">Sanaa K blog<\/a>&quot;, <a href=\"http:\/\/etiennejung.blogspot.fr\/\" target=\"_blank\">le blog d&#39;Etienne Jung<\/a>. <\/p>\n<p><\/p>\n<p><strong>As-tu fait des rencontres gr\u00e2ce aux blogs ?<\/strong><\/p>\n<p>Pas pour l&#39;instant.<\/p>\n<p>&#0160;<\/p>\n<p style=\"text-align: center;\">\n<a class=\"asset-img-link\" href=\"http:\/\/yannicklejeune.blogs.com\/.a\/6a00d8341c501b53ef0192ac045070970d-pi\" style=\"display: inline;\"><img decoding=\"async\" alt=\"Finnele84\" border=\"0\" class=\"asset  asset-image at-xid-6a00d8341c501b53ef0192ac045070970d image-full\" src=\"https:\/\/www.wedobd.com\/wp-content\/uploads\/2013\/07\/6a00d8341c501b53ef0192ac045070970d-800wi.jpg\" title=\"Finnele84\" \/><\/a><\/p>\n<p><\/p>\n<p><strong>Es-tu sensible aux commentaires ?<\/strong><\/p>\n<p>Je n&#39;en ai pas beaucoup. Mais oui, quand j&#39;en ai, je suis tr\u00e8s flatt\u00e9e. <\/p>\n<p><\/p>\n<p><strong>De mani\u00e8re g\u00e9n\u00e9rale, que penses-tu que la BD num\u00e9rique (\u00e0 lire sur le web, sur iPhone, sur PSP&#8230;) ?<\/strong><\/p>\n<p>Que c&#39;est un art \u00e0 part enti\u00e8re, dont l&#39;histoire est en train de s&#39;\u00e9crire. Les blogs bd actuels ne sont pas des bandes dessin\u00e9es num\u00e9riques. Ce sont des cases de bd traditionnelles que l&#39;on rolle pour les lire. Pour la plupart des blogueurs, moi y compris, le but ultime est de se faire \u00e9diter sur papier. Il y a divers magazines num\u00e9riques qui se mettent en place, <a href=\"http:\/\/www.professeurcyclope.fr\/\" target=\"_blank\">le professeur Cyclope<\/a>, <a href=\"http:\/\/www.larevuedessinee.fr\/\" target=\"_blank\">la Revue Dessin\u00e9e<\/a>. Mais l\u00e0 aussi, la finalit\u00e9 c&#39;est la sortie en journal papier. La Bd num\u00e9rique doit \u00eatre un m\u00e9dia sp\u00e9cifique que l&#39;on ne peut suivre que sur \u00e9cran, et nulle part ailleurs. En utilisant des outils sp\u00e9cifiques d&#39;animation \u00e0 la lecture, style turbom\u00e9dia. Les exp\u00e9riences les plus int\u00e9ressantes sont pr\u00e9sent\u00e9es par les auteurs am\u00e9ricains. Comme sur le site <a href=\"http:\/\/thrillbent.com\/\" target=\"_blank\">Thrillbent<\/a>. C&#39;est une aventure passionnante. <\/p>\n<p><\/p>\n<p><strong>O\u00f9 peut-on voir ton travail en dehors de ton site ?<\/strong><\/p>\n<p>Dans des livres scolaires et dans la presse jeunesse. Je dessine une s\u00e9rie de bande dessin\u00e9e &quot;Fil et Flo&quot;(sc\u00e9nario Anouk Bloch) pour le magasine &quot;<a href=\"http:\/\/www.toutabo.com\/abonnement-magazine\/jeunesse\/filles\/abonnement-les-p-tites-sorcieres\" target=\"_blank\">les p&#39;tites sorci\u00e8res<\/a>&quot;. <\/p>\n<p><\/p>\n<p><strong><br \/>\n<a class=\"asset-img-link\" href=\"http:\/\/yannicklejeune.blogs.com\/.a\/6a00d8341c501b53ef0192ac044fbb970d-pi\" style=\"float: left;\"><img decoding=\"async\" alt=\"Fil_flo_couv\" class=\"asset  asset-image at-xid-6a00d8341c501b53ef0192ac044fbb970d\" src=\"https:\/\/www.wedobd.com\/wp-content\/uploads\/2013\/07\/6a00d8341c501b53ef0192ac044fbb970d-200wi.png\" style=\"width: 200px; margin: 0px 5px 5px 0px;\" title=\"Fil_flo_couv\" \/><\/a>As-tu des albums  ? Peux-tu nous les pr\u00e9senter ?<\/strong><\/p>\n<p>Un album, une compilation des aventures de &quot;Fil et Flo&quot;; &quot;<a href=\"http:\/\/www.asteure.com\/2010\/09\/03\/fil-et-flo-t-1-betises-et-boulette\/\" target=\"_blank\">B\u00eatises et boulette<\/a>&quot;, paru en 2009 au \u00e9ditions Asteure. <\/p>\n<p><\/p>\n<p><strong>Qu&#39;attends-tu de ta venue au Festiblog ? Un mot pour ceux qui vont venir te voir ?<\/strong><\/p>\n<p>Le plus int\u00e9ressant ce sont les rencontres. Je serai ravie de discuter avec ceux et celles qui seront pr\u00e9sents sur le festival. <\/p>\n<p><\/p>\n<p><strong>Cette ann\u00e9e, le th\u00e8me du Festiblog, c&#39;est &#39;Les jeux vid\u00e9o&#39;, alors dis-nous, quel est ton jeu vid\u00e9o pr\u00e9f\u00e9r\u00e9 de tout temps ? Et auxquels joues-tu actuellement ?<\/strong><\/p>\n<p>A\u00efe. Je n&#39;y connais rien en jeux vid\u00e9o et je n&#39;y ai jamais jou\u00e9.<\/p>\n<p><\/p>\n","protected":false},"excerpt":{"rendered":"<p>Sur son blog, elle raconte la vie de sa grand-m\u00e8re en Alsace pendant la seconde guerre mondiale. Nous aurons le plaisir de d\u00e9couvrir Anne Teuf et Finnele au Festiblog pour la premi\u00e8re fois cette ann\u00e9e !<\/p>\n","protected":false},"author":3,"featured_media":0,"comment_status":"open","ping_status":"open","sticky":false,"template":"","format":"standard","meta":{"footnotes":""},"categories":[47],"tags":[151],"class_list":["post-155","post","type-post","status-publish","format-standard","hentry","category-03-interviews-de-blogueurs-bd","tag-anne-teuf"],"_links":{"self":[{"href":"https:\/\/www.wedobd.com\/index.php?rest_route=\/wp\/v2\/posts\/155","targetHints":{"allow":["GET"]}}],"collection":[{"href":"https:\/\/www.wedobd.com\/index.php?rest_route=\/wp\/v2\/posts"}],"about":[{"href":"https:\/\/www.wedobd.com\/index.php?rest_route=\/wp\/v2\/types\/post"}],"author":[{"embeddable":true,"href":"https:\/\/www.wedobd.com\/index.php?rest_route=\/wp\/v2\/users\/3"}],"replies":[{"embeddable":true,"href":"https:\/\/www.wedobd.com\/index.php?rest_route=%2Fwp%2Fv2%2Fcomments&post=155"}],"version-history":[{"count":1,"href":"https:\/\/www.wedobd.com\/index.php?rest_route=\/wp\/v2\/posts\/155\/revisions"}],"predecessor-version":[{"id":2007,"href":"https:\/\/www.wedobd.com\/index.php?rest_route=\/wp\/v2\/posts\/155\/revisions\/2007"}],"wp:attachment":[{"href":"https:\/\/www.wedobd.com\/index.php?rest_route=%2Fwp%2Fv2%2Fmedia&parent=155"}],"wp:term":[{"taxonomy":"category","embeddable":true,"href":"https:\/\/www.wedobd.com\/index.php?rest_route=%2Fwp%2Fv2%2Fcategories&post=155"},{"taxonomy":"post_tag","embeddable":true,"href":"https:\/\/www.wedobd.com\/index.php?rest_route=%2Fwp%2Fv2%2Ftags&post=155"}],"curies":[{"name":"wp","href":"https:\/\/api.w.org\/{rel}","templated":true}]}}