{"id":157,"date":"2013-07-10T20:52:24","date_gmt":"2013-07-10T18:52:24","guid":{"rendered":"https:\/\/www.wedobd.com\/?p=157"},"modified":"2025-09-29T14:20:00","modified_gmt":"2025-09-29T12:20:00","slug":"marlene","status":"publish","type":"post","link":"https:\/\/www.wedobd.com\/?p=157","title":{"rendered":"Invit\u00e9e #4 : Marl\u00e8ne"},"content":{"rendered":"<p><strong>Elle revient au Festiblog apr\u00e8s son bapt\u00e8me l&#39;ann\u00e9e derni\u00e8re. A l&#39;\u00e9poque elle disait n&#39;avoir publi\u00e9 aucune BD mais y travailler activement&#8230; et effectivement elle n&#39;a pas ch\u00f4m\u00e9 ! Bienvenue \u00e0 <a href=\"http:\/\/marlene.illustrateur.org\/\" target=\"_blank\">Marl\u00e8ne<\/a> !<\/strong><\/p>\n<p>&#0160;<\/p>\n<p><strong><br \/>\n<a class=\"asset-img-link\" href=\"http:\/\/yannicklejeune.blogs.com\/.a\/6a00d8341c501b53ef0192abf3ffbb970d-popup\" onclick=\"window.open( this.href, &#39;_blank&#39;, &#39;width=640,height=480,scrollbars=no,resizable=no,toolbar=no,directories=no,location=no,menubar=no,status=no,left=0,top=0&#39; ); return false\" style=\"display: inline;\"><img decoding=\"async\" alt=\"Marl\u00e8ne-Festiblog\" class=\"asset  asset-image at-xid-6a00d8341c501b53ef0192abf3ffbb970d\" src=\"https:\/\/www.wedobd.com\/wp-content\/uploads\/2013\/07\/6a00d8341c501b53ef0192abf3ffbb970d-580wi.jpg\" style=\"width: 560px;\" title=\"Marl\u00e8ne-Festiblog\" \/><\/a><br \/><\/strong><\/p>\n<p>&#0160;<\/p>\n<p><strong>Quoi de neuf dans ta carri\u00e8re et tes projets depuis ta derni\u00e8re participation ?<\/strong><\/p>\n<p>Quelques albums jeunesse. Le dernier en date, <a href=\"http:\/\/www.gesteditions.com\/jeunesse\/romans-premieres-lectures\/les-fees-entrent-en-guerre\" target=\"_blank\">Les f\u00e9es entrent en guerre<\/a>, aux \u00e9ditions Petit Geste, sur un texte d&#39;<a href=\"http:\/\/arthurtenor.canalblog.com\/\" target=\"_blank\">Arthur T\u00e9nor<\/a>, devrait sortir sous peu. Des BD aussi. Une participation \u00e0 l&#39;album du <a href=\"http:\/\/www.desailessuruntracteur.com\/Pre-commandez-le-livre-PROJET-17-MAI-30-dessinateurs-contre-l-homophobie--Bande-dessinee_a66.html\" target=\"_blank\">17 mai<\/a> (\u00e9ditions Des ailes sur un tracteur). Mon tout premier album en tant qu&#39;auteur-illustrateur, <a href=\"http:\/\/www.amazon.fr\/Les-H%C3%A9ros-du-Quotidien-1\/dp\/954294716X\/ref=?ie=UTF8&amp;m=A2DKS600ZW7X08\" target=\"_blank\">Les H\u00e9ros du quotidien<\/a> (sorti en 2012 aux \u00e9ditions Amilova). La saison 2 des H\u00e9ros du quotidien, aux \u00e9ditions Yil, sortira en septembre. Il y aura aussi une exposition consacr\u00e9e aux H\u00e9ros \u00e0 la rentr\u00e9e. Un autre album Oubli\u00e9s ! qui sortira d\u00e9but 2014, aux \u00e9ditions Yil, avec <a href=\"http:\/\/monsieurto.illustrateur.org\/\" target=\"_blank\">Monsieur To<\/a> au dessin. Et la suite, on verra plus tard, \u00e0 chaque ITW suffit sa peine. <\/p>\n<p><\/p>\n<p><strong>Cette ann\u00e9e, le th\u00e8me du Festiblog, c&#39;est &#39;Les jeux vid\u00e9o&#39;, alors dis-nous, quel est ton jeu vid\u00e9o pr\u00e9f\u00e9r\u00e9 de tout temps ?&#0160;<\/strong><\/p>\n<p>Le d\u00e9mineur.<\/p>\n<p>&#0160;<\/p>\n<p><strong>Et auxquels joues-tu actuellement ?<\/strong><\/p>\n<p>Au d\u00e9mineur mais j&#39;ai pour ambition de passer au casse-briques \u00e0 un moment. <\/p>\n<p><\/p>\n<p><strong>Un mot pour ceux qui vont venir te voir ?<\/strong><\/p>\n<p>Le tr\u00e9sor est cach\u00e9 au fond du aaaaaaaaaaaaaaaaaaaaaaaaaaaaaarrgggggggg hicup rhaaaaaaaaaaaaaaaaaaaaaaaaaaaaaaaaaaaaaaaaaaaaaaa aaaaaaaaaaarrrrr <\/p>\n<p><\/p>\n<p><strong>Quelque chose \u00e0 ajouter ?<\/strong><\/p>\n<p>aaaaaaaaaarrrrrrrrrrrrrrrrraaaaaaaaaaaarrrrrrrrrrglaglaglaaaa <\/p>\n<p><\/p>\n","protected":false},"excerpt":{"rendered":"<p>Elle revient au Festiblog apr\u00e8s son bapt\u00e8me l&#8217;ann\u00e9e derni\u00e8re. A l&#8217;\u00e9poque elle disait n&#8217;avoir publi\u00e9 aucune BD mais y travailler activement&#8230; et effectivement elle n&#8217;a pas ch\u00f4m\u00e9 ! Bienvenue \u00e0 Marl\u00e8ne !<\/p>\n","protected":false},"author":3,"featured_media":0,"comment_status":"open","ping_status":"open","sticky":false,"template":"","format":"standard","meta":{"footnotes":""},"categories":[47],"tags":[153],"class_list":["post-157","post","type-post","status-publish","format-standard","hentry","category-03-interviews-de-blogueurs-bd","tag-marlene"],"_links":{"self":[{"href":"https:\/\/www.wedobd.com\/index.php?rest_route=\/wp\/v2\/posts\/157","targetHints":{"allow":["GET"]}}],"collection":[{"href":"https:\/\/www.wedobd.com\/index.php?rest_route=\/wp\/v2\/posts"}],"about":[{"href":"https:\/\/www.wedobd.com\/index.php?rest_route=\/wp\/v2\/types\/post"}],"author":[{"embeddable":true,"href":"https:\/\/www.wedobd.com\/index.php?rest_route=\/wp\/v2\/users\/3"}],"replies":[{"embeddable":true,"href":"https:\/\/www.wedobd.com\/index.php?rest_route=%2Fwp%2Fv2%2Fcomments&post=157"}],"version-history":[{"count":1,"href":"https:\/\/www.wedobd.com\/index.php?rest_route=\/wp\/v2\/posts\/157\/revisions"}],"predecessor-version":[{"id":2013,"href":"https:\/\/www.wedobd.com\/index.php?rest_route=\/wp\/v2\/posts\/157\/revisions\/2013"}],"wp:attachment":[{"href":"https:\/\/www.wedobd.com\/index.php?rest_route=%2Fwp%2Fv2%2Fmedia&parent=157"}],"wp:term":[{"taxonomy":"category","embeddable":true,"href":"https:\/\/www.wedobd.com\/index.php?rest_route=%2Fwp%2Fv2%2Fcategories&post=157"},{"taxonomy":"post_tag","embeddable":true,"href":"https:\/\/www.wedobd.com\/index.php?rest_route=%2Fwp%2Fv2%2Ftags&post=157"}],"curies":[{"name":"wp","href":"https:\/\/api.w.org\/{rel}","templated":true}]}}