{"id":171,"date":"2013-03-23T03:19:29","date_gmt":"2013-03-23T02:19:29","guid":{"rendered":"https:\/\/www.wedobd.com\/?p=171"},"modified":"2013-03-23T03:19:29","modified_gmt":"2013-03-23T02:19:29","slug":"concours-bd-illustrez-la-transition-energetique-et-soyez-invites-au-festiblog","status":"publish","type":"post","link":"https:\/\/www.wedobd.com\/?p=171","title":{"rendered":"Concours BD : illustrez la transition \u00e9nerg\u00e9tique et soyez invit\u00e9s au Festiblog !"},"content":{"rendered":"<p>Bonjour \u00e0 tous,&#0160;<\/p>\n<p>Nous allons lancer une premi\u00e8re salve d&#39;invitations pour le Festiblog 2013, ce week-end.<\/p>\n<p>Il existe un autre moyen d&#39;\u00eatre invit\u00e9 \u00e0 d\u00e9dicacer parmi les auteurs, participer au Concours BD de notre partenaire et contribuer \u00e0 un d\u00e9bat citoyen qui a pour sujet &quot;la transition \u00e9nerg\u00e9tique&quot; en 6 cases, tous les d\u00e9tails ci-dessous :<\/p>\n<p><strong><a href=\"http:\/\/www.audeladeslignes.com\/telecharger-votre-planche-bd\"><img loading=\"lazy\" decoding=\"async\" alt=\"\" height=\"200\" src=\"http:\/\/www.audeladeslignes.com\/wp-content\/uploads\/2013\/03\/Rte-Une.png\" style=\"display: block; margin-left: auto; margin-right: auto;\" title=\"Visuel Une Concours BD Transition \u00e9nerg\u00e9tique\" width=\"500\" \/><\/a><\/strong><\/p>\n<p><strong>La&#0160;<a href=\"http:\/\/www.rte-france.com\/fr\/actualites-dossiers\/comprendre\/la-transition-energetique\" target=\"_blank\">transition \u00e9nerg\u00e9tique<\/a>, vous en entendez peut-\u00eatre parler&#0160;? Vous, citoyens, \u00eates acteurs de ce changement de mod\u00e8le \u00e9nerg\u00e9tique, qui contribue \u00e0 la lutte contre le changement climatique. Pour exprimer vos avis et id\u00e9es, le blog Au-del\u00e0 des lignes vous propose un concours BD&#0160;!&#0160;<\/strong><strong>A gagner&#0160;: invitations aux salons BD, stages BD, abonnements \u00e0 des magazines BD\u2026<\/strong><\/p>\n<p><a href=\"http:\/\/www.audeladeslignes.com\/wp-content\/uploads\/2013\/03\/a1.png\"><img loading=\"lazy\" decoding=\"async\" alt=\"\" height=\"57\" src=\"http:\/\/www.audeladeslignes.com\/wp-content\/uploads\/2013\/03\/a1.png\" style=\"display: block; margin-left: auto; margin-right: auto;\" title=\"Intertitre Partagez vos id\u00e9es !\" width=\"244\" \/><\/a><\/p>\n<p>La&#0160;<a href=\"http:\/\/www.rte-france.com\/fr\/actualites-dossiers\/comprendre\/la-transition-energetique\" target=\"_blank\">transition \u00e9nerg\u00e9tique&#0160;<\/a>n\u2019est pas l\u2019apanage des experts. Vous aussi, participez au d\u00e9bat citoyen. Curieux et connaisseurs de l\u2019\u00e9nergie, sc\u00e9naristes et dessinateurs en herbes, fans de web comics, de bandes dessin\u00e9es\u2026 et autres amoureux du \u00ab&#0160;neuvi\u00e8me art&#0160;\u00bb&#0160;: exprimez-vous.<\/p>\n<p>&#0160;<a href=\"http:\/\/www.audeladeslignes.com\/wp-content\/uploads\/2013\/03\/a2.png\"><img loading=\"lazy\" decoding=\"async\" alt=\"\" height=\"71\" src=\"http:\/\/www.audeladeslignes.com\/wp-content\/uploads\/2013\/03\/a2.png\" style=\"display: block; margin-left: auto; margin-right: auto;\" title=\"Intertitre Participez au concours BD\" width=\"406\" \/><\/a><\/p>\n<p>Parmi les multiples d\u00e9fis de ce changement plan\u00e9taire, le blog vous en propose deux, li\u00e9s aux enjeux de l\u2019\u00e9lectricit\u00e9.&#0160;Choisissez-en un et illustrez-le par une planche BD de 6 cases.<\/p>\n<p><a href=\"http:\/\/www.audeladeslignes.com\/concours-bd-transition-energetique-les-deux-defis-a-relever-20221\" target=\"_blank\"><strong>&gt;Choisissez ici un d\u00e9fi<\/strong>&#0160;&#0160;<\/a><em><br \/><\/em><em>&#0160;<\/em>Pas de bonne ou de mauvaise r\u00e9ponse, chacun exprime son opinion, chacun partage ses r\u00e9actions. Clart\u00e9 et cr\u00e9ativit\u00e9 seront vos plus beaux atouts&#0160;!<\/p>\n<p><a href=\"http:\/\/www.audeladeslignes.com\/telecharger-votre-planche-bd\" target=\"_blank\"><strong>&gt;Envoyez ici votre planche BD<\/strong>&#0160;<br \/><\/a><em>Format jpg ou png. Taille minimum 400 x 400 pixels\/ maximum&#0160;: 1200 x 1600 pixels. Poids maximum&#0160;: 5 Mo.<\/em><\/p>\n<p>&#0160;<strong>Date limite&#0160;: 22 avril 2013 minuit.<\/strong><\/p>\n<p>&#0160;<a href=\"http:\/\/www.audeladeslignes.com\/wp-content\/uploads\/2013\/03\/a3re.png\"><img loading=\"lazy\" decoding=\"async\" alt=\"\" height=\"58\" src=\"http:\/\/www.audeladeslignes.com\/wp-content\/uploads\/2013\/03\/a3re.png\" style=\"display: block; margin-left: auto; margin-right: auto;\" title=\"Intertitre De nombreux lots \u00e0 gagner\" width=\"321\" \/><\/a><a href=\"http:\/\/www.audeladeslignes.com\/wp-content\/uploads\/2013\/03\/a3.png\"><\/a><\/p>\n<ul>\n<li>1<sup>er<\/sup>&#0160;prix&#0160;: stage BD de 5 demi-journ\u00e9es (d\u2019une valeur de 160\u20ac), participation au Festiblog 2013 et au d\u00eener des auteurs BDs en tant qu\u2019auteur invit\u00e9 (Paris 3<sup>e<\/sup>), bon d\u2019achat de 150\u20ac aupr\u00e8s des deux libraires de<a href=\"http:\/\/www.festival-blogs-bd.com\/\" target=\"_blank\">&#0160;Festiblog<\/a><\/li>\n<li>2<sup>\u00e8me<\/sup>&#0160;prix&#0160;: stage BD de 5 demi-journ\u00e9es (d\u2019une valeur de 160\u20ac), invitation au&#0160;<a href=\"http:\/\/www.bdangouleme.com\/\" target=\"_blank\">Salon International de la BD d\u2019Angoul\u00eame 2014<\/a><\/li>\n<li>3<sup>\u00e8me<\/sup>&#0160;au 5<sup>\u00e8me<\/sup>&#0160;prix&#0160;: stage BD de 5 demi-journ\u00e9es (d\u2019une valeur de 160\u20ac)<\/li>\n<li>Du 5<sup>\u00e8me<\/sup>&#0160;au 10<sup>\u00e8me<\/sup>&#0160;prix&#0160;:&#0160;bon d\u2019achat de 50\u20ac \u00e0 valoir dans les boutiques du r\u00e9seau<a href=\"http:\/\/www.album.fr\/\" target=\"_blank\">Album<\/a>, un abonnement d\u2019un an \u00e0&#0160;un magazine sp\u00e9cialis\u00e9 BD (au choix parmi&#0160;L\u2019Immanquable, CaseMate, CanalBD)<\/li>\n<\/ul>\n<p><a href=\"http:\/\/www.audeladeslignes.com\/wp-content\/uploads\/2013\/03\/a4.png\"><img loading=\"lazy\" decoding=\"async\" alt=\"\" height=\"57\" src=\"http:\/\/www.audeladeslignes.com\/wp-content\/uploads\/2013\/03\/a4.png\" style=\"display: block; margin-left: auto; margin-right: auto;\" title=\"Intertitre Les gagnants\" width=\"206\" \/><\/a><\/p>\n<p><strong>Du 22 mai au 10 juin, tous, internautes, vous pourrez voter en ligne pour 1 \u00e0 20 planches de votre choix<\/strong>. Et \u00e0 partir du 10 juin, les 10 planches les plus pl\u00e9biscit\u00e9es par les internautes, seront soumises au classement d\u2019un jury de professionnels&#0160;:<\/p>\n<ul>\n<li><a href=\"http:\/\/www.festival-blogs-bd.com\/\" target=\"_blank\">Yannick Lejeune, cr\u00e9ateur du Festiblog et \u00e9diteur de BD<\/a><\/li>\n<li><a href=\"http:\/\/atelier510ttc.blogspot.fr\/\" target=\"_blank\">Christian Lerolle, coloriste et cofondateur de l\u2019atelier 510 TTC<\/a><\/li>\n<li><a href=\"http:\/\/www.futura-sciences.com\/\" target=\"_blank\">Guillaume Josse, directeur de la publication de Futura Sciences<\/a><\/li>\n<li><a href=\"http:\/\/album.fr\/\" target=\"_blank\">Nathalie B\u0153uf, libraire BD du r\u00e9seau Album<\/a><\/li>\n<\/ul>\n<p>Rendez-vous fin juin sur le blog, pour conna\u00eetre le r\u00e9sultat final&#0160;!<\/p>\n<p>Ce concours BD du blog Au-del\u00e0 des lignes est organis\u00e9 en partenariat avec le&#0160;<a href=\"http:\/\/www.festival-blogs-bd.com\/\" target=\"_blank\">Festiblog<\/a>, festival du blog BD et&#0160;<a href=\"http:\/\/www.futura-sciences.com\/\" target=\"_blank\">Futura Sciences<\/a>, magazine online de l\u2019innovation, de la science et de la d\u00e9couverte.<\/p>\n<p><strong><a href=\"http:\/\/www.audeladeslignes.com\/wp-content\/uploads\/2013\/03\/a5.png\"><img loading=\"lazy\" decoding=\"async\" alt=\"\" height=\"57\" src=\"http:\/\/www.audeladeslignes.com\/wp-content\/uploads\/2013\/03\/a5.png\" style=\"display: block; margin-left: auto; margin-right: auto;\" title=\"Intertitre Comment participer\" width=\"261\" \/><\/a><br \/><\/strong>&gt;Inscrivez-vous \u00e0 cette adresse mail&#0160;:&#0160;<a href=\"mailto:concours@audeladeslignes.com\">concours@audeladeslignes.com<\/a><br \/><a href=\"http:\/\/www.audeladeslignes.com\/concours-bd-transition-energetique-les-deux-defis-a-relever-20221\" target=\"_blank\">&gt;Choisissez ici un d\u00e9fi&#0160;<\/a><em><br \/><\/em>&gt;<a href=\"http:\/\/www.audeladeslignes.com\/telecharger-votre-planche-bd\" target=\"_blank\">Envoyez ici votre planche BD avant le 22 avril 2013 minuit (heure fran\u00e7aise)&#0160;<\/a><em><br \/><\/em><a href=\"http:\/\/www.audeladeslignes.com\/reglement-du-concours-de-bd-transition-energetique\" target=\"_blank\">&gt;Acc\u00e9dez ici au r\u00e8glement du jeu<\/a><\/p>\n","protected":false},"excerpt":{"rendered":"<p>Bonjour \u00e0 tous,&#0160; Nous allons lancer une premi\u00e8re salve d&#39;invitations pour le Festiblog 2013, ce week-end. Il existe un autre moyen d&#39;\u00eatre invit\u00e9 \u00e0 d\u00e9dicacer parmi les auteurs, participer au Concours BD de notre partenaire et contribuer \u00e0 un d\u00e9bat citoyen qui a pour sujet &quot;la transition \u00e9nerg\u00e9tique&quot; en 6 cases, tous les d\u00e9tails ci-dessous [&hellip;]<\/p>\n","protected":false},"author":4,"featured_media":0,"comment_status":"open","ping_status":"open","sticky":false,"template":"","format":"standard","meta":{"footnotes":""},"categories":[2],"tags":[],"class_list":["post-171","post","type-post","status-publish","format-standard","hentry","category-04-actualite-blogs-et-bd"],"_links":{"self":[{"href":"https:\/\/www.wedobd.com\/index.php?rest_route=\/wp\/v2\/posts\/171","targetHints":{"allow":["GET"]}}],"collection":[{"href":"https:\/\/www.wedobd.com\/index.php?rest_route=\/wp\/v2\/posts"}],"about":[{"href":"https:\/\/www.wedobd.com\/index.php?rest_route=\/wp\/v2\/types\/post"}],"author":[{"embeddable":true,"href":"https:\/\/www.wedobd.com\/index.php?rest_route=\/wp\/v2\/users\/4"}],"replies":[{"embeddable":true,"href":"https:\/\/www.wedobd.com\/index.php?rest_route=%2Fwp%2Fv2%2Fcomments&post=171"}],"version-history":[{"count":0,"href":"https:\/\/www.wedobd.com\/index.php?rest_route=\/wp\/v2\/posts\/171\/revisions"}],"wp:attachment":[{"href":"https:\/\/www.wedobd.com\/index.php?rest_route=%2Fwp%2Fv2%2Fmedia&parent=171"}],"wp:term":[{"taxonomy":"category","embeddable":true,"href":"https:\/\/www.wedobd.com\/index.php?rest_route=%2Fwp%2Fv2%2Fcategories&post=171"},{"taxonomy":"post_tag","embeddable":true,"href":"https:\/\/www.wedobd.com\/index.php?rest_route=%2Fwp%2Fv2%2Ftags&post=171"}],"curies":[{"name":"wp","href":"https:\/\/api.w.org\/{rel}","templated":true}]}}