{"id":179,"date":"2013-01-07T13:46:19","date_gmt":"2013-01-07T12:46:19","guid":{"rendered":"https:\/\/www.wedobd.com\/?p=179"},"modified":"2013-01-07T13:46:19","modified_gmt":"2013-01-07T12:46:19","slug":"bastien-vives-guillaume-long-interviews","status":"publish","type":"post","link":"https:\/\/www.wedobd.com\/?p=179","title":{"rendered":"Bastien Viv\u00e8s et Guillaume long r\u00e9pondent au public"},"content":{"rendered":"<p><strong>Lors de la derni\u00e8re \u00e9dition du Festiblog, certains invit\u00e9s ont r\u00e9pondu aux questions recueillies dans les files d&#39;attente par nos amis d\u2019<a href=\"http:\/\/blog.espritbd.fr\/\" target=\"_blank\">EspritBD<\/a>. Si vous \u00eates pass\u00e9 \u00e0 c\u00f4t\u00e9 de ces sessions de questions-r\u00e9ponses, on vous propose une s\u00e9ance de rattrapage.<\/strong><\/p>\n<p><a href=\"http:\/\/bastienvives.blogspot.fr\/\" target=\"_blank\">Bastien Viv\u00e8s<\/a>, parrain du prochain Festiblog, revient sur sa longue carri\u00e8re malgr\u00e9 son jeune \u00e2ge et les raisons de son succ\u00e8s, ainsi que sur ses probl\u00e8mes de vue \ud83d\ude42<\/p>\n<p>&#0160;<\/p>\n<p><iframe loading=\"lazy\" frameborder=\"0\" height=\"315\" src=\"http:\/\/www.dailymotion.com\/embed\/video\/xusbwq\" width=\"560\"><\/iframe><br \/><a href=\"http:\/\/www.dailymotion.com\/video\/xusbwq_bd-interview-de-bastien-vives-au-festiblog-2012_creation\" target=\"_blank\">BD &#8211; Interview de Bastien Viv\u00e8s Au Festiblog 2012<\/a> <em>par <a href=\"http:\/\/www.dailymotion.com\/Esprit-BD\" target=\"_blank\">Esprit-BD<\/a><\/em>&#0160;<\/p>\n<p>&#0160;<\/p>\n<p>Et on termine en beaut\u00e9 par notre parrain 2011 <a href=\"http:\/\/long.blog.lemonde.fr\/\" target=\"_blank\">Guillaume Long<\/a> !<\/p>\n<p>&#0160;<\/p>\n<p><iframe loading=\"lazy\" frameborder=\"0\" height=\"315\" src=\"http:\/\/www.dailymotion.com\/embed\/video\/xw0rqa\" width=\"560\"><\/iframe><br \/><a href=\"http:\/\/www.dailymotion.com\/video\/xw0rqa_bd-interview-de-guillaume-long-au-festiblog-2012_creation\" target=\"_blank\">BD &#8211; Interview de Guillaume Long au Festiblog 2012<\/a> <em>par <a href=\"http:\/\/www.dailymotion.com\/Esprit-BD\" target=\"_blank\">Esprit-BD<\/a><\/em>&#0160;<\/p>\n<p>&#0160;<\/p>\n<p><strong>A lire \u00e9galement :<\/strong><\/p>\n<p>&#8211; <a href=\"http:\/\/blog.espritbd.fr\/interviews-revelation-blog-2013\" target=\"_blank\">Les interviews des nomin\u00e9s \u00e0 la R\u00e9v\u00e9lation Blog 2013 sur EspritBD.fr<\/a><br \/>&#8211; <a href=\"http:\/\/www.madmoizelle.com\/motsclefs\/blog-bd\" target=\"_blank\">Les interviews des nomin\u00e9es \u00e0 la R\u00e9v\u00e9lation Blog 2013 sur Madmoizelle.com<\/a><\/p>\n","protected":false},"excerpt":{"rendered":"<p>Lors de la derni\u00e8re \u00e9dition du Festiblog, certains invit\u00e9s ont r\u00e9pondu aux questions recueillies dans les files d&#8217;attente par nos amis d\u2019EspritBD.<\/p>\n","protected":false},"author":3,"featured_media":0,"comment_status":"open","ping_status":"closed","sticky":false,"template":"","format":"standard","meta":{"footnotes":""},"categories":[26,47],"tags":[100,174],"class_list":["post-179","post","type-post","status-publish","format-standard","hentry","category-02-le-festival-de-2005-a-2013","category-03-interviews-de-blogueurs-bd","tag-bastien-vives","tag-guillaume-long"],"_links":{"self":[{"href":"https:\/\/www.wedobd.com\/index.php?rest_route=\/wp\/v2\/posts\/179","targetHints":{"allow":["GET"]}}],"collection":[{"href":"https:\/\/www.wedobd.com\/index.php?rest_route=\/wp\/v2\/posts"}],"about":[{"href":"https:\/\/www.wedobd.com\/index.php?rest_route=\/wp\/v2\/types\/post"}],"author":[{"embeddable":true,"href":"https:\/\/www.wedobd.com\/index.php?rest_route=\/wp\/v2\/users\/3"}],"replies":[{"embeddable":true,"href":"https:\/\/www.wedobd.com\/index.php?rest_route=%2Fwp%2Fv2%2Fcomments&post=179"}],"version-history":[{"count":0,"href":"https:\/\/www.wedobd.com\/index.php?rest_route=\/wp\/v2\/posts\/179\/revisions"}],"wp:attachment":[{"href":"https:\/\/www.wedobd.com\/index.php?rest_route=%2Fwp%2Fv2%2Fmedia&parent=179"}],"wp:term":[{"taxonomy":"category","embeddable":true,"href":"https:\/\/www.wedobd.com\/index.php?rest_route=%2Fwp%2Fv2%2Fcategories&post=179"},{"taxonomy":"post_tag","embeddable":true,"href":"https:\/\/www.wedobd.com\/index.php?rest_route=%2Fwp%2Fv2%2Ftags&post=179"}],"curies":[{"name":"wp","href":"https:\/\/api.w.org\/{rel}","templated":true}]}}