{"id":194,"date":"2012-10-03T00:38:03","date_gmt":"2012-10-02T22:38:03","guid":{"rendered":"https:\/\/www.wedobd.com\/?p=194"},"modified":"2025-09-29T14:22:49","modified_gmt":"2025-09-29T12:22:49","slug":"merci","status":"publish","type":"post","link":"https:\/\/www.wedobd.com\/?p=194","title":{"rendered":"Merci"},"content":{"rendered":"<p><strong>C&#39;\u00e9tait pas gagn\u00e9 !<\/strong><\/p>\n<p style=\"text-align: center;\"><strong><br \/>\n<a class=\"asset-img-link\" href=\"http:\/\/yannicklejeune.blogs.com\/.a\/6a00d8341c501b53ef017c32488a84970b-popup\" onclick=\"window.open( this.href, &#39;_blank&#39;, &#39;width=640,height=480,scrollbars=no,resizable=no,toolbar=no,directories=no,location=no,menubar=no,status=no,left=0,top=0&#39; ); return false\" style=\"display: inline;\"><img decoding=\"async\" alt=\"Travaux\" class=\"asset  asset-image at-xid-6a00d8341c501b53ef017c32488a84970b\" src=\"https:\/\/www.wedobd.com\/wp-content\/uploads\/2012\/10\/6a00d8341c501b53ef017c32488a84970b-450wi.jpg\" style=\"width: 450px;\" title=\"Travaux\" \/><\/a><\/p>\n<p><\/strong><\/p>\n<p style=\"text-align: left;\">Un mois avant, on avait d\u00e9couvert que la rue du Festiblog \u00e9tait travers\u00e9e de travaux annonc\u00e9s comme se terminant fin novembre et qu&#39;il y avait une immense tranch\u00e9e au milieu du passage.<\/p>\n<p>Quelques semaines avant, on nous a dit qu&#39;il y aurait la Love Life Parade des Solidays le dimanche et qu&#39;on aurait personne ce jour-l\u00e0.<\/p>\n<p>Le week-end d&#39;avant, les pr\u00e9visions m\u00e9t\u00e9o nous ont dit qu&#39;il y aurait des trombes d&#39;eau.<\/p>\n<p>Et la veille, on nous a annonc\u00e9 qu&#39;il y aurait une invasion de fascistes le samedi \u00e0 R\u00e9publique et que leur cort\u00e8ge passerait \u00e0 quelques centaines de m\u00e8tres.<\/p>\n<p><strong>Et puis, comme par magie&#8230;<\/strong><\/p>\n<p>Les travaux ont \u00e9t\u00e9 termin\u00e9s quelques heures avant (\u00e0 16h le vendredi).<\/p>\n<p>Les chars et la musique des Solidays (par ailleurs une tr\u00e8s belle cause qu&#39;on aime beaucoup) ont attir\u00e9 <a href=\"http:\/\/www.solidarite-sida.org\/20-ans-de-solidarite\/2012-en-images\/#4164\" target=\"_self\">des centaines de milliers de personnes<\/a> dont certaines nous ont rejoint dimanche en milieu d&#39;apr\u00e8s-midi.<\/p>\n<p>A part quelques nuages le samedi, le soleil s&#39;est mis \u00e0 briller.<\/p>\n<p>La pr\u00e9fecture a annul\u00e9 le rassemblement des mangemorts (et ce qui s&#39;est pass\u00e9 \u00e0 R\u00e9publique est rest\u00e9 \u00e0 R\u00e9publique, ou \u00e0 <a href=\"http:\/\/www.liberation.fr\/societe\/2012\/09\/29\/manifestation-d-extreme-droite-a-paris-57-interpellations_849809\" target=\"_self\">Notre-Dame<\/a>).<\/p>\n<p><strong>Et donc, on l&#39;a fait ! Et c&#39;\u00e9tait tr\u00e8s tr\u00e8s bien !<\/strong><\/p>\n<p>ALORS MERCI A TOUS !<\/p>\n<p>Merci \u00e0 Marion Montaigne et \u00e0 Wandrille, une marraine et un parrain d&#39;exception qui ont rejoint la longue lign\u00e9e des auteurs classe qui ont chaperonn\u00e9 notre \u00e9v\u00e9nement.<\/p>\n<p>Merci \u00e0 tous les auteurs qui nous ont fait confiance, qui sont venus se joindre \u00e0 nous et ont particip\u00e9 \u00e0 nos multiples animations.<\/p>\n<p>Merci aux visiteurs, tous les auteurs s&#39;accordent pour reconnaitre que notre festival a l&#39;un des publics les plus sympas qui soit. Et pour nous qui organisons tout \u00e7a pendant plusieurs mois chaque ann\u00e9e, c&#39;est toujours un plaisir immense de vous voir si nombreux.<\/p>\n<p>Merci \u00e0 nos nombreux sponsors et partenaires, tout sp\u00e9cialement \u00e0 espritBD.fr, e-artsup, la mairie de Paris et le CRT Ile-de-France qui permettent \u00e0 cet \u00e9v\u00e9nement de rester gratuit.<\/p>\n<p>Merci aux \u00e9diteurs qui sont venus rencontrer (et signer) certains auteurs durant notre manifestation prouvant qu&#39;elle remplit son r\u00f4le de mise en avant des talents.<\/p>\n<p>Merci aux b\u00e9n\u00e9voles du staff, vous avez assur\u00e9. Grave.<\/p>\n<p>Je finirai avec un merci plus personnel. Je voudrais remercier tout particuli\u00e8rement Anais et Mike, mes accolytes de l&#39;organisation. Cette ann\u00e9e, sans eux, il n&#39;y aurait sans doute pas eu de Festiblog tant ils ont port\u00e9 l&#39;organisation de cette \u00e9dition pendant que certains imp\u00e9ratifs m&#39;en tenaient \u00e9loign\u00e9.<\/p>\n<p>Et puisqu&#39;emport\u00e9s par la joie de ce week-end, on aurait tendance \u00e0 dire merci \u00e0 la Terre enti\u00e8re et \u00e0 vouloir des poneys-licornes-p\u00e9gases pour tous, on vous laisse avec un clin d&#39;oeil qui sert aussi d&#39;indice sur le prochain parrain du Festiblog 2013 dont le th\u00e8me (scoop !) sera &quot;les Jeux Vid\u00e9o&quot; :<\/p>\n<p style=\"text-align: center;\">\n<a class=\"asset-img-link\" href=\"http:\/\/yannicklejeune.blogs.com\/.a\/6a00d8341c501b53ef017c32487fb1970b-popup\" onclick=\"window.open( this.href, &#39;_blank&#39;, &#39;width=640,height=480,scrollbars=no,resizable=no,toolbar=no,directories=no,location=no,menubar=no,status=no,left=0,top=0&#39; ); return false\" style=\"display: inline;\"><img decoding=\"async\" alt=\"Festiblog\" class=\"asset  asset-image at-xid-6a00d8341c501b53ef017c32487fb1970b\" src=\"https:\/\/www.wedobd.com\/wp-content\/uploads\/2012\/10\/6a00d8341c501b53ef017c32487fb1970b-450wi.jpg\" style=\"width: 450px;\" title=\"Festiblog\" \/><\/a><\/p>\n<p>On le r\u00e9p\u00eate tous les ans, mais notre unique salaire sur l&#39;\u00e9v\u00e9nement, c&#39;est votre sourire.&#0160;Cette ann\u00e9e encore, on se sent tr\u00e8s riches. Merci. Merci. Merci.<\/p>\n<p>Yannick Lejeune<\/p>\n","protected":false},"excerpt":{"rendered":"<p>C&#39;\u00e9tait pas gagn\u00e9 ! Un mois avant, on avait d\u00e9couvert que la rue du Festiblog \u00e9tait travers\u00e9e de travaux annonc\u00e9s comme se terminant fin novembre et qu&#39;il y avait une immense tranch\u00e9e au milieu du passage. Quelques semaines avant, on nous a dit qu&#39;il y aurait la Love Life Parade des Solidays le dimanche et [&hellip;]<\/p>\n","protected":false},"author":4,"featured_media":0,"comment_status":"open","ping_status":"open","sticky":false,"template":"","format":"standard","meta":{"footnotes":""},"categories":[26],"tags":[],"class_list":["post-194","post","type-post","status-publish","format-standard","hentry","category-02-le-festival-de-2005-a-2013"],"_links":{"self":[{"href":"https:\/\/www.wedobd.com\/index.php?rest_route=\/wp\/v2\/posts\/194","targetHints":{"allow":["GET"]}}],"collection":[{"href":"https:\/\/www.wedobd.com\/index.php?rest_route=\/wp\/v2\/posts"}],"about":[{"href":"https:\/\/www.wedobd.com\/index.php?rest_route=\/wp\/v2\/types\/post"}],"author":[{"embeddable":true,"href":"https:\/\/www.wedobd.com\/index.php?rest_route=\/wp\/v2\/users\/4"}],"replies":[{"embeddable":true,"href":"https:\/\/www.wedobd.com\/index.php?rest_route=%2Fwp%2Fv2%2Fcomments&post=194"}],"version-history":[{"count":1,"href":"https:\/\/www.wedobd.com\/index.php?rest_route=\/wp\/v2\/posts\/194\/revisions"}],"predecessor-version":[{"id":2218,"href":"https:\/\/www.wedobd.com\/index.php?rest_route=\/wp\/v2\/posts\/194\/revisions\/2218"}],"wp:attachment":[{"href":"https:\/\/www.wedobd.com\/index.php?rest_route=%2Fwp%2Fv2%2Fmedia&parent=194"}],"wp:term":[{"taxonomy":"category","embeddable":true,"href":"https:\/\/www.wedobd.com\/index.php?rest_route=%2Fwp%2Fv2%2Fcategories&post=194"},{"taxonomy":"post_tag","embeddable":true,"href":"https:\/\/www.wedobd.com\/index.php?rest_route=%2Fwp%2Fv2%2Ftags&post=194"}],"curies":[{"name":"wp","href":"https:\/\/api.w.org\/{rel}","templated":true}]}}