{"id":231,"date":"2012-09-15T10:26:40","date_gmt":"2012-09-15T08:26:40","guid":{"rendered":"https:\/\/www.wedobd.com\/?p=231"},"modified":"2025-09-29T14:24:39","modified_gmt":"2025-09-29T12:24:39","slug":"fabien-te-2","status":"publish","type":"post","link":"https:\/\/www.wedobd.com\/?p=231","title":{"rendered":"Invit\u00e9 #82 : Fabien T\u00ea"},"content":{"rendered":"<p><strong>Notre nouvel invit\u00e9 fera ses premiers pas au Festiblog cette ann\u00e9e, bienvenue \u00e0 <a href=\"http:\/\/fabien-t.blogspot.fr\/\" target=\"_blank\">Fabien T\u00ea<\/a> !<\/strong><\/p>\n<p>&#0160;<\/p>\n<p><a class=\"asset-img-link\" href=\"http:\/\/yannicklejeune.blogs.com\/.a\/6a00d8341c501b53ef01774484bb85970d-popup\" onclick=\"window.open( this.href, &#39;_blank&#39;, &#39;width=640,height=480,scrollbars=no,resizable=no,toolbar=no,directories=no,location=no,menubar=no,status=no,left=0,top=0&#39; ); return false\" style=\"display: inline;\"><img decoding=\"async\" alt=\"Dessin festiblog 2012\" class=\"asset  asset-image at-xid-6a00d8341c501b53ef01774484bb85970d\" src=\"https:\/\/www.wedobd.com\/wp-content\/uploads\/2012\/09\/6a00d8341c501b53ef01774484bb85970d-580wi.jpg\" style=\"width: 560px;\" title=\"Dessin festiblog 2012\" \/><\/a><\/p>\n<p>&#0160;<\/p>\n<p>&#0160;<\/p>\n<p><strong>Qui es-tu ?<\/strong><\/p>\n<p>Je m&#39;appelle Fabien, je suis n\u00e9 \u00e0 Orl\u00e9ans et vit actuellement \u00e0 Aix-en-Provence apr\u00e8s quelques ann\u00e9es d&#39;escapades internationales. Le jour je porte une chemise et dis des choses tr\u00e8s s\u00e9rieuses comme: &quot;il me semble pr\u00e9f\u00e9rable d&#39;investir sur le march\u00e9 porteur du charbon&quot; (au pif) et la nuit je retire ma chemise, arr\u00eate de dire des choses s\u00e9rieuses et prend un stylo pour dessiner. <\/p>\n<p><\/p>\n<p><strong>Comment as-tu commenc\u00e9 \u00e0 dessiner ?<\/strong><\/p>\n<p>Quand j&#39;\u00e9tais petit (je dirais vers 6-7 ans) en recopiant des dessins de BD qui me plaisaient. <\/p>\n<p><\/p>\n<p><strong>As-tu suivi une formation ?<\/strong><\/p>\n<p>Oui, dans le domaine porteur du charbon. Pour la BD rien de tr\u00e8s pouss\u00e9 hormis peut \u00eatre une petite formation dans un studio Br\u00e9silien (qui travaille principalement pour le march\u00e9 US) qui m&#39;a surtout servi \u00e0 me motiver pour montrer mes dessins autour de moi, m&#39;investir sur des projets plus que pour la technique. <\/p>\n<p><\/p>\n<p><strong>Peux-tu pr\u00e9senter ton blog ou ton webcomics ?<\/strong><\/p>\n<p>C&#39;est <a href=\"http:\/\/fabien-t.blogspot.fr\/\" target=\"_blank\">un blog<\/a> o\u00f9 je poste ce que je fais, sans suite logique ni objectif pr\u00e9cis si ce n&#39;est \u00eatre une sorte de vitrine de ma production.<\/p>\n<p>&#0160;<\/p>\n<p>\n<a class=\"asset-img-link\" href=\"http:\/\/yannicklejeune.blogs.com\/.a\/6a00d8341c501b53ef01774484bef1970d-popup\" onclick=\"window.open( this.href, &#39;_blank&#39;, &#39;width=640,height=480,scrollbars=no,resizable=no,toolbar=no,directories=no,location=no,menubar=no,status=no,left=0,top=0&#39; ); return false\" style=\"display: inline;\"><img decoding=\"async\" alt=\"Case 27\" class=\"asset  asset-image at-xid-6a00d8341c501b53ef01774484bef1970d\" src=\"https:\/\/www.wedobd.com\/wp-content\/uploads\/2012\/09\/6a00d8341c501b53ef01774484bef1970d-450wi.jpg\" style=\"width: 450px; display: block; margin-left: auto; margin-right: auto;\" title=\"Case 27\" \/><\/a><\/p>\n<p><\/p>\n<p><\/p>\n<p><strong>Pourquoi as-tu commenc\u00e9 \u00e0 bloguer ou \u00e0 publier tes BD en ligne ?<\/strong><\/p>\n<p>Pour me motiver \u00e0 dessiner, progresser et offrir comme destin \u00e0 mes dessins autre chose qu&#39;un vieux carton sombre dans une cave. <\/p>\n<p><\/p>\n<p><strong>Quel public voulais-tu rencontrer ?<\/strong><\/p>\n<p>Pas de public en particulier, peut \u00eatre d&#39;autres dessinateurs plus exp\u00e9riment\u00e9s qui pourraient m&#39;apporter leurs lumi\u00e8res, leurs conseils. <\/p>\n<p><\/p>\n<p><strong>Et finalement qui sont tes lecteurs ?<\/strong><\/p>\n<p>Tr\u00e8s bonne question. Faudrait que je fasse une \u00e9tude de march\u00e9, d\u00e8s que j&#39;en aurai termin\u00e9 avec le march\u00e9 porteur du charbon. <\/p>\n<p><\/p>\n<p><strong>Combien de temps passes-tu en moyenne sur tes notes ?<\/strong><\/p>\n<p>C&#39;est tr\u00e8s variable. \u00e7a peut \u00eatre 1 journ\u00e9e pour les planches BD et quelques minutes pour les dessins\/croquis.<\/p>\n<p>&#0160;<\/p>\n<p style=\"text-align: center;\">\n<a class=\"asset-img-link\" href=\"http:\/\/yannicklejeune.blogs.com\/.a\/6a00d8341c501b53ef017c31a70114970b-popup\" onclick=\"window.open( this.href, &#39;_blank&#39;, &#39;width=640,height=480,scrollbars=no,resizable=no,toolbar=no,directories=no,location=no,menubar=no,status=no,left=0,top=0&#39; ); return false\" style=\"display: inline;\"><img decoding=\"async\" alt=\"Case 06\" class=\"asset  asset-image at-xid-6a00d8341c501b53ef017c31a70114970b\" src=\"https:\/\/www.wedobd.com\/wp-content\/uploads\/2012\/09\/6a00d8341c501b53ef017c31a70114970b-580wi.jpg\" style=\"width: 560px;\" title=\"Case 06\" \/><\/a><\/p>\n<p><\/p>\n<p><strong>Est-ce que ce sont des dessins sp\u00e9cialement faits pour le blog ?<\/strong><\/p>\n<p>Non. Depuis maintenant quelques temps il s&#39;agit surtout de dessins\/BD qui ont \u00e9t\u00e9 publi\u00e9s \u00e0 droite \u00e0 gauche. <\/p>\n<p><\/p>\n<p><strong>Avec quoi dessines-tu ?<\/strong><\/p>\n<p>Je fais le crayonn\u00e9 au crayon bleu, puis encrage au pinceau (pentel) et couleur \u00e0 la tablette. <\/p>\n<p><\/p>\n<p><strong>Quelles sont tes influences graphiques ?<\/strong><\/p>\n<p>J&#39;ai surtout des influences inconscientes. M\u00eame si ce n&#39;est plus vraiment le genre de BD que je lis aujourd&#39;hui mon style a quand m\u00eame \u00e9t\u00e9 bien marqu\u00e9 par mes lectures de jeunesse (Tintin, Lucky Luke&#8230;bref du franco-belge essentiellement). J\u2019essaie de lutter un peu contre \u00e7a, en essayant de &quot;salir&quot; un peu mon trait pour lui donner plus de personnalit\u00e9. Je ne d\u00e9sesp\u00e8re pas d&#39;arriver \u00e0 dessiner exactement comme je le souhaiterai un jour. <\/p>\n<p><\/p>\n<p><strong>Combien de temps passes-tu sur les blogs des autres ?<\/strong><\/p>\n<p>Je fais de temps en temps un petit tour sur certains blogs de dessinateurs dont j&#39;aime le style. On va dire que \u00e7a me prend en moyenne 10 mn par jour. <\/p>\n<p><a class=\"asset-img-link\" href=\"http:\/\/yannicklejeune.blogs.com\/.a\/6a00d8341c501b53ef01774484c497970d-popup\" onclick=\"window.open( this.href, &#39;_blank&#39;, &#39;width=640,height=480,scrollbars=no,resizable=no,toolbar=no,directories=no,location=no,menubar=no,status=no,left=0,top=0&#39; ); return false\" style=\"float: right;\"><img decoding=\"async\" alt=\"Dos - Fabien T\u00ea - 1\" class=\"asset  asset-image at-xid-6a00d8341c501b53ef01774484c497970d\" src=\"https:\/\/www.wedobd.com\/wp-content\/uploads\/2012\/09\/6a00d8341c501b53ef01774484c497970d-300wi.jpg\" style=\"width: 300px; margin: 0px 0px 5px 5px;\" title=\"Dos - Fabien T\u00ea - 1\" \/><\/a><\/p>\n<p><strong>Quels sont ceux dont tu es fan ?<\/strong><\/p>\n<p>Je suis surtout sensible au style de dessin plut\u00f4t qu&#39;\u00e0 ce qui est racont\u00e9 car en g\u00e9n\u00e9ral je ne lis pas vraiment (surtout si c&#39;est long). Mais dans ceux que je prends quand m\u00eame le temps de lire un peu plus je peux citer: <a href=\"http:\/\/pochep.over-blog.com\/\" target=\"_blank\">Pochep<\/a>, parce que c&#39;est sans doute un des mecs les plus dr\u00f4les que j&#39;ai lu derni\u00e8rement sur internet(ses LAG MAG en particulier qui m&#39;ont donn\u00e9 quelques crampes de la joue), <a href=\"http:\/\/terreurgraphique.com\/blog\/\" target=\"_blank\">Terreur Graphique<\/a>, parce que ce qu&#39;il fait est subtilement underground et que j&#39;adore le style de ses personnages (inspiration US 70&#39;s), <a href=\"http:\/\/tibosoulcie.net\/\" target=\"_blank\">Soulci\u00e9<\/a>, parce qu&#39;en dessin d&#39;actu il est bal\u00e8ze, <a href=\"http:\/\/wouzitcompagnie.canalblog.com\/\" target=\"_blank\">Wouzit<\/a>, pour son sens de la composition, des couleurs, <a href=\"http:\/\/www.lenaicvilain.com\/\" target=\"_blank\">L\u00e9na\u00efc<\/a> qui a un vrai talent pour les gags second degr\u00e9&#8230; <\/p>\n<p><\/p>\n<p><strong>As-tu fait des rencontres gr\u00e2ce aux blogs ?<\/strong><\/p>\n<p>Au dernier festival BD d&#39;Angoul\u00eame j&#39;ai rencontr\u00e9 quelques dessinateurs bien sympathiques (<a href=\"http:\/\/www.lecilvert.com\/\" target=\"_blank\">Le Cil Vert<\/a>, <a href=\"http:\/\/www.waynebd.com\/blog\/\" target=\"_blank\">Wayne<\/a>, <a href=\"http:\/\/laventuresolitaire.over-blog.fr\/\" target=\"_blank\">Guillaume Penchinat<\/a>, <a href=\"http:\/\/www.leburp.com\/\" target=\"_blank\">le Burp<\/a>&#8230;) avec qui j&#39;ai bu quelques bi\u00e8res.<\/p>\n<p><\/p>\n<p><strong>Es-tu sensible aux commentaires ?<\/strong><\/p>\n<p>Oui, \u00e7a fait toujours plaisir. <\/p>\n<p><\/p>\n<p><strong>De mani\u00e8re g\u00e9n\u00e9rale, que penses-tu que la BD num\u00e9rique (\u00e0 lire sur le web, sur iPhone, sur PSP&#8230;) ?<\/strong><\/p>\n<p>Il y a eu de belles exp\u00e9riences qui ont montr\u00e9 que la BD num\u00e9rique n&#39;\u00e9tait pas condamn\u00e9e \u00e0 d\u00e9pendre de la BD papier (je pense surtout au projet &quot;<a href=\"http:\/\/www.lesautresgens.com\" target=\"_blank\">Les Autres Gens<\/a>&quot; de <a href=\"http:\/\/www.festival-blogs-bd.com\/2012\/09\/thomas-cadene.html\" target=\"_blank\">Thomas Cad\u00e8ne<\/a>). Et puis \u00e7a permet aussi de faire d\u00e9couvrir des talents sans doute beaucoup plus vite qu&#39;\u00e0 une \u00e9poque o\u00f9 le fanzine papier \u00e9tait la r\u00e8gle pour divulguer son travail. En tant que lecteur j&#39;avoue avoir du mal \u00e0 lire sur un \u00e9cran. Mais c&#39;est sans doute une habitude qui ne demande qu&#39;\u00e0 \u00eatre chang\u00e9e. Qui sait si contre une d\u00e9dicace quelqu&#39;un est pr\u00eat \u00e0 m\u2019offrir un Ipad, il parait qu&#39;on lit bien avec! <\/p>\n<p><\/p>\n<p><strong>O\u00f9 peut-on voir ton travail en dehors de ton site ?<\/strong><\/p>\n<p>Dans des magazines (<a href=\"http:\/\/www.psikopat.com\/\" target=\"_blank\">Psikopat<\/a> essentiellement et derni\u00e8rement Spirou en collaboration avec Soulci\u00e9) et des albums collectifs (&quot;Les Autres Gens&quot;, &quot;Vivre Dessous&quot;, &quot;Alimentation G\u00e9n\u00e9ral&quot; (en collaboration avec L\u00e9na\u00efc puis Jic\u00e9), et puis il y a un peu plus longtemps &quot;On dit de l&#39;an 2000&quot;). Pendant quelques ann\u00e9es j&#39;ai aussi particip\u00e9 au site <a href=\"http:\/\/30joursdebd.com\/\" target=\"_blank\">30joursdeBD<\/a> avant d&#39;arr\u00eater faute de temps. J&#39;ai fait quelques br\u00e8ves apparitions dans des fanzines (<a href=\"http:\/\/rien-a-voir.over-blog.fr\/\" target=\"_blank\">Rien \u00e0 Voir<\/a> et <a href=\"http:\/\/puissancemaximum.free.fr\/\" target=\"_blank\">Puissance Maximum<\/a>) Il y a quelques ann\u00e9es j&#39;ai m\u00eame cas\u00e9 un dessin dans la biographie officielle du footballeur Steve Savidan (\u00e7a c&#39;est collector !!)<\/p>\n<p>&#0160;<\/p>\n<p>\n<a class=\"asset-img-link\" href=\"http:\/\/yannicklejeune.blogs.com\/.a\/6a00d8341c501b53ef01774484c991970d-popup\" onclick=\"window.open( this.href, &#39;_blank&#39;, &#39;width=640,height=480,scrollbars=no,resizable=no,toolbar=no,directories=no,location=no,menubar=no,status=no,left=0,top=0&#39; ); return false\" style=\"display: inline;\"><img decoding=\"async\" alt=\"Case 21\" class=\"asset  asset-image at-xid-6a00d8341c501b53ef01774484c991970d\" src=\"https:\/\/www.wedobd.com\/wp-content\/uploads\/2012\/09\/6a00d8341c501b53ef01774484c991970d-580wi.jpg\" style=\"width: 560px;\" title=\"Case 21\" \/><\/a><\/p>\n<p><\/p>\n<p><strong>As-tu des albums  ? Peux-tu nous les pr\u00e9senter ?<\/strong><\/p>\n<p>Hormis les collectifs, dont j&#39;ai parl\u00e9 dans ma r\u00e9ponse d&#39;avant, non. Actuellement j&#39;en ai un en pr\u00e9paration qui devrait \u00eatre termin\u00e9 fin 2013. Et puis quelques projets \u00e0 pr\u00e9senter aux \u00e9diteurs d\u00e8s que les dossiers seront pr\u00eats. <\/p>\n<p><\/p>\n<p><strong>Qu&#39;attends-tu de ta venue au Festiblog ? Un mot pour ceux qui vont venir te voir ?<\/strong><\/p>\n<p>Rencontrer des gens sympathiques! Bonjour! <\/p>\n<p><\/p>\n<p><strong>Cette ann\u00e9e, c&#39;est Marion Montaigne et Wandrille qui parrainent le Festival. La premi\u00e8re parle de science sur son blog, alors parle nous d&#39;une invention que tu aimerais voir exister ? Le deuxi\u00e8me cr\u00e9e des jeux, alors c&#39;est quoi ton jeu pr\u00e9f\u00e9r\u00e9 ?<\/strong><\/p>\n<p>La tablette graphique qui peut dessiner au son de la voix. Le morpion <\/p>\n<p><\/p>\n<p><strong>Un dernier mot ?<\/strong><\/p>\n<p>Je vais y r\u00e9fl\u00e9chir <\/p>\n<p><\/p>\n","protected":false},"excerpt":{"rendered":"<p>Notre nouvel invit\u00e9 fera ses premiers pas au Festiblog cette ann\u00e9e, bienvenue \u00e0 Fabien T\u00ea !<\/p>\n","protected":false},"author":3,"featured_media":0,"comment_status":"open","ping_status":"open","sticky":false,"template":"","format":"standard","meta":{"footnotes":""},"categories":[47],"tags":[147],"class_list":["post-231","post","type-post","status-publish","format-standard","hentry","category-03-interviews-de-blogueurs-bd","tag-fabien-te"],"_links":{"self":[{"href":"https:\/\/www.wedobd.com\/index.php?rest_route=\/wp\/v2\/posts\/231","targetHints":{"allow":["GET"]}}],"collection":[{"href":"https:\/\/www.wedobd.com\/index.php?rest_route=\/wp\/v2\/posts"}],"about":[{"href":"https:\/\/www.wedobd.com\/index.php?rest_route=\/wp\/v2\/types\/post"}],"author":[{"embeddable":true,"href":"https:\/\/www.wedobd.com\/index.php?rest_route=\/wp\/v2\/users\/3"}],"replies":[{"embeddable":true,"href":"https:\/\/www.wedobd.com\/index.php?rest_route=%2Fwp%2Fv2%2Fcomments&post=231"}],"version-history":[{"count":1,"href":"https:\/\/www.wedobd.com\/index.php?rest_route=\/wp\/v2\/posts\/231\/revisions"}],"predecessor-version":[{"id":2404,"href":"https:\/\/www.wedobd.com\/index.php?rest_route=\/wp\/v2\/posts\/231\/revisions\/2404"}],"wp:attachment":[{"href":"https:\/\/www.wedobd.com\/index.php?rest_route=%2Fwp%2Fv2%2Fmedia&parent=231"}],"wp:term":[{"taxonomy":"category","embeddable":true,"href":"https:\/\/www.wedobd.com\/index.php?rest_route=%2Fwp%2Fv2%2Fcategories&post=231"},{"taxonomy":"post_tag","embeddable":true,"href":"https:\/\/www.wedobd.com\/index.php?rest_route=%2Fwp%2Fv2%2Ftags&post=231"}],"curies":[{"name":"wp","href":"https:\/\/api.w.org\/{rel}","templated":true}]}}