{"id":269,"date":"2012-08-15T11:00:00","date_gmt":"2012-08-15T09:00:00","guid":{"rendered":"https:\/\/www.wedobd.com\/?p=269"},"modified":"2025-09-29T14:25:59","modified_gmt":"2025-09-29T12:25:59","slug":"leely","status":"publish","type":"post","link":"https:\/\/www.wedobd.com\/?p=269","title":{"rendered":"Invit\u00e9 #48 : L\u00e9ely"},"content":{"rendered":"<p style=\"text-align: justify;\"><strong>La marraine de l&#39;\u00e9dition 2012 Marion Montaigne ne sera pas la seule blogueuse scientifique en d\u00e9dicace au Festiblog. Nous aurons \u00e9galement le plaisir d&#39;accueillir pour la premi\u00e8re fois <a href=\"http:\/\/leblogdeleely.blogspot.fr\/\" target=\"_blank\">L\u00e9ely<\/a> !<\/strong><\/p>\n<p style=\"text-align: center;\">&#0160;<\/p>\n<p style=\"text-align: center;\">&#0160;<\/p>\n<p style=\"text-align: center;\"><a class=\"asset-img-link\" href=\"http:\/\/yannicklejeune.blogs.com\/.a\/6a00d8341c501b53ef016769237b25970b-popup\" onclick=\"window.open( this.href, &#39;_blank&#39;, &#39;width=640,height=480,scrollbars=no,resizable=no,toolbar=no,directories=no,location=no,menubar=no,status=no,left=0,top=0&#39; ); return false\" style=\"display: inline;\"><img decoding=\"async\" alt=\"Leely-portrait-festiblog-web\" class=\"asset  asset-image at-xid-6a00d8341c501b53ef016769237b25970b\" src=\"https:\/\/www.wedobd.com\/wp-content\/uploads\/2012\/08\/6a00d8341c501b53ef016769237b25970b-450wi.jpg\" style=\"width: 450px;\" title=\"Leely-portrait-festiblog-web\" \/><\/a><\/p>\n<p>&#0160;<\/p>\n<p><strong>Qui es-tu ?<\/strong><\/p>\n<p>L\u00e9ely, illustratrice sp\u00e9cialis\u00e9e en sciences. Je <a href=\"https:\/\/twitter.com\/LeelyDessin\" target=\"_blank\">twitte<\/a>, je <a href=\"http:\/\/leblogdeleely.blogspot.fr\/\" target=\"_blank\">blogue<\/a>, je <a href=\"http:\/\/www.aurel-illus.com\/\" target=\"_blank\">dessine<\/a> et publie dans le <a href=\"http:\/\/www.aurel-illus.com\/index.php?\/graphisme\/capharnauem\/\" target=\"_blank\">Capharna\u00fcm<\/a> (\u00e9dition Les Insomniaques) et le <a href=\"http:\/\/rien-a-voir.over-blog.fr\/\" target=\"_blank\">RAV Mag<\/a> \u2013 pr\u00e9sid\u00e9 par le c\u00e9l\u00e8bre <a href=\"http:\/\/www.waynebd.com\/blog\/\" target=\"_blank\">Wayne<\/a>. Je suis membre du collectif de scientifiques et d&#39;artistes <a href=\"http:\/\/www.stimuli-asso.com\/\" target=\"_blank\">Stimuli<\/a>, et mon blog est pr\u00e9sent sur la plateforme &quot;<a href=\"http:\/\/stripscience.cafe-sciences.org\/\" target=\"_blank\">Strip Sciences<\/a>&quot;. Grande adepte du croquis sur le vif, on peut d\u00e9couvrir mes travaux sur le site <a href=\"http:\/\/delignesenligne.com\/\" target=\"_blank\">Delignesenligne.com<\/a>. Je suis aussi gourmande de chocolat, et j&#39;aime bien le jazz.<\/p>\n<p>&#0160;<\/p>\n<p><strong> <a class=\"asset-img-link\" href=\"http:\/\/yannicklejeune.blogs.com\/.a\/6a00d8341c501b53ef017617188479970c-popup\" onclick=\"window.open( this.href, &#39;_blank&#39;, &#39;width=640,height=480,scrollbars=no,resizable=no,toolbar=no,directories=no,location=no,menubar=no,status=no,left=0,top=0&#39; ); return false\" style=\"float: right;\"><img decoding=\"async\" alt=\"L\u00e9ely-capharnaum\" class=\"asset  asset-image at-xid-6a00d8341c501b53ef017617188479970c\" src=\"https:\/\/www.wedobd.com\/wp-content\/uploads\/2012\/08\/6a00d8341c501b53ef017617188479970c-250wi.jpg\" style=\"width: 250px; margin: 0px 0px 5px 5px;\" title=\"L\u00e9ely-capharnaum\" \/><\/a>Comment as-tu commenc\u00e9 \u00e0 dessiner ?<\/strong><\/p>\n<p>Comme tous les enfants surement. Puis j&#39;ai jamais eu envie de m&#39;arr\u00eater.<\/p>\n<p>&#0160;<\/p>\n<p><strong>As-tu suivi une formation ?<\/strong><\/p>\n<p>Oui. Un BTS en graphisme \u00e0 Olivier de Serres \u00e0 Paris puis un DSAA en illustration scientifique \u00e0 l&#39;\u00e9cole Estienne, toujours \u00e0 Paris.<\/p>\n<p>&#0160;<\/p>\n<p><strong>Peux-tu pr\u00e9senter ton blog ou ton webcomics ?<\/strong><\/p>\n<p>J&#39;avais cr\u00e9\u00e9 mon premier blog pour partager mes travaux d&#39;\u00e9cole avec ma famille ou mes amis habitant dans le sud. Puis un temps j&#39;y ai racont\u00e9 ma formation en dessin medical : dissections animales, humaines et stages en bloc op\u00e9ratoire. Ce blog s&#39;appelle &quot;<a href=\"http:\/\/blorgane.blogspot.fr\/\" target=\"_blank\">blorgane<\/a>&quot;. Aujourd&#39;hui j&#39;ai <a href=\"http:\/\/leblogdeleely.blogspot.fr\/\" target=\"_blank\">un blog<\/a> o\u00f9 je publie de temps en temps des croquis issus de mes carnets, du Work in progress ou des news sur mon boulot.<\/p>\n<p>&#0160;<\/p>\n<p style=\"text-align: center;\"><a class=\"asset-img-link\" href=\"http:\/\/yannicklejeune.blogs.com\/.a\/6a00d8341c501b53ef016769238651970b-popup\" onclick=\"window.open( this.href, &#39;_blank&#39;, &#39;width=640,height=480,scrollbars=no,resizable=no,toolbar=no,directories=no,location=no,menubar=no,status=no,left=0,top=0&#39; ); return false\" style=\"display: inline;\"><img decoding=\"async\" alt=\"L\u00e9ely-c\u0153ur\" class=\"asset  asset-image at-xid-6a00d8341c501b53ef016769238651970b\" src=\"https:\/\/www.wedobd.com\/wp-content\/uploads\/2012\/08\/6a00d8341c501b53ef016769238651970b-450wi.jpg\" style=\"width: 450px;\" title=\"L\u00e9ely-c\u0153ur\" \/><\/a><\/p>\n<p>&#0160;<\/p>\n<p><strong>Pourquoi as-tu commenc\u00e9 \u00e0 bloguer ou \u00e0 publier tes BD en ligne ?<\/strong><\/p>\n<p>Ah zut. Je viens de r\u00e9pondre pr\u00e9c\u00e9demment.<\/p>\n<p>&#0160;<\/p>\n<p><strong>Quel public voulais-tu rencontrer ?<\/strong><\/p>\n<p>D&#39;autres passionn\u00e9s de dessin. C&#39;est comme ca que j&#39;ai connu le collectif RAV et que j&#39;ai pu particip\u00e9 \u00e0 quelques num\u00e9ros. Puis c&#39;est aussi gr\u00e2ce au blog que j&#39;ai connu une autre blogueuse qui est aujourd&#39;hui une tr\u00e8s bonne amie.<\/p>\n<p>&#0160;<\/p>\n<p><strong>Et finalement qui sont tes lecteurs ?<\/strong><\/p>\n<p>Mes parents! Plus quelques amis et inconnus j&#39;esp\u00e8re\u2026<\/p>\n<p>&#0160;<\/p>\n<p style=\"text-align: center;\"><a class=\"asset-img-link\" href=\"http:\/\/yannicklejeune.blogs.com\/.a\/6a00d8341c501b53ef01761718852c970c-popup\" onclick=\"window.open( this.href, &#39;_blank&#39;, &#39;width=640,height=480,scrollbars=no,resizable=no,toolbar=no,directories=no,location=no,menubar=no,status=no,left=0,top=0&#39; ); return false\" style=\"display: inline;\"><img decoding=\"async\" alt=\"L\u00e9ely-spectre-\u00e9lectromagn\u00e9tique\" class=\"asset  asset-image at-xid-6a00d8341c501b53ef01761718852c970c\" src=\"https:\/\/www.wedobd.com\/wp-content\/uploads\/2012\/08\/6a00d8341c501b53ef01761718852c970c-450wi.jpg\" style=\"width: 450px;\" title=\"L\u00e9ely-spectre-\u00e9lectromagn\u00e9tique\" \/><\/a><\/p>\n<p>&#0160;<\/p>\n<p><strong>Combien de temps passes-tu en moyenne sur tes notes ?<\/strong><\/p>\n<p>Aujourd&#39;hui, une dizaine de minutes le temps de scanner\/retoucher\/resizer et publier! Et puis les publications ne sont pas vraiment r\u00e9guli\u00e8res. Quand j&#39;ai le temps&#8230;<\/p>\n<p>&#0160;<\/p>\n<p><strong>Est-ce que ce sont des dessins sp\u00e9cialement faits pour le blog ?<\/strong><\/p>\n<p>Non du tout. Ca m&#39;est arriv\u00e9 mais aujourd&#39;hui c&#39;est de moins en moins le cas.<\/p>\n<p>&#0160;<\/p>\n<p><strong>Avec quoi dessines-tu ?<\/strong><\/p>\n<p>Tablette graphique, crayons, feutres, aquarelle, stylo bic&#8230;<\/p>\n<p>&#0160;<\/p>\n<p style=\"text-align: center;\"><a class=\"asset-img-link\" href=\"http:\/\/yannicklejeune.blogs.com\/.a\/6a00d8341c501b53ef016769238771970b-popup\" onclick=\"window.open( this.href, &#39;_blank&#39;, &#39;width=640,height=480,scrollbars=no,resizable=no,toolbar=no,directories=no,location=no,menubar=no,status=no,left=0,top=0&#39; ); return false\" style=\"display: inline;\"><img decoding=\"async\" alt=\"L\u00e9ely-croquis-metro\" class=\"asset  asset-image at-xid-6a00d8341c501b53ef016769238771970b\" src=\"https:\/\/www.wedobd.com\/wp-content\/uploads\/2012\/08\/6a00d8341c501b53ef016769238771970b-580wi.jpg\" style=\"width: 560px;\" title=\"L\u00e9ely-croquis-metro\" \/><\/a><\/p>\n<p>&#0160;<\/p>\n<p><strong>Quelles sont tes influences graphiques ?<\/strong><\/p>\n<p>Mes influences sont diverses. J&#39;aime bien Nicolas de Cr\u00e9cy, Benjamin Flao, L\u00e9onard de Vinci, Gibrat, Sfar, Franquin, les carnets de Zep&#8230;<\/p>\n<p>&#0160;<\/p>\n<p><strong>Combien de temps passes-tu sur les blogs des autres ?<\/strong><\/p>\n<p>Il fut un temps o\u00f9 j&#39;y passais surement une bonne heure par jour \u2013 quand j&#39;\u00e9tais \u00e9tudiante \u2013 mais maintenant je bosse vraiment (rires). Donc&#8230; Quelques heures par mois?<\/p>\n<p>&#0160;<\/p>\n<p><strong>Quels sont ceux dont tu es fan ?<\/strong><\/p>\n<p>Je suis fan de <a href=\"http:\/\/www.kaouet.com\/leblog\/\" target=\"_blank\">Kaouet<\/a> et aussi de la pr\u00e9sidente de cette ann\u00e9e, <a href=\"http:\/\/tumourrasmoinsbete.blogspot.fr\/\" target=\"_blank\">Marion Montaigne<\/a>. J&#39;aime bien le travail de <a href=\"http:\/\/grigou.canalblog.com\/\" target=\"_blank\">Grigou<\/a>, celui de <a href=\"http:\/\/maxleroy.blogspot.fr\/\" target=\"_blank\">Max Le Roy<\/a> aussi.<\/p>\n<p>&#0160;<\/p>\n<p><strong>As-tu fait des rencontres gr\u00e2ce aux blogs ?<\/strong><\/p>\n<p>Oui, plein!<\/p>\n<p>&#0160;<\/p>\n<p><strong>Es-tu sensible aux commentaires ?<\/strong><\/p>\n<p>Bof<\/p>\n<p>&#0160;<\/p>\n<p><strong>De mani\u00e8re g\u00e9n\u00e9rale, que penses-tu que la BD num\u00e9rique (\u00e0 lire sur le web, sur iPhone, sur PSP&#8230;) ?<\/strong><\/p>\n<p>Enoooooorme potentiel. Le format blog BD &quot;classique&quot; m&#39;ennuie un peu mais le m\u00e9lange BD et multim\u00e9dia interactif me fascine. On en trouve de bons exemples aux US. Surtout la BD de reportage multim\u00e9dia, je suis fan. Regardez ici par exemple : <a href=\"http:\/\/www.cartoonmovement.com\/icomic\/38\" target=\"_blank\">http:\/\/www.cartoonmovement.com\/icomic\/38 <\/a><\/p>\n<p>&#0160;<\/p>\n<p><strong>O\u00f9 peut-on voir ton travail en dehors de ton site ?<\/strong><\/p>\n<p>Sur le site Internet &quot;<a href=\"http:\/\/delignesenligne.com\/\" target=\"_blank\">De lignes en ligne<\/a>&quot;, le blog &quot;<a href=\"http:\/\/croqueandrolllive.wordpress.com\/\" target=\"_blank\">Croque and roll<\/a>&quot;, la plateforme <a href=\"http:\/\/stripscience.cafe-sciences.org\/\" target=\"_blank\">Strip Sciences<\/a>, sur <a href=\"http:\/\/leely.ultra-book.com\/book\" target=\"_blank\">ultrabook<\/a>. J&#39;ai aussi <a href=\"https:\/\/vimeo.com\/12198241\" target=\"_blank\">une page de vid\u00e9os sur Vimeo<\/a> et sur papier, dans le prochain <a href=\"http:\/\/rien-a-voir.over-blog.fr\/\" target=\"_blank\">RAV mag<\/a>, avec Sigmund au sc\u00e9nario!<\/p>\n<p>&#0160;<\/p>\n<p style=\"text-align: center;\"><a class=\"asset-img-link\" href=\"http:\/\/yannicklejeune.blogs.com\/.a\/6a00d8341c501b53ef017743fe98cd970d-popup\" onclick=\"window.open( this.href, &#39;_blank&#39;, &#39;width=640,height=480,scrollbars=no,resizable=no,toolbar=no,directories=no,location=no,menubar=no,status=no,left=0,top=0&#39; ); return false\" style=\"display: inline;\"><img decoding=\"async\" alt=\"L\u00e9ely-carnet-voyage\" class=\"asset  asset-image at-xid-6a00d8341c501b53ef017743fe98cd970d\" src=\"https:\/\/www.wedobd.com\/wp-content\/uploads\/2012\/08\/6a00d8341c501b53ef017743fe98cd970d-580wi.jpg\" style=\"width: 560px;\" title=\"L\u00e9ely-carnet-voyage\" \/><\/a><\/p>\n<p>&#0160;<\/p>\n<p><strong>As-tu des albums  ? Peux-tu nous les pr\u00e9senter ?<\/strong><\/p>\n<p>Non, pas encore. \ud83d\ude42 Mais je participe \u00e0 des publications collectives : le RAV mag (qu&#39;on ne pr\u00e9sente plus) et le Capharna\u00fcm, con\u00e7u par les Insomniaques \u00c9ditions. Chaque num\u00e9ro a une th\u00e9matique (la cuisine, les monstres, FLASH, les fantasmes\u2026) et on y trouve de tout : textes, dessins, photographies, jeux typographiques\u2026 et c&#39;est bien.<\/p>\n<p>&#0160;<\/p>\n<p><strong>Qu&#39;attends-tu de ta venue au Festiblog ? Un mot pour ceux qui vont venir te voir ?<\/strong><\/p>\n<p>Des rencontres, de l&#39;\u00e9clate, des sourires, des bons souvenirs.<\/p>\n<p>&#0160;<\/p>\n<p><strong>Cette ann\u00e9e, c&#39;est Marion Montaigne et Wandrille qui parrainent le Festival. La premi\u00e8re parle de science sur son blog, alors parle nous d&#39;une invention que tu aimerais voir exister ? Le deuxi\u00e8me cr\u00e9e des jeux, alors c&#39;est quoi ton jeu pr\u00e9f\u00e9r\u00e9 ?<\/strong><\/p>\n<p>J&#39;aimerais qu&#39;on puisse se t\u00e9leporter. 4h pour rentrer dans mon sud et enfin voir le soleil, c&#39;est beaucoup trop long !! Mon jeu pr\u00e9f\u00e9r\u00e9 ? La belote !<\/p>\n<p>&#0160;<\/p>\n<p><strong>Un dernier mot ?<\/strong><\/p>\n<p>oh peuch\u00e8re !<\/p>\n<p>&#0160;<\/p>\n","protected":false},"excerpt":{"rendered":"<p>La marraine de l&#8217;\u00e9dition 2012 Marion Montaigne ne sera pas la seule blogueuse scientifique en d\u00e9dicace au Festiblog. Nous aurons \u00e9galement le plaisir d&#8217;accueillir pour la premi\u00e8re fois L\u00e9ely !<\/p>\n","protected":false},"author":3,"featured_media":0,"comment_status":"open","ping_status":"open","sticky":false,"template":"","format":"standard","meta":{"footnotes":""},"categories":[47],"tags":[264],"class_list":["post-269","post","type-post","status-publish","format-standard","hentry","category-03-interviews-de-blogueurs-bd","tag-leely"],"_links":{"self":[{"href":"https:\/\/www.wedobd.com\/index.php?rest_route=\/wp\/v2\/posts\/269","targetHints":{"allow":["GET"]}}],"collection":[{"href":"https:\/\/www.wedobd.com\/index.php?rest_route=\/wp\/v2\/posts"}],"about":[{"href":"https:\/\/www.wedobd.com\/index.php?rest_route=\/wp\/v2\/types\/post"}],"author":[{"embeddable":true,"href":"https:\/\/www.wedobd.com\/index.php?rest_route=\/wp\/v2\/users\/3"}],"replies":[{"embeddable":true,"href":"https:\/\/www.wedobd.com\/index.php?rest_route=%2Fwp%2Fv2%2Fcomments&post=269"}],"version-history":[{"count":1,"href":"https:\/\/www.wedobd.com\/index.php?rest_route=\/wp\/v2\/posts\/269\/revisions"}],"predecessor-version":[{"id":2529,"href":"https:\/\/www.wedobd.com\/index.php?rest_route=\/wp\/v2\/posts\/269\/revisions\/2529"}],"wp:attachment":[{"href":"https:\/\/www.wedobd.com\/index.php?rest_route=%2Fwp%2Fv2%2Fmedia&parent=269"}],"wp:term":[{"taxonomy":"category","embeddable":true,"href":"https:\/\/www.wedobd.com\/index.php?rest_route=%2Fwp%2Fv2%2Fcategories&post=269"},{"taxonomy":"post_tag","embeddable":true,"href":"https:\/\/www.wedobd.com\/index.php?rest_route=%2Fwp%2Fv2%2Ftags&post=269"}],"curies":[{"name":"wp","href":"https:\/\/api.w.org\/{rel}","templated":true}]}}