{"id":298,"date":"2012-07-12T13:03:46","date_gmt":"2012-07-12T11:03:46","guid":{"rendered":"https:\/\/www.wedobd.com\/?p=298"},"modified":"2025-09-29T14:28:05","modified_gmt":"2025-09-29T12:28:05","slug":"thibault-balahy","status":"publish","type":"post","link":"https:\/\/www.wedobd.com\/?p=298","title":{"rendered":"Invit\u00e9 #20 : Thibault Balahy"},"content":{"rendered":"<p style=\"text-align: justify;\"><strong>Notre 20<sup>e<\/sup> invit\u00e9 fut tout sp\u00e9cialement convi\u00e9 par notre cher parrain. Il fera son bapt\u00eame du Festiblog en septembre et nous vous proposons de faire plus ample connaissance au travers de cette interview. Bienvenue \u00e0&#0160;<a href=\"http:\/\/thibault-balahy.over-blog.com\/\" target=\"_blank\">Thibault Balahy<\/a> !<\/strong><\/p>\n<p style=\"text-align: center;\">&#0160;<\/p>\n<p style=\"text-align: center;\"><a class=\"asset-img-link\" href=\"http:\/\/yannicklejeune.blogs.com\/.a\/6a00d8341c501b53ef0167686e5edf970b-popup\" onclick=\"window.open( this.href, &#39;_blank&#39;, &#39;width=640,height=480,scrollbars=no,resizable=no,toolbar=no,directories=no,location=no,menubar=no,status=no,left=0,top=0&#39; ); return false\" style=\"display: inline;\"><img decoding=\"async\" alt=\"Bdnumerik\" class=\"asset  asset-image at-xid-6a00d8341c501b53ef0167686e5edf970b\" src=\"https:\/\/www.wedobd.com\/wp-content\/uploads\/2012\/07\/6a00d8341c501b53ef0167686e5edf970b-580wi.jpg\" style=\"width: 560px;\" title=\"Bdnumerik\" \/><\/a><\/p>\n<p><strong>Qui es-tu ?<\/strong><\/p>\n<p>Thibault Balahy, je vis et travaille \u00e0 Angoul\u00eame o\u00f9 j\u2019enseigne les arts appliqu\u00e9s. Je suis membre du collectif caf\u00e9 creed (connu pour son recueil collectif jeunesse Choco creed). Je suis auteur de bande dessin\u00e9e, illustrateur pour l&#39;\u00e9dition et la presse. Je fais parfois des concerts dessin\u00e9.<\/p>\n<p>&#0160;<\/p>\n<p style=\"text-align: center;\"><a class=\"asset-img-link\" href=\"http:\/\/yannicklejeune.blogs.com\/.a\/6a00d8341c501b53ef0167686e5d19970b-popup\" onclick=\"window.open( this.href, &#39;_blank&#39;, &#39;width=640,height=480,scrollbars=no,resizable=no,toolbar=no,directories=no,location=no,menubar=no,status=no,left=0,top=0&#39; ); return false\" style=\"display: inline;\"><img decoding=\"async\" alt=\"Lag5\" class=\"asset  asset-image at-xid-6a00d8341c501b53ef0167686e5d19970b\" src=\"https:\/\/www.wedobd.com\/wp-content\/uploads\/2012\/07\/6a00d8341c501b53ef0167686e5d19970b-580wi.jpg\" style=\"width: 560px;\" title=\"Lag5\" \/><\/a><\/p>\n<p><strong>Comment as-tu commenc\u00e9 \u00e0 dessiner ?<\/strong><\/p>\n<p>Je n\u2019ai jamais arr\u00eat\u00e9.<\/p>\n<p>&#0160;<\/p>\n<p><strong>As-tu suivi une formation ?<\/strong><\/p>\n<p>J\u2019ai fais des \u00e9tudes d\u2019arts appliqu\u00e9s au lyc\u00e9e des Ar\u00e8nes \u00e0 Toulouse (mise \u00e0 niveau, bts espace de communication, pr\u00e9pa, puis licences et ma\u00eetrise d\u2019arts appliqu\u00e9s).<\/p>\n<p>&#0160;<\/p>\n<p><a class=\"asset-img-link\" href=\"http:\/\/yannicklejeune.blogs.com\/.a\/6a00d8341c501b53ef017616631f05970c-popup\" onclick=\"window.open( this.href, &#39;_blank&#39;, &#39;width=640,height=480,scrollbars=no,resizable=no,toolbar=no,directories=no,location=no,menubar=no,status=no,left=0,top=0&#39; ); return false\" style=\"display: inline;\"><img decoding=\"async\" alt=\"Lag7\" class=\"asset  asset-image at-xid-6a00d8341c501b53ef017616631f05970c\" src=\"https:\/\/www.wedobd.com\/wp-content\/uploads\/2012\/07\/6a00d8341c501b53ef017616631f05970c-450wi.jpg\" style=\"width: 450px; display: block; margin-left: auto; margin-right: auto;\" title=\"Lag7\" \/><\/a><\/p>\n<p>&#0160;<strong>Peux-tu pr\u00e9senter ton blog ou ton webcomics ?<\/strong><\/p>\n<p><a href=\"http:\/\/thibault-balahy.over-blog.com\/\" target=\"_blank\">The headless man<\/a> est un lieu o\u00f9 je partage mon travail en cours, mes r\u00e9flexions, carnets de croquis. J\u2019ai post\u00e9 pas mal de choses sur grandpapier (plateforme d\u2019auteurs g\u00e9r\u00e9e par l\u2019employ\u00e9 du moi) et j\u2019ai particip\u00e9 aux <a href=\"http:\/\/www.lesautresgens.com\" target=\"_blank\">autres gens<\/a> (5 \u00e9pisodes).<\/p>\n<p>&#0160;<\/p>\n<p><strong>Pourquoi as-tu commenc\u00e9 \u00e0 bloguer ou \u00e0 publier tes BD en ligne ?<\/strong><\/p>\n<p>Pour sortir de l\u2019isolement, faire conna\u00eetre mon travail, ce qui m\u2019a permis (ainsi que par un certain r\u00e9seau social) de trouver des projets vari\u00e9s (bande dessin\u00e9e, illustration, presse\u2026).<\/p>\n<p>&#0160;<\/p>\n<p><a href=\"http:\/\/yannicklejeune.blogs.com\/.a\/6a00d8341c501b53ef01761663343e970c-popup\"><img decoding=\"async\" alt=\"Falaises3\" src=\"https:\/\/www.wedobd.com\/wp-content\/uploads\/2012\/07\/6a00d8341c501b53ef01761663343e970c-580wi.jpg\" title=\"Falaises3\" \/><\/a><\/p>\n<p>&#0160;<\/p>\n<p><strong>Quel public voulais-tu rencontrer ?<\/strong><\/p>\n<p>Celui qui se sent concern\u00e9 par ma recherche de po\u00e9sie, de silence et d\u2019expressivit\u00e9. Donc aucun profil type en particulier.<\/p>\n<p>&#0160;<\/p>\n<p><strong>Et finalement qui sont tes lecteurs ?<\/strong><\/p>\n<p>Le lectorat est une chose abstraite pour l\u2019auteur, \u00e7a ne s\u2019incarne que partiellement durant les festivals, mais la magie de ce m\u00eatier c\u2019est de se faire une place dans la t\u00eate de certains, dans le secret. C\u2019est la partie cach\u00e9e o\u00f9 mon travail m\u2019\u00e9chappe, fait son chemin.<\/p>\n<p>&#0160;<\/p>\n<p style=\"text-align: center;\"><a class=\"asset-img-link\" href=\"http:\/\/yannicklejeune.blogs.com\/.a\/6a00d8341c501b53ef017743495536970d-popup\" onclick=\"window.open( this.href, &#39;_blank&#39;, &#39;width=640,height=480,scrollbars=no,resizable=no,toolbar=no,directories=no,location=no,menubar=no,status=no,left=0,top=0&#39; ); return false\" style=\"display: inline;\"><img decoding=\"async\" alt=\"Lag8\" class=\"asset  asset-image at-xid-6a00d8341c501b53ef017743495536970d\" src=\"https:\/\/www.wedobd.com\/wp-content\/uploads\/2012\/07\/6a00d8341c501b53ef017743495536970d-580wi.jpg\" style=\"width: 560px;\" title=\"Lag8\" \/><\/a><\/p>\n<p>&#0160;<\/p>\n<p><strong>Combien de temps passes-tu en moyenne sur tes notes ?<\/strong><\/p>\n<p>Pas trop de temps except\u00e9 quand je fais un texte sur le dessin (voir \u00ab <a href=\"http:\/\/thibault-balahy.over-blog.com\/categorie-10859965.html\" target=\"_blank\">De l\u2019apprentissage du dessin<\/a> \u00bb dans la cat\u00e9gorie dessin de mon blog).<\/p>\n<p>&#0160;<\/p>\n<p style=\"text-align: center;\"><a class=\"asset-img-link\" href=\"http:\/\/yannicklejeune.blogs.com\/.a\/6a00d8341c501b53ef0176166322cf970c-popup\" onclick=\"window.open( this.href, &#39;_blank&#39;, &#39;width=640,height=480,scrollbars=no,resizable=no,toolbar=no,directories=no,location=no,menubar=no,status=no,left=0,top=0&#39; ); return false\" style=\"display: inline;\"><img decoding=\"async\" alt=\"Lag2\" class=\"asset  asset-image at-xid-6a00d8341c501b53ef0176166322cf970c\" src=\"https:\/\/yannicklejeune.blogs.com\/.a\/6a00d8341c501b53ef0176166322cf970c-450wi\" style=\"width: 450px;\" title=\"Lag2\" \/><\/a><\/p>\n<p>&#0160;<\/p>\n<p><strong>Est-ce que ce sont des dessins sp\u00e9cialement faits pour le blog ?<\/strong><\/p>\n<p>Parfois oui, mais la plupart du temps mon blog se limite \u00e0 \u00eatre une sorte de journal de bord de mes divers projets dessin\u00e9s sur lequel je poste des fragments, des recherches.<\/p>\n<p>&#0160;<\/p>\n<p><strong>Avec quoi dessines-tu ?<\/strong><\/p>\n<p>Encre de chine (plume et\/ou pinceau), craie, mine graphite, tampon typographique, \u00e9osine, tout ce qui me tombe sous la main. Ensuite, mise en couleur, nettoyage sur photoshop.<\/p>\n<p>&#0160;<\/p>\n<p style=\"text-align: center;\"><a class=\"asset-img-link\" href=\"http:\/\/yannicklejeune.blogs.com\/.a\/6a00d8341c501b53ef0167686e4f2a970b-popup\" onclick=\"window.open( this.href, &#39;_blank&#39;, &#39;width=640,height=480,scrollbars=no,resizable=no,toolbar=no,directories=no,location=no,menubar=no,status=no,left=0,top=0&#39; ); return false\" style=\"display: inline;\"><img decoding=\"async\" alt=\"Falaises1\" class=\"asset  asset-image at-xid-6a00d8341c501b53ef0167686e4f2a970b\" src=\"https:\/\/www.wedobd.com\/wp-content\/uploads\/2012\/07\/6a00d8341c501b53ef0167686e4f2a970b-580wi.jpg\" style=\"width: 560px;\" title=\"Falaises1\" \/><\/a><\/p>\n<p>&#0160;<\/p>\n<p><strong>Quelles sont tes influences graphiques ?<\/strong><\/p>\n<p>Elles ont vari\u00e9es dans le temps. Egon Schiele, Benoit Jacques, Hugo Pratt, Blutch, Twombly. Le cin\u00e9ma et la litt\u00e9rature aussi m\u2019inspirent parmi beaucoup d\u2019autres choses.<\/p>\n<p>&#0160;<\/p>\n<p><strong> <a class=\"asset-img-link\" href=\"http:\/\/yannicklejeune.blogs.com\/.a\/6a00d8341c501b53ef0176166332c8970c-popup\" onclick=\"window.open( this.href, &#39;_blank&#39;, &#39;width=640,height=480,scrollbars=no,resizable=no,toolbar=no,directories=no,location=no,menubar=no,status=no,left=0,top=0&#39; ); return false\" style=\"float: right;\"><img decoding=\"async\" alt=\"Avatar\" class=\"asset  asset-image at-xid-6a00d8341c501b53ef0176166332c8970c\" src=\"https:\/\/www.wedobd.com\/wp-content\/uploads\/2012\/07\/6a00d8341c501b53ef0176166332c8970c-200wi.jpg\" style=\"width: 200px; margin: 0px 0px 5px 5px;\" title=\"Avatar\" \/><\/a>Combien de temps passes-tu sur les blogs des autres ?<\/strong><\/p>\n<p>De moins en moins depuis que je bosse sur mes projets. En ce moment je suis en train d\u2019adapter Falaises, d\u2019Olivier Adam avec le sc\u00e9nariste Lo\u00efc Dauvillier, un roman graphique de 150 pages qui sortira chez Olivius l\u2019an prochain.<\/p>\n<p style=\"text-align: center;\">&#0160;<\/p>\n<p><strong>Quels sont ceux dont tu es fan ?<\/strong><\/p>\n<p>Je suis plus trop de blogs mais je dirai : <a href=\"http:\/\/pochep.over-blog.com\/\" target=\"_blank\">Pochep<\/a> qui me fait r\u00e9gil\u00e8rement mal aux joues, <a href=\"http:\/\/terreurgraphique.com\/blog\/\" target=\"_blank\">Terreur Graphique<\/a>, <a href=\"http:\/\/francois-matton.over-blog.com\/\" target=\"_blank\">Fran\u00e7ois Matton<\/a> pour sa po\u00e9sie.<\/p>\n<p>&#0160;<\/p>\n<p><strong>As-tu fait des rencontres gr\u00e2ce aux blogs ?<\/strong><\/p>\n<p>Quelquefois des auteurs, sinon des personnes sensibles \u00e0 mon travail.<\/p>\n<p>&#0160;<\/p>\n<p><strong>Es-tu sensible aux commentaires ?<\/strong><\/p>\n<p>Comme tout le monde, mais mes posts s\u2019accompagnent de tr\u00e8s peu de commentaires. M\u00eame si je sais que je suis appr\u00e9ci\u00e9, cela se fait dans un certain silence. C\u2019est assez \u00e9nigmatique d\u2019ailleurs.<\/p>\n<p>&#0160;<\/p>\n<p><strong> <a class=\"asset-img-link\" href=\"http:\/\/yannicklejeune.blogs.com\/.a\/6a00d8341c501b53ef017743494d66970d-popup\" onclick=\"window.open( this.href, &#39;_blank&#39;, &#39;width=640,height=480,scrollbars=no,resizable=no,toolbar=no,directories=no,location=no,menubar=no,status=no,left=0,top=0&#39; ); return false\" style=\"float: left;\"><img decoding=\"async\" alt=\"Falaises2\" class=\"asset  asset-image at-xid-6a00d8341c501b53ef017743494d66970d\" src=\"https:\/\/www.wedobd.com\/wp-content\/uploads\/2012\/07\/6a00d8341c501b53ef017743494d66970d-320wi.jpg\" style=\"margin: 0px 5px 5px 0px;\" title=\"Falaises2\" \/><\/a>De mani\u00e8re g\u00e9n\u00e9rale, que penses-tu que la BD num\u00e9rique (\u00e0 lire sur le web, sur iPhone, sur PSP&#8230;) ?<\/strong><\/p>\n<p>Ayant particip\u00e9 \u00e0 LAG, j\u2019y vois un terrain de jeu, un laboratoire pour de nouvelles fa\u00e7ons de raconter et cr\u00e9er des images.<\/p>\n<p>&#0160;<\/p>\n<p><strong>O\u00f9 peut-on voir ton travail en dehors de ton site ?<\/strong><\/p>\n<p>Sur <a href=\"http:\/\/thibaultbalahy.ultra-book.com\/%20\" target=\"_blank\">Ultrabook<\/a>, <a href=\"http:\/\/www.lesautresgens.com\/spip.php?rubrique52%20\" target=\"_blank\">Les autres gens<\/a>, <a href=\"http:\/\/grandpapier.org\/thibault-balahy\/\" target=\"_blank\">Grandpapier<\/a>.&#0160;<\/p>\n<p>&#0160;<\/p>\n<p><strong>As-tu des albums  ? Peux-tu nous les pr\u00e9senter ?<\/strong><\/p>\n<p>J\u2019ai fait <a href=\"http:\/\/www.alainbeaulet.com\/site.php?type=P&amp;id=324\" target=\"_blank\">la boite<\/a> chez Alain Beaulet (collections les petits carnets) qui reprend ce que j\u2019avais fait pour les 24h de la bd, c\u2019est une histoire muette sur le monde de l\u2019art et du mus\u00e9e. <a href=\"http:\/\/www.accfa.fr\/boutique\/zik-bulles\/detail\/#cc-m-product-5060304363\" target=\"_blank\">Dawson, le nord c\u2019est pas fait pour les chiens<\/a> (Viltis bd), un r\u00e9cit bd+cd fait avec Wilfried Hildebrandt, chanteur du groupe Coup d\u2019marron. Qui \u00e9voque un voyage initiatique dans le grand nord entre un fils et son p\u00e8re. Comme je l\u2019ai dit je travaille en ce moment sur Falaises et aussi sur un recueil collectif (ART-MONSTRE) soutenu par <a href=\"http:\/\/www.cafe-creed.com\/\" target=\"_blank\">Caf\u00e9 Creed<\/a> sur le th\u00e8me du monstre dans l\u2019art et qui paraitra en janvier 2013.<\/p>\n<p>&#0160;<\/p>\n<p><strong>Qu&#39;attends-tu de ta venue au Festiblog ? Un mot pour ceux qui vont venir te voir ?<\/strong><\/p>\n<p>Je ne connais pas du tout ce festival, donc je suis curieux de le d\u00e9couvrir et de rencontrer de nouvelles t\u00eates. Je remercie au passage <a href=\"http:\/\/wandrille.leroy.free.fr\/blog\/\" target=\"_blank\">Wandrille<\/a> qui m\u2019a fait l\u2019honneur de m\u2019inviter. Et \u00e0 ceux qui me connaissent par le biais des autres gens et aux autres : \u00e0 bient\u00f4t.<\/p>\n<p>&#0160;<\/p>\n<p><strong>Un dernier mot ?<\/strong><\/p>\n<p>\u00ab L&#39;image n&#39;est pas une quelconque id\u00e9e exprim\u00e9e par le r\u00e9alisateur, mais tout un monde miroit\u00e9 dans une goutte d&#39;eau. \u00bb Andre\u00ef Tarkovski<\/p>\n<p>&#0160;<\/p>\n<p style=\"text-align: center;\"><a class=\"asset-img-link\" href=\"http:\/\/yannicklejeune.blogs.com\/.a\/6a00d8341c501b53ef0167686e5be2970b-popup\" onclick=\"window.open( this.href, &#39;_blank&#39;, &#39;width=640,height=480,scrollbars=no,resizable=no,toolbar=no,directories=no,location=no,menubar=no,status=no,left=0,top=0&#39; ); return false\" style=\"display: inline;\"><img decoding=\"async\" alt=\"Lag3\" class=\"asset  asset-image at-xid-6a00d8341c501b53ef0167686e5be2970b\" src=\"https:\/\/www.wedobd.com\/wp-content\/uploads\/2012\/07\/6a00d8341c501b53ef0167686e5be2970b-580wi.jpg\" style=\"width: 560px;\" title=\"Lag3\" \/><\/a><\/p>\n","protected":false},"excerpt":{"rendered":"<p>Notre 20e invit\u00e9 fut tout sp\u00e9cialement convi\u00e9 par notre cher parrain. Il fera son bapt\u00eame du Festiblog en septembre et nous vous proposons de faire plus ample connaissance au travers de cette interview. Bienvenue \u00e0 Thibault Balahy !<\/p>\n","protected":false},"author":3,"featured_media":0,"comment_status":"open","ping_status":"open","sticky":false,"template":"","format":"standard","meta":{"footnotes":""},"categories":[47],"tags":[280],"class_list":["post-298","post","type-post","status-publish","format-standard","hentry","category-03-interviews-de-blogueurs-bd","tag-thibault-balahy"],"_links":{"self":[{"href":"https:\/\/www.wedobd.com\/index.php?rest_route=\/wp\/v2\/posts\/298","targetHints":{"allow":["GET"]}}],"collection":[{"href":"https:\/\/www.wedobd.com\/index.php?rest_route=\/wp\/v2\/posts"}],"about":[{"href":"https:\/\/www.wedobd.com\/index.php?rest_route=\/wp\/v2\/types\/post"}],"author":[{"embeddable":true,"href":"https:\/\/www.wedobd.com\/index.php?rest_route=\/wp\/v2\/users\/3"}],"replies":[{"embeddable":true,"href":"https:\/\/www.wedobd.com\/index.php?rest_route=%2Fwp%2Fv2%2Fcomments&post=298"}],"version-history":[{"count":1,"href":"https:\/\/www.wedobd.com\/index.php?rest_route=\/wp\/v2\/posts\/298\/revisions"}],"predecessor-version":[{"id":2684,"href":"https:\/\/www.wedobd.com\/index.php?rest_route=\/wp\/v2\/posts\/298\/revisions\/2684"}],"wp:attachment":[{"href":"https:\/\/www.wedobd.com\/index.php?rest_route=%2Fwp%2Fv2%2Fmedia&parent=298"}],"wp:term":[{"taxonomy":"category","embeddable":true,"href":"https:\/\/www.wedobd.com\/index.php?rest_route=%2Fwp%2Fv2%2Fcategories&post=298"},{"taxonomy":"post_tag","embeddable":true,"href":"https:\/\/www.wedobd.com\/index.php?rest_route=%2Fwp%2Fv2%2Ftags&post=298"}],"curies":[{"name":"wp","href":"https:\/\/api.w.org\/{rel}","templated":true}]}}