{"id":318,"date":"2012-06-06T15:17:54","date_gmt":"2012-06-06T13:17:54","guid":{"rendered":"https:\/\/www.wedobd.com\/?p=318"},"modified":"2012-06-06T15:17:54","modified_gmt":"2012-06-06T13:17:54","slug":"conference-la-bande-dessinee-a-lere-du-numerique","status":"publish","type":"post","link":"https:\/\/www.wedobd.com\/?p=318","title":{"rendered":"Conf\u00e9rence \u00ab La Bande Dessin\u00e9e \u00e0 l\u2019\u00e8re du num\u00e9rique \u00bb : regards crois\u00e9s."},"content":{"rendered":"<p>Comment r\u00e9fl\u00e9chir ensemble aux nouvelles formes de cr\u00e9ation li\u00e9es \u00e0 la r\u00e9volution technologique du num\u00e9rique ?<\/p>\n<p>Pour assister \u00e0 la prochaine conf\u00e9rence EspritBD et r\u00e9fl\u00e9chir ensemble aux possibilit\u00e9s ouvertes par les nouveaux m\u00e9dias, venez faire un tour \u00e0 <a href=\"http:\/\/www.gaite-lyrique.net\/evenement\/la-bande-dessinee-a-l-ere-du-numerique-regards-croises\" target=\"_self\">la Ga\u00eet\u00e9 Lyrique<\/a>, le samedi 9 juin prochain \u00e0 14h30.<\/p>\n<p><a href=\"http:\/\/blog.espritbd.fr\/conference-la-bande-dessinee-ere-du-numerique-regards-croises\/screen-shot-2012-05-14-at-12-33-58-pm\" rel=\"attachment wp-att-7192\" target=\"_blank\"><img loading=\"lazy\" decoding=\"async\" alt=\"Parizone@Dream, Festival de la cr\u00e9ativit\u00e9 num\u00e9rique - Logo\" class=\"size-full wp-image-7192  \" height=\"274\" src=\"http:\/\/blog.espritbd.fr\/wp-content\/uploads\/2012\/05\/Screen-Shot-2012-05-14-at-12.33.58-PM.png\" style=\"display: block; margin-left: auto; margin-right: auto;\" title=\"Parizone@Dream, Festival de la cr\u00e9ativit\u00e9 num\u00e9rique - Logo\" width=\"280\" \/><\/a><br \/>Les 9 et 10 juin prochains, le <strong>Festival <a href=\"http:\/\/www.parizoneadream.com\/\" target=\"_self\">Parizone@Dream<\/a><\/strong>, ayant pour mission de c\u00e9l\u00e9brer <strong>la cr\u00e9ativit\u00e9 num\u00e9rique<\/strong>, posera ses valises \u00e0 la Ga\u00eet\u00e9 Lyrique. Nombre d\u2019artistes num\u00e9riques y pr\u00e9senteront leur travail, c\u2019est donc en toute logique qu\u2019EspritBD en est partenaire!<\/p>\n<p>C\u2019est l\u2019occasion pour nous de poursuivre une r\u00e9flexion d\u00e9j\u00e0 entam\u00e9e lors de la conf\u00e9rence <strong><a href=\"http:\/\/blog.espritbd.fr\/conference-du-12-avril-premier-debrief\" target=\"_self\">&quot;Cr\u00e9er pour les m\u00e9dias num\u00e9riques&quot;<\/a><\/strong> &#0160;organis\u00e9e en avril dernier avec e-artsup et Sup\u2019Internet. EspritBD accueillera donc 3 auteurs et sp\u00e9cialistes de la cr\u00e9ation num\u00e9rique qui \u00e9changeront leur vision des nouvelles formes de cr\u00e9ation\u2026 ces prestigieuses pointures de la BD num\u00e9rique sont : <strong>Balak<\/strong> (Turbom\u00e9dia, Marvel), <strong>Xavier Guilbert<\/strong> (du9.org) et <strong>Yannick Lejeune<\/strong> (Festiblog, Delcourt) ; r\u00e9unis autour d\u2019une table qu\u2019animera <strong>S\u00e9bastien C\u00e9limon<\/strong> (Le Comptoir de la BD).<br \/>Cette conf\u00e9rence est gratuite et ouverte au public. Elle se tiendra de 14h30 \u00e0 16h. Si vous voulez \u00eatre certains d\u2019avoir une place, <strong>nous vous recommandons de vous inscrire<\/strong>, avec le formulaire ci-dessous ! Que les moins pr\u00e9voyants se rassurent, il sera toujours possible de se joindre \u00e0 nous le 9 juin en se pr\u00e9sentant \u00e0 l\u2019Auditorium, dans la limite des places disponibles.<\/p>\n<p><strong>Pour vous inscrire :&#0160;<\/strong><\/p>\n<p><a href=\"http:\/\/blog.espritbd.fr\/conference-la-bande-dessinee-ere-du-numerique-regards-croises\">http:\/\/blog.espritbd.fr\/conference-la-bande-dessinee-ere-du-numerique-regards-croises<\/a><\/p>\n","protected":false},"excerpt":{"rendered":"<p>Comment r\u00e9fl\u00e9chir ensemble aux nouvelles formes de cr\u00e9ation li\u00e9es \u00e0 la r\u00e9volution technologique du num\u00e9rique ? Pour assister \u00e0 la prochaine conf\u00e9rence EspritBD et r\u00e9fl\u00e9chir ensemble aux possibilit\u00e9s ouvertes par les nouveaux m\u00e9dias, venez faire un tour \u00e0 la Ga\u00eet\u00e9 Lyrique, le samedi 9 juin prochain \u00e0 14h30. Les 9 et 10 juin prochains, le [&hellip;]<\/p>\n","protected":false},"author":4,"featured_media":0,"comment_status":"open","ping_status":"open","sticky":false,"template":"","format":"standard","meta":{"footnotes":""},"categories":[2],"tags":[],"class_list":["post-318","post","type-post","status-publish","format-standard","hentry","category-04-actualite-blogs-et-bd"],"_links":{"self":[{"href":"https:\/\/www.wedobd.com\/index.php?rest_route=\/wp\/v2\/posts\/318","targetHints":{"allow":["GET"]}}],"collection":[{"href":"https:\/\/www.wedobd.com\/index.php?rest_route=\/wp\/v2\/posts"}],"about":[{"href":"https:\/\/www.wedobd.com\/index.php?rest_route=\/wp\/v2\/types\/post"}],"author":[{"embeddable":true,"href":"https:\/\/www.wedobd.com\/index.php?rest_route=\/wp\/v2\/users\/4"}],"replies":[{"embeddable":true,"href":"https:\/\/www.wedobd.com\/index.php?rest_route=%2Fwp%2Fv2%2Fcomments&post=318"}],"version-history":[{"count":0,"href":"https:\/\/www.wedobd.com\/index.php?rest_route=\/wp\/v2\/posts\/318\/revisions"}],"wp:attachment":[{"href":"https:\/\/www.wedobd.com\/index.php?rest_route=%2Fwp%2Fv2%2Fmedia&parent=318"}],"wp:term":[{"taxonomy":"category","embeddable":true,"href":"https:\/\/www.wedobd.com\/index.php?rest_route=%2Fwp%2Fv2%2Fcategories&post=318"},{"taxonomy":"post_tag","embeddable":true,"href":"https:\/\/www.wedobd.com\/index.php?rest_route=%2Fwp%2Fv2%2Ftags&post=318"}],"curies":[{"name":"wp","href":"https:\/\/api.w.org\/{rel}","templated":true}]}}