{"id":322,"date":"2012-05-02T14:41:10","date_gmt":"2012-05-02T12:41:10","guid":{"rendered":"https:\/\/www.wedobd.com\/?p=322"},"modified":"2025-09-29T14:29:16","modified_gmt":"2025-09-29T12:29:16","slug":"4e-journee-de-la-bd-a-villemomble-le-samedi-12-mai","status":"publish","type":"post","link":"https:\/\/www.wedobd.com\/?p=322","title":{"rendered":"4e Journ\u00e9e de la BD \u00e0 Villemomble le samedi 12 mai"},"content":{"rendered":"<p style=\"text-align: center;\"><span style=\"color: #888888;\"><em>Un petit message de notre ami <a href=\"http:\/\/pascalum.over-blog.com\/\" target=\"_blank\">Pascalum<\/a> !<\/em><em><\/em><\/span><\/p>\n<p><a class=\"asset-img-link\" href=\"http:\/\/yannicklejeune.blogs.com\/.a\/6a00d8341c501b53ef0163050fb8d4970d-popup\" onclick=\"window.open( this.href, &#39;_blank&#39;, &#39;width=640,height=480,scrollbars=no,resizable=no,toolbar=no,directories=no,location=no,menubar=no,status=no,left=0,top=0&#39; ); return false\" style=\"display: inline;\"><img decoding=\"async\" alt=\"AfficheUnter\" class=\"asset  asset-image at-xid-6a00d8341c501b53ef0163050fb8d4970d\" src=\"https:\/\/www.wedobd.com\/wp-content\/uploads\/2012\/05\/6a00d8341c501b53ef0163050fb8d4970d-580wi.jpg\" style=\"width: 560px; display: block; margin-left: auto; margin-right: auto;\" title=\"AfficheUnter\" \/><\/a><\/p>\n<p>Le <strong>samedi 12 mai 2012<\/strong> \u00e0 la m\u00e9diath\u00e8que de <a href=\"http:\/\/g.co\/maps\/brr7v\" target=\"_blank\">Villemomble<\/a> en Seine Saint Denis, se tiendra la <strong>4<sup>e<\/sup> Journ\u00e9e de la BD<\/strong>. De <strong>10h \u00e0 18h<\/strong>, 29 auteurs seront en <strong>d\u00e9dicace gratuite<\/strong>.&#0160;Je vous parle de cet humble festival &#0160;parce que tous les auteurs pr\u00e9sents sont des habitu\u00e9s du Festiblog et que notre Journ\u00e9e de la B.D est fortement influenc\u00e9e par lui. Si pour vous comme pour moi, un Festiblog par an c&#39;est trop peu, voil\u00e0 l&#39;occasion d&#39;approcher encore une fois vos auteurs pr\u00e9f\u00e9r\u00e9s. Seront pr\u00e9sent ce jour l\u00e0 :&#0160;&#0160;<\/p>\n<p><a href=\"http:\/\/www.antoinekirsch.fr\/\" target=\"_blank\">Aka<\/a>, <a href=\"http:\/\/crabamoustache.deviantart.com\/\" target=\"_blank\">Arnaud Hilmarcher<\/a>, <a href=\"http:\/\/dragib.com\/\" target=\"_blank\">Dragib<\/a>, <a href=\"http:\/\/www.forzapedro.com\/\" target=\"_blank\">Forza Pedro<\/a>, <a href=\"http:\/\/ultimex.over-blog.com\/\" target=\"_blank\">Gad<\/a>, <a href=\"http:\/\/grigou.canalblog.com\/\" target=\"_blank\">Grigou<\/a>, <a href=\"http:\/\/hibi.free.fr\/blog\/\" target=\"_blank\">Hibi<\/a>,&#0160;<a href=\"http:\/\/jeanpaulpognon.canalblog.com\/\" target=\"_blank\">Jean Paul Pognon<\/a>, <a href=\"http:\/\/www.jeromeuh.net\/\" target=\"_blank\">J\u00e9romeuh<\/a>, <a href=\"http:\/\/www.sansemploi.com\/\" target=\"_blank\">Jib\u00e9<\/a>, <a href=\"http:\/\/www.kaouet.com\/leblog\/\" target=\"_blank\">Kaouet<\/a>, <a href=\"http:\/\/blog.zanorg.com\/\" target=\"_blank\">Kek<\/a>, <a href=\"http:\/\/www.lenaicvilain.com\/\" target=\"_blank\">L\u00e9na\u00efc<\/a>, <a href=\"http:\/\/www.donjonjoyeux.fr\/\" target=\"_blank\">Louna<\/a>, <a href=\"http:\/\/www.lesmadeleinesdemady.com\/\" target=\"_blank\">Mady Martin<\/a>, <a href=\"http:\/\/manu-xyz.blogspot.fr\/\" target=\"_blank\">Manu XYZ<\/a>, <a href=\"http:\/\/alotoftralala.over-blog.com\/\" target=\"_blank\">Marl\u00e8ne<\/a>, <a href=\"http:\/\/monsieurto.illustrateur.org\/\" target=\"_blank\">Monsieur To<\/a>, <a href=\"http:\/\/moute.canalblog.com\/\" target=\"_blank\">Moute<\/a>, <a href=\"http:\/\/mylydyneo.blogspot.fr\/\" target=\"_blank\">Mylydy<\/a>, <a href=\"http:\/\/donne-moi-ton-ballon.blogspot.fr\/\" target=\"_blank\">N.R<\/a>, <a href=\"http:\/\/nusse.canalblog.com\/\" target=\"_blank\">Nusse<\/a>, <a href=\"http:\/\/www.paka-blog.com\/\" target=\"_blank\">Paka<\/a>, <a href=\"http:\/\/yap-yap-yap-yap.blogspot.fr\/\" target=\"_blank\">Pierrot<\/a>, <a href=\"http:\/\/pochep.over-blog.com\/\" target=\"_blank\">Pochep<\/a>,&#0160;<a href=\"http:\/\/www.acupoftim.com\/\" target=\"_blank\">Tim<\/a>, <a href=\"http:\/\/chezunter.free.fr\/blog\/\" target=\"_blank\">Unter<\/a>, <a href=\"http:\/\/virginycoste.blogspot.fr\/\" target=\"_blank\">Virginy Coste<\/a>, <a href=\"http:\/\/www.waltch.com\/\" target=\"_blank\">Waltch<\/a>.<\/p>\n<p>L&#39;apr\u00e8s-midi, une animation organis\u00e9e par le collectif <a href=\"http:\/\/www.fraktory.com\/\" target=\"_blank\">La Fraktory<\/a> fera s&#39;affronter des auteurs de BD autour de paperboards.&#0160;<\/p>\n<p>L&#39;\u00e9quipe du <a href=\"http:\/\/rien-a-voir.over-blog.fr\/\" target=\"_blank\">R.A.V mag<\/a> sera repr\u00e9sent\u00e9e par <a href=\"http:\/\/hibi.free.fr\/blog\/\" target=\"_blank\">Hibi<\/a> et <a href=\"http:\/\/www.lenaicvilain.com\/\" target=\"_blank\">L\u00e9na\u00efc<\/a>.<\/p>\n<p>S&#39;il pleut ? pas grave, les d\u00e9dicaces auront lieu bien \u00e0 l&#39;abri dans une spacieuse et moderne m\u00e9diath\u00e8que&#8230; Et s&#39;il fait beau ? Vous pourrez faire une sieste (ou une IRL) dans le joli parc juste derri\u00e8re pendant que les auteurs transpireront \u00e0 grosses gouttes sur leurs feuilles de papier.&#0160;<\/p>\n<p>Merci \u00e0 l&#39;\u00e9quipe du Festiblog pour ce coup de pouce.<\/p>\n<p>Plus d&#39;infos sur le site de la m\u00e9diath\u00e8que : <a href=\"http:\/\/www.mediatheque.villemomble.fr\/opacwebaloes\/index.aspx?IdPage=339\" target=\"_blank\">http:\/\/www.mediatheque.villemomble.fr\/opacwebaloes\/index.aspx?IdPage=339<\/a><\/p>\n<p>Pascalum<\/p>\n<p>&#0160;<\/p>\n","protected":false},"excerpt":{"rendered":"<p>Le samedi 12 mai 2012 \u00e0 la m\u00e9diath\u00e8que de Villemomble en Seine Saint Denis, se tiendra la 4e Journ\u00e9e de la BD. De 10h \u00e0 18h, 29 auteurs seront en d\u00e9dicace gratuite.<\/p>\n","protected":false},"author":3,"featured_media":0,"comment_status":"open","ping_status":"open","sticky":false,"template":"","format":"standard","meta":{"footnotes":""},"categories":[2],"tags":[301,300,80,299],"class_list":["post-322","post","type-post","status-publish","format-standard","hentry","category-04-actualite-blogs-et-bd","tag-dedicaces-gratuites","tag-journee-de-la-bd","tag-pascalum","tag-villemomble"],"_links":{"self":[{"href":"https:\/\/www.wedobd.com\/index.php?rest_route=\/wp\/v2\/posts\/322","targetHints":{"allow":["GET"]}}],"collection":[{"href":"https:\/\/www.wedobd.com\/index.php?rest_route=\/wp\/v2\/posts"}],"about":[{"href":"https:\/\/www.wedobd.com\/index.php?rest_route=\/wp\/v2\/types\/post"}],"author":[{"embeddable":true,"href":"https:\/\/www.wedobd.com\/index.php?rest_route=\/wp\/v2\/users\/3"}],"replies":[{"embeddable":true,"href":"https:\/\/www.wedobd.com\/index.php?rest_route=%2Fwp%2Fv2%2Fcomments&post=322"}],"version-history":[{"count":1,"href":"https:\/\/www.wedobd.com\/index.php?rest_route=\/wp\/v2\/posts\/322\/revisions"}],"predecessor-version":[{"id":2760,"href":"https:\/\/www.wedobd.com\/index.php?rest_route=\/wp\/v2\/posts\/322\/revisions\/2760"}],"wp:attachment":[{"href":"https:\/\/www.wedobd.com\/index.php?rest_route=%2Fwp%2Fv2%2Fmedia&parent=322"}],"wp:term":[{"taxonomy":"category","embeddable":true,"href":"https:\/\/www.wedobd.com\/index.php?rest_route=%2Fwp%2Fv2%2Fcategories&post=322"},{"taxonomy":"post_tag","embeddable":true,"href":"https:\/\/www.wedobd.com\/index.php?rest_route=%2Fwp%2Fv2%2Ftags&post=322"}],"curies":[{"name":"wp","href":"https:\/\/api.w.org\/{rel}","templated":true}]}}