{"id":337,"date":"2011-11-08T17:51:45","date_gmt":"2011-11-08T16:51:45","guid":{"rendered":"https:\/\/www.wedobd.com\/?p=337"},"modified":"2011-11-08T17:51:45","modified_gmt":"2011-11-08T16:51:45","slug":"faites-une-bonne-action-avec-nos-camarades-de-sandawe","status":"publish","type":"post","link":"https:\/\/www.wedobd.com\/?p=337","title":{"rendered":"Faites une bonne action avec nos camarades de Sandawe"},"content":{"rendered":"<p>Un message de Patrick Pinchart :<\/p>\n<p>&quot;Il y a des gens formidables, qui ont des id\u00e9es formidables. Par exemple, des enseignants et des parents d\u2019enfants handicap\u00e9s qui se sont d\u00e9men\u00e9s et se d\u00e9m\u00e8nent encore pour que ceux-ci puissent avoir une scolarit\u00e9 normale malgr\u00e9 leur handicap. Parmi ceux-ci, l\u2019ASBL Escalpade, dans le Brabant wallon. On (\u201con\u201d, c\u2019est les \u00e9ditions Sandawe) aimerait bien les aider financi\u00e8rement car, comme vous le savez, ce genre d\u2019initiatives est rarement support\u00e9e financi\u00e8rement par nos institutions.<\/p>\n<p>On a eu l\u2019id\u00e9e de faire une expo-vente de planches et dessins d\u2019auteurs de BD. L\u2019expo aura lieu en d\u00e9cembre et janvier prochains \u00e0 Wavre. Les dessins seront expos\u00e9s avec une bio de l\u2019auteur. Ils seront vendus aux ench\u00e8res, et les b\u00e9n\u00e9fices revers\u00e9s \u00e0 l\u2019ASBL.<\/p>\n<p><a href=\"http:\/\/blogs.sandawe.net\/post\/2011\/10\/02\/Participez-%C3%A0-une-expo-vente-de-dessins-et-BD-au-profit-d-une-%C3%A9cole-pour-handicap%C3%A9s\" target=\"_self\">Toutes les infos sont l\u00e0.<\/a><\/p>\n<p>Je fais appel \u00e0 vous pour donner un coup de pouce \u00e0 cette ASBL par un dessin qui pourra \u00eatre expos\u00e9 et puis mis en vente.  Si vous souhaitez nous aider \u00e0 l\u2019aider, vous pouvez m\u2019envoyer ce dessin, sign\u00e9, \u00e0 mon adresse personnelle : Editions Sandawe, 17, rue du Bois Wilmet, B-1300 Limal. Et m\u2019envoyer, par mail, une courte bio. Si possible, dans les jours \u00e0 venir.<\/p>\n<p>Ce serait archi-sympa que vous puissiez y participer. Merci d\u2019avance pour votre aide.&quot;<\/p>\n","protected":false},"excerpt":{"rendered":"<p>Un message de Patrick Pinchart : &quot;Il y a des gens formidables, qui ont des id\u00e9es formidables. Par exemple, des enseignants et des parents d\u2019enfants handicap\u00e9s qui se sont d\u00e9men\u00e9s et se d\u00e9m\u00e8nent encore pour que ceux-ci puissent avoir une scolarit\u00e9 normale malgr\u00e9 leur handicap. Parmi ceux-ci, l\u2019ASBL Escalpade, dans le Brabant wallon. On (\u201con\u201d, [&hellip;]<\/p>\n","protected":false},"author":4,"featured_media":0,"comment_status":"open","ping_status":"open","sticky":false,"template":"","format":"standard","meta":{"footnotes":""},"categories":[2],"tags":[],"class_list":["post-337","post","type-post","status-publish","format-standard","hentry","category-04-actualite-blogs-et-bd"],"_links":{"self":[{"href":"https:\/\/www.wedobd.com\/index.php?rest_route=\/wp\/v2\/posts\/337","targetHints":{"allow":["GET"]}}],"collection":[{"href":"https:\/\/www.wedobd.com\/index.php?rest_route=\/wp\/v2\/posts"}],"about":[{"href":"https:\/\/www.wedobd.com\/index.php?rest_route=\/wp\/v2\/types\/post"}],"author":[{"embeddable":true,"href":"https:\/\/www.wedobd.com\/index.php?rest_route=\/wp\/v2\/users\/4"}],"replies":[{"embeddable":true,"href":"https:\/\/www.wedobd.com\/index.php?rest_route=%2Fwp%2Fv2%2Fcomments&post=337"}],"version-history":[{"count":0,"href":"https:\/\/www.wedobd.com\/index.php?rest_route=\/wp\/v2\/posts\/337\/revisions"}],"wp:attachment":[{"href":"https:\/\/www.wedobd.com\/index.php?rest_route=%2Fwp%2Fv2%2Fmedia&parent=337"}],"wp:term":[{"taxonomy":"category","embeddable":true,"href":"https:\/\/www.wedobd.com\/index.php?rest_route=%2Fwp%2Fv2%2Fcategories&post=337"},{"taxonomy":"post_tag","embeddable":true,"href":"https:\/\/www.wedobd.com\/index.php?rest_route=%2Fwp%2Fv2%2Ftags&post=337"}],"curies":[{"name":"wp","href":"https:\/\/api.w.org\/{rel}","templated":true}]}}