{"id":339,"date":"2011-10-26T16:55:57","date_gmt":"2011-10-26T14:55:57","guid":{"rendered":"https:\/\/www.wedobd.com\/?p=339"},"modified":"2011-10-26T16:55:57","modified_gmt":"2011-10-26T14:55:57","slug":"interview-video-guillaume-long-parrain-festiblog","status":"publish","type":"post","link":"https:\/\/www.wedobd.com\/?p=339","title":{"rendered":"Le parrain 2"},"content":{"rendered":"<p><strong>Apr\u00e8s <a href=\"http:\/\/www.festival-blogs-bd.com\/2011\/10\/interview-video-david-ziggy-greene.html\" target=\"_self\">David Ziggy Greene<\/a>, c&#39;est au tour de notre cher parrain <a href=\"http:\/\/www.festival-blogs-bd.com\/2011\/09\/guillaume-long.html\" target=\"_self\">Guillaume Long<\/a> de r\u00e9pondre aux questions de <a href=\"http:\/\/vimeo.com\/user4429812\" target=\"_blank\">Veeny<\/a> et <a href=\"http:\/\/shoothemup.blogspot.com\/\" target=\"_blank\">L\u00e9a<\/a> \u00e0 propos de son Festiblog gastronomique.<\/strong><\/p>\n<p><strong><br \/><\/strong><\/p>\n<p><iframe loading=\"lazy\" frameborder=\"0\" height=\"315\" src=\"http:\/\/www.dailymotion.com\/embed\/video\/xlxn75\" width=\"560\"><\/iframe><br \/><a href=\"http:\/\/www.dailymotion.com\/video\/xlxn75_festiblog-2011-guillaume-long-le-parrain_creation\" target=\"_blank\">Festiblog 2011: Guillaume Long &#8211; Le Parrain!<\/a> <em>par <a href=\"http:\/\/www.dailymotion.com\/VeenyIRL\" target=\"_blank\">VeenyIRL<\/a><\/em>&#0160;<\/p>\n<p>&#0160;<\/p>\n<p>Un grand merci \u00e0 <a href=\"http:\/\/long.blog.lemonde.fr\/\" target=\"_blank\">Guillaume Long<\/a>, Jacques G\u00e9nin, <a href=\"http:\/\/www.cyrillignac.com\" target=\"_blank\">Cyril Lignac<\/a> et <a href=\"http:\/\/www.cuisineattitude.com\" target=\"_blank\">Cuisine Attitude<\/a> !<\/p>\n<p>Et merci aussi \u00e0 Veeny et L\u00e9a pour cette chouette interview.<\/p>\n<p>D&#39;autres vid\u00e9os \u00e0 venir&#8230; \ud83d\ude42<\/p>\n","protected":false},"excerpt":{"rendered":"<p>Apr\u00e8s David Ziggy Greene, c&#8217;est au tour de notre cher parrain Guillaume Long de r\u00e9pondre aux questions de Veeny et L\u00e9a \u00e0 propos de son Festiblog gastronomique.<\/p>\n","protected":false},"author":3,"featured_media":0,"comment_status":"open","ping_status":"open","sticky":false,"template":"","format":"standard","meta":{"footnotes":""},"categories":[26,47],"tags":[330,329,174,325,206,332,331,326],"class_list":["post-339","post","type-post","status-publish","format-standard","hentry","category-02-le-festival-de-2005-a-2013","category-03-interviews-de-blogueurs-bd","tag-cuisine-attitude","tag-cyril-lignac","tag-guillaume-long","tag-interview","tag-jacques-genin","tag-lea","tag-veeny","tag-video"],"_links":{"self":[{"href":"https:\/\/www.wedobd.com\/index.php?rest_route=\/wp\/v2\/posts\/339","targetHints":{"allow":["GET"]}}],"collection":[{"href":"https:\/\/www.wedobd.com\/index.php?rest_route=\/wp\/v2\/posts"}],"about":[{"href":"https:\/\/www.wedobd.com\/index.php?rest_route=\/wp\/v2\/types\/post"}],"author":[{"embeddable":true,"href":"https:\/\/www.wedobd.com\/index.php?rest_route=\/wp\/v2\/users\/3"}],"replies":[{"embeddable":true,"href":"https:\/\/www.wedobd.com\/index.php?rest_route=%2Fwp%2Fv2%2Fcomments&post=339"}],"version-history":[{"count":0,"href":"https:\/\/www.wedobd.com\/index.php?rest_route=\/wp\/v2\/posts\/339\/revisions"}],"wp:attachment":[{"href":"https:\/\/www.wedobd.com\/index.php?rest_route=%2Fwp%2Fv2%2Fmedia&parent=339"}],"wp:term":[{"taxonomy":"category","embeddable":true,"href":"https:\/\/www.wedobd.com\/index.php?rest_route=%2Fwp%2Fv2%2Fcategories&post=339"},{"taxonomy":"post_tag","embeddable":true,"href":"https:\/\/www.wedobd.com\/index.php?rest_route=%2Fwp%2Fv2%2Ftags&post=339"}],"curies":[{"name":"wp","href":"https:\/\/api.w.org\/{rel}","templated":true}]}}