{"id":347,"date":"2011-10-11T14:38:44","date_gmt":"2011-10-11T12:38:44","guid":{"rendered":"https:\/\/www.wedobd.com\/?p=347"},"modified":"2025-09-29T14:30:36","modified_gmt":"2025-09-29T12:30:36","slug":"christophe-achard","status":"publish","type":"post","link":"https:\/\/www.wedobd.com\/?p=347","title":{"rendered":"Invit\u00e9 #97 : Christophe Achard"},"content":{"rendered":"<p><strong>Oui, euh, alors notre prochain invit\u00e9 \u00e9tait bien pr\u00e9sent lors du Festiblog&#8230; Il se trouve qu&#39;on avait oubli\u00e9 son interview et qu&#39;on lui a promis qu&#39;on se rattraperait. Voici donc les r\u00e9ponses de <a href=\"http:\/\/www.nathetchris.fr\/philtresdamour\" target=\"_blank\" title=\"Les philtres d&#39;amour\">Christophe Achard<\/a>.<\/strong><\/p>\n<p style=\"text-align: center;\"><a href=\"http:\/\/yannicklejeune.blogs.com\/.a\/6a00d8341c501b53ef0153923972a4970b-popup\" onclick=\"window.open( this.href, &#39;_blank&#39;, &#39;width=640,height=480,scrollbars=no,resizable=no,toolbar=no,directories=no,location=no,menubar=no,status=no,left=0,top=0&#39; ); return false\" style=\"display: inline;\"><img decoding=\"async\" alt=\"Nathetchris_festiblog2011\" class=\"asset  asset-image at-xid-6a00d8341c501b53ef0153923972a4970b\" src=\"https:\/\/www.wedobd.com\/wp-content\/uploads\/2011\/10\/6a00d8341c501b53ef0153923972a4970b-550wi.gif\" style=\"width: 520px;\" title=\"Nathetchris_festiblog2011\" \/><\/a><\/p>\n<p><strong>Quoi de neuf dans ta carri\u00e8re et tes projets depuis ta derni\u00e8re participation ?<\/strong><\/p>\n<p>Depuis ma participation il y a deux ans, Nath et Chris sont devenus des personnages de papier avec la parution en janvier dernier de l&#39;album tir\u00e9 du blog. \u00c7a s&#39;appelle &quot;Moi aussi\u2026 je t&#39;aime !&quot; et le site du Festiblog s&#39;\u00e9tait d&#39;ailleurs gentiment fait le relais de la bonne nouvelle.<\/p>\n<p style=\"text-align: center;\">&#0160;  <a href=\"http:\/\/yannicklejeune.blogs.com\/.a\/6a00d8341c501b53ef0153923974d3970b-popup\" onclick=\"window.open( this.href, &#39;_blank&#39;, &#39;width=640,height=480,scrollbars=no,resizable=no,toolbar=no,directories=no,location=no,menubar=no,status=no,left=0,top=0&#39; ); return false\" style=\"display: inline;\"><img decoding=\"async\" alt=\"Moiaussijetaime_bisou\" border=\"0\" class=\"asset  asset-image at-xid-6a00d8341c501b53ef0153923974d3970b image-full\" src=\"https:\/\/www.wedobd.com\/wp-content\/uploads\/2011\/10\/6a00d8341c501b53ef0153923974d3970b-800wi.gif\" title=\"Moiaussijetaime_bisou\" \/><\/a> <\/p>\n<p>C\u00f4t\u00e9 projet, on r\u00e9fl\u00e9chit avec l&#39;\u00e9diteur \u00e0 un num\u00e9ro 2, pour l&#39;ann\u00e9e prochaine certainement.<\/p>\n<p>&#0160;<\/p>\n<p><strong>Cette ann\u00e9e, Guillaume Long, est parrain du Festiblog avec son blog culinaire. Peux-tu nous parler de ton plat pr\u00e9f\u00e9r\u00e9 et nous donner une bonne adresse o\u00f9 aller manger dans ton coin ?<\/strong><\/p>\n<p>\u00c0 propos du parrain, je ne dirai qu&#39;une chose : plus c&#39;est Long, plus c&#39;est g\u00e9nial ! Ou un truc dans le style\u2026 Bref, pour mon plat pr\u00e9f\u00e9r\u00e9, je vous ai fait un petit dessin\u2026<\/p>\n<p style=\"text-align: center;\"><a href=\"http:\/\/yannicklejeune.blogs.com\/.a\/6a00d8341c501b53ef0154360d1b41970c-popup\" onclick=\"window.open( this.href, &#39;_blank&#39;, &#39;width=640,height=480,scrollbars=no,resizable=no,toolbar=no,directories=no,location=no,menubar=no,status=no,left=0,top=0&#39; ); return false\" style=\"display: inline;\"><img decoding=\"async\" alt=\"Nathetchris_platprefere\" border=\"0\" class=\"asset  asset-image at-xid-6a00d8341c501b53ef0154360d1b41970c image-full\" src=\"https:\/\/www.wedobd.com\/wp-content\/uploads\/2011\/10\/6a00d8341c501b53ef0154360d1b41970c-800wi.gif\" title=\"Nathetchris_platprefere\" \/><\/a> <\/p>\n<p>Et pour bien manger dans mon coin, le mieux c&#39;est encore de venir chez moi, ma Nath est un vrai cordon bleu\u2026 heu pardon\u2026 rose !<\/p>\n<p>&#0160;<\/p>\n<p><strong>Un mot pour ceux qui vont venir te voir ?<\/strong><\/p>\n<p>Moi aussi\u2026 je t&#39;aime !<\/p>\n<p>&#0160;<\/p>\n<p><strong>Quelque chose \u00e0 ajouter ?<\/strong><\/p>\n<p>Simplement merci !<\/p>\n<p>&#0160;<\/p>\n","protected":false},"excerpt":{"rendered":"<p>Oui, euh, alors notre prochain invit\u00e9 \u00e9tait bien pr\u00e9sent lors du Festiblog&#8230; Il se trouve qu&#8217;on avait oubli\u00e9 son interview et qu&#8217;on lui a promis qu&#8217;on se rattraperait. Voici donc les r\u00e9ponses de Christophe Achard.<\/p>\n","protected":false},"author":6,"featured_media":0,"comment_status":"open","ping_status":"open","sticky":false,"template":"","format":"standard","meta":{"footnotes":""},"categories":[26],"tags":[348],"class_list":["post-347","post","type-post","status-publish","format-standard","hentry","category-02-le-festival-de-2005-a-2013","tag-christophe-achard"],"_links":{"self":[{"href":"https:\/\/www.wedobd.com\/index.php?rest_route=\/wp\/v2\/posts\/347","targetHints":{"allow":["GET"]}}],"collection":[{"href":"https:\/\/www.wedobd.com\/index.php?rest_route=\/wp\/v2\/posts"}],"about":[{"href":"https:\/\/www.wedobd.com\/index.php?rest_route=\/wp\/v2\/types\/post"}],"author":[{"embeddable":true,"href":"https:\/\/www.wedobd.com\/index.php?rest_route=\/wp\/v2\/users\/6"}],"replies":[{"embeddable":true,"href":"https:\/\/www.wedobd.com\/index.php?rest_route=%2Fwp%2Fv2%2Fcomments&post=347"}],"version-history":[{"count":1,"href":"https:\/\/www.wedobd.com\/index.php?rest_route=\/wp\/v2\/posts\/347\/revisions"}],"predecessor-version":[{"id":2845,"href":"https:\/\/www.wedobd.com\/index.php?rest_route=\/wp\/v2\/posts\/347\/revisions\/2845"}],"wp:attachment":[{"href":"https:\/\/www.wedobd.com\/index.php?rest_route=%2Fwp%2Fv2%2Fmedia&parent=347"}],"wp:term":[{"taxonomy":"category","embeddable":true,"href":"https:\/\/www.wedobd.com\/index.php?rest_route=%2Fwp%2Fv2%2Fcategories&post=347"},{"taxonomy":"post_tag","embeddable":true,"href":"https:\/\/www.wedobd.com\/index.php?rest_route=%2Fwp%2Fv2%2Ftags&post=347"}],"curies":[{"name":"wp","href":"https:\/\/api.w.org\/{rel}","templated":true}]}}