{"id":362,"date":"2011-09-21T18:00:00","date_gmt":"2011-09-21T16:00:00","guid":{"rendered":"https:\/\/www.wedobd.com\/?p=362"},"modified":"2025-09-29T14:31:46","modified_gmt":"2025-09-29T12:31:46","slug":"allan-barte","status":"publish","type":"post","link":"https:\/\/www.wedobd.com\/?p=362","title":{"rendered":"Invit\u00e9 #90 : Allan Barte"},"content":{"rendered":"<p style=\"text-align: justify;\"><strong>Cette ann\u00e9e nous aurons l&#39;immense plaisir de retrouver l&#39;un des pionniers du Festiblog : <a href=\"http:\/\/www.allanbarte.com\/blog\/\" target=\"_blank\">Allan Barte<\/a> !<\/strong><\/p>\n<p style=\"text-align: center;\">&#0160;<\/p>\n<p style=\"text-align: center;\"><a href=\"http:\/\/yannicklejeune.blogs.com\/.a\/6a00d8341c501b53ef015391c0430e970b-popup\" onclick=\"window.open( this.href, &#39;_blank&#39;, &#39;width=640,height=480,scrollbars=no,resizable=no,toolbar=no,directories=no,location=no,menubar=no,status=no,left=0,top=0&#39; ); return false\" style=\"display: inline;\"><img decoding=\"async\" alt=\"Allan-festiblog2011-1\" class=\"asset  asset-image at-xid-6a00d8341c501b53ef015391c0430e970b\" src=\"https:\/\/www.wedobd.com\/wp-content\/uploads\/2011\/09\/6a00d8341c501b53ef015391c0430e970b-550wi.jpg\" style=\"width: 520px;\" title=\"Allan-festiblog2011-1\" \/><\/a> <\/p>\n<p><strong>Quoi de neuf dans ta carri\u00e8re et tes projets depuis ta derni\u00e8re participation ?<\/strong><\/p>\n<p>Un peu de tout. L&#39;industrie de la BD est un peu compliqu\u00e9e en ce moment (surtout pour moi ! hu hu) et du coup, je diversifie mes activit\u00e9s. Si je continue \u00e0 me revendiquer auteur de bande dessin\u00e9e et \u00e0 travailler dans ce sens, je consacre aussi pas mal de temps \u00e0 mettre au point des projets de dessins anim\u00e9s, histoire de voir un jour ce que \u00e7a fait d&#39;\u00eatre riche. Par ailleurs, je design aussi des super doudous pour la boutique <a href=\"http:\/\/pitchipitchi.com\/\" target=\"_blank\">pitchipitchi.com<\/a> et j&#39;ai un projet de web-s\u00e9rie intergalactiquement g\u00e9niale avec un copain.<\/p>\n<p>&#0160;<\/p>\n<p><strong>Cette ann\u00e9e, Guillaume Long, est parrain du Festiblog avec son blog culinaire. Peux-tu nous parler de ton plat pr\u00e9f\u00e9r\u00e9 et nous donner une bonne adresse o\u00f9 aller manger dans ton coin ?<\/strong><\/p>\n<p>De mani\u00e8re g\u00e9n\u00e9rale, un plat qui cumule du fromage, des patates et du cochon, suscite en moi une grande \u00e9motion culinaire: Raclette, tartiflette, poutine etc, toutes les combinaisons sont merveilleuses. En plus c&#39;est convivial, rapide \u00e0 faire&#8230; Que du bon ! Sinon, comme bonne adresse. En tant que 50% viet, je vous conseillerais d&#39;aller manger dans le 13eme (arrondissement de paris pour les provinciaux). Il y a plein de bons resto. Mon pr\u00e9f\u00e9r\u00e9: la lune (36 Avenue De Choisy Paris 13)Ce sont des chinois mais bon (hi hi), leurs beignets de St Jacques Sel et poivre sont vraiment pas mal ! La soupe nouille porc laqu\u00e9 aussi.<\/p>\n<p>&#0160;<\/p>\n<p><a href=\"http:\/\/yannicklejeune.blogs.com\/.a\/6a00d8341c501b53ef015435939554970c-popup\" onclick=\"window.open( this.href, &#39;_blank&#39;, &#39;width=640,height=480,scrollbars=no,resizable=no,toolbar=no,directories=no,location=no,menubar=no,status=no,left=0,top=0&#39; ); return false\" style=\"display: inline;\"><img decoding=\"async\" alt=\"Allan-festiblog2011-2\" class=\"asset  asset-image at-xid-6a00d8341c501b53ef015435939554970c\" src=\"https:\/\/www.wedobd.com\/wp-content\/uploads\/2011\/09\/6a00d8341c501b53ef015435939554970c-550wi.jpg\" style=\"width: 520px;\" title=\"Allan-festiblog2011-2\" \/><\/a> <\/p>\n<p>&#0160;<\/p>\n<p><strong>Un mot pour ceux qui vont venir te voir ?<\/strong><\/p>\n<p>Merci. c&#39;est gentil de penser encore \u00e0 moi.<\/p>\n<p>&#0160;<\/p>\n<p><strong>Quelque chose \u00e0 ajouter ?<\/strong><\/p>\n<p>J&#39;ai dit plus haut &quot;La soupe nouille porc laqu\u00e9 aussi&quot;. J&#39;aurais du dire: la soupe nouille porc laqu\u00e9 non plus&quot; puisque \u00e7a se r\u00e9f\u00e8re \u00e0 &quot;pas mal&quot;. Mais ma phrase est tellement mal construite de toutes fa\u00e7ons que bon&#8230;<\/p>\n<p>&#0160;<\/p>\n","protected":false},"excerpt":{"rendered":"<p>Cette ann\u00e9e nous aurons l&#8217;immense plaisir de retrouver l&#8217;un des pionniers du Festiblog : Allan Barte !<\/p>\n","protected":false},"author":3,"featured_media":0,"comment_status":"open","ping_status":"open","sticky":false,"template":"","format":"standard","meta":{"footnotes":""},"categories":[26,47],"tags":[352],"class_list":["post-362","post","type-post","status-publish","format-standard","hentry","category-02-le-festival-de-2005-a-2013","category-03-interviews-de-blogueurs-bd","tag-allan-barte"],"_links":{"self":[{"href":"https:\/\/www.wedobd.com\/index.php?rest_route=\/wp\/v2\/posts\/362","targetHints":{"allow":["GET"]}}],"collection":[{"href":"https:\/\/www.wedobd.com\/index.php?rest_route=\/wp\/v2\/posts"}],"about":[{"href":"https:\/\/www.wedobd.com\/index.php?rest_route=\/wp\/v2\/types\/post"}],"author":[{"embeddable":true,"href":"https:\/\/www.wedobd.com\/index.php?rest_route=\/wp\/v2\/users\/3"}],"replies":[{"embeddable":true,"href":"https:\/\/www.wedobd.com\/index.php?rest_route=%2Fwp%2Fv2%2Fcomments&post=362"}],"version-history":[{"count":1,"href":"https:\/\/www.wedobd.com\/index.php?rest_route=\/wp\/v2\/posts\/362\/revisions"}],"predecessor-version":[{"id":2905,"href":"https:\/\/www.wedobd.com\/index.php?rest_route=\/wp\/v2\/posts\/362\/revisions\/2905"}],"wp:attachment":[{"href":"https:\/\/www.wedobd.com\/index.php?rest_route=%2Fwp%2Fv2%2Fmedia&parent=362"}],"wp:term":[{"taxonomy":"category","embeddable":true,"href":"https:\/\/www.wedobd.com\/index.php?rest_route=%2Fwp%2Fv2%2Fcategories&post=362"},{"taxonomy":"post_tag","embeddable":true,"href":"https:\/\/www.wedobd.com\/index.php?rest_route=%2Fwp%2Fv2%2Ftags&post=362"}],"curies":[{"name":"wp","href":"https:\/\/api.w.org\/{rel}","templated":true}]}}