{"id":372,"date":"2011-09-18T23:20:51","date_gmt":"2011-09-18T21:20:51","guid":{"rendered":"https:\/\/www.wedobd.com\/?p=372"},"modified":"2025-09-29T14:32:23","modified_gmt":"2025-09-29T12:32:23","slug":"progamme-dedicaces-2011","status":"publish","type":"post","link":"https:\/\/www.wedobd.com\/?p=372","title":{"rendered":"Le programme du Festiblog 2011"},"content":{"rendered":"<p>A une semaine du Festival, il est grand temps de vous donner la liste des invit\u00e9s officiels, ainsi que le planning des d\u00e9dicaces et des \u00e9v\u00e9nements. Pour des raisons \u00e9videntes d&#39;organisation et de non-contr\u00f4le de la m\u00e9t\u00e9o, nous pr\u00e9cisons que ce planning peut \u00eatre amen\u00e9 \u00e0 changer jusqu&#39;au jour-m\u00eame de l&#39;\u00e9v\u00e9nement.<\/p>\n<p>&#0160;<\/p>\n<p style=\"text-align: center;\"><span style=\"font-size: 17px;\"><strong><a href=\"http:\/\/www.festival-blogs-bd.com\/Festiblog-2011-programme.pdf\" target=\"_blank\">T\u00e9l\u00e9charger le programme 2011 officiel en PDF<\/a><\/strong><\/span><\/p>\n<p style=\"text-align: center;\"><span style=\"font-size: 17px;\"><strong><br \/><\/strong><\/span><\/p>\n<p style=\"text-align: center;\"><span style=\"font-size: 17px;\"><strong> <a href=\"http:\/\/yannicklejeune.blogs.com\/.a\/6a00d8341c501b53ef014e8ba89d92970d-popup\" onclick=\"window.open( this.href, &#39;_blank&#39;, &#39;width=640,height=480,scrollbars=no,resizable=no,toolbar=no,directories=no,location=no,menubar=no,status=no,left=0,top=0&#39; ); return false\" style=\"display: inline;\"><img decoding=\"async\" alt=\"Affiche-festiblog-2011-500px\" class=\"asset  asset-image at-xid-6a00d8341c501b53ef014e8ba89d92970d\" src=\"https:\/\/www.wedobd.com\/wp-content\/uploads\/2011\/09\/6a00d8341c501b53ef014e8ba89d92970d-320wi.jpg\" title=\"Affiche-festiblog-2011-500px\" \/><\/a> <\/p>\n<p><\/strong><\/span><\/p>\n<p><span style=\"font-size: 14pt;\"><strong>LE SAMEDI :<\/strong><\/span><\/p>\n<p><strong>De 11h \u00e0 13h :<\/strong> 2d,  Aka, Charlie Poppins, Christophe Achard, Cl\u00e9ment, David Ziggy Greene, Dorian, Gary Mael, Geoffroy Monde, Hugo Ruyant, Mathilde (11h-14h), Melek, Mogmi, Nils Gl\u00f6t, Pascalum, Phiip, Pochep, Ryoga, Silver, Soph&#39;, Thomas Mathieu, NR, Vincent Caut et Yatuu.<\/p>\n<p><strong>De 13h \u00e0 14h :<\/strong> Guillaume Long, Nancy Pe\u00f1a, Tim.<\/p>\n<p><strong>De 13h \u00e0 16h :<\/strong> Anne Lise Nalin, Bambiii, Bastien Viv\u00e8s (14h-16h), Benjamin Adam, Benoit Feroumont, Chanouga, Christophe Bataillon, Emmanuel Roudier, Erwann Surcouf, Lionel Richerand, Lo\u00efc S\u00e9cheresse, Lucile Gomez, Mady (14h-16h), Manu-XYZ, Marine Blandin, Marion Montaigne, Martin Vidberg, Mathieu Sapin, Matthieu, Monsieur le Chien, Romain Ronzeau, Stivo, Thomas Cad\u00e8ne et Wandrille.<\/p>\n<p><strong>De 16h \u00e0 19h : <\/strong>Allan Barte, Anne Montel, Baptiste Amsallem, Ben Basso, David Gilson, Davy Mourier, Diglee, Jeromeuh, Kek, Leslie Pl\u00e9e, Lulu in the sky, Madd, Marie Voyelle,  Marl\u00e8ne, Martin Vidberg, Melaka,  Paka, P\u00e9n\u00e9lope Bagieu (16h-18h), Pierrot, Samaritain, Thorn, Unter, Yrgane et Zelba.<\/p>\n<p>&#0160;<\/p>\n<p><strong>Egalement le samedi, vous pourrez retrouver en d\u00e9dicace les communaut\u00e9s Warum, Fraktory, ainsi qu&#39;une d\u00e9dicace sp\u00e9ciale Chicou-Chicou \u00e0 l&#39;occasion de la r\u00e9\u00e9dition de leur livre.<\/strong><\/p>\n<p><strong>De 14h \u00e0 16h : <\/strong><a href=\"http:\/\/www.warum.fr\/\" target=\"_blank\">Warum<\/a> avec Fabrice Giband, Gad, Martin Singer, Navo et Pochep.  <a href=\"http:\/\/yannicklejeune.blogs.com\/.a\/6a00d8341c501b53ef01543588c21d970c-popup\" onclick=\"window.open( this.href, &#39;_blank&#39;, &#39;width=640,height=480,scrollbars=no,resizable=no,toolbar=no,directories=no,location=no,menubar=no,status=no,left=0,top=0&#39; ); return false\" style=\"display: inline;\"><img decoding=\"async\" alt=\"Warum\" border=\"0\" class=\"asset  asset-image at-xid-6a00d8341c501b53ef01543588c21d970c\" src=\"https:\/\/www.wedobd.com\/wp-content\/uploads\/2011\/09\/6a00d8341c501b53ef01543588c21d970c-800wi.jpg\" title=\"Warum\" \/><\/a><\/p>\n<p><strong>De 16h \u00e0 17h :&#0160;<\/strong><a href=\"http:\/\/www.fraktory.com\/\" target=\"_blank\">La Fraktory<\/a>&#0160;avec Moute, Kaouet, Grigou et Nusse.&#0160; <a href=\"http:\/\/yannicklejeune.blogs.com\/.a\/6a00d8341c501b53ef015391c5e5cb970b-popup\" onclick=\"window.open( this.href, &#39;_blank&#39;, &#39;width=640,height=480,scrollbars=no,resizable=no,toolbar=no,directories=no,location=no,menubar=no,status=no,left=0,top=0&#39; ); return false\" style=\"display: inline;\"><img decoding=\"async\" alt=\"Fraktory\" border=\"0\" class=\"asset  asset-image at-xid-6a00d8341c501b53ef015391c5e5cb970b\" src=\"https:\/\/www.wedobd.com\/wp-content\/uploads\/2011\/09\/6a00d8341c501b53ef015391c5e5cb970b-800wi.jpg\" title=\"Fraktory\" \/><\/a><\/p>\n<p><strong>De 17h \u00e0 19h :<\/strong> <a href=\"http:\/\/www.chicou-chicou.com\/\" target=\"_blank\">Chicou-Chicou<\/a> avec Boulet et Erwann Surcouf.<\/p>\n<p><strong><em>D&#39;autres communaut\u00e9s sont \u00e0 venir !<\/em><\/strong><\/p>\n<p><strong><em><br \/><\/em><\/strong><\/p>\n<p><strong> <a href=\"http:\/\/yannicklejeune.blogs.com\/.a\/6a00d8341c501b53ef015391b5902f970b-popup\" onclick=\"window.open( this.href, &#39;_blank&#39;, &#39;width=640,height=480,scrollbars=no,resizable=no,toolbar=no,directories=no,location=no,menubar=no,status=no,left=0,top=0&#39; ); return false\" style=\"float: right;\"><img decoding=\"async\" alt=\"30-jours\" border=\"0\" class=\"asset  asset-image at-xid-6a00d8341c501b53ef015391b5902f970b\" src=\"https:\/\/www.wedobd.com\/wp-content\/uploads\/2011\/09\/6a00d8341c501b53ef015391b5902f970b-800wi.jpg\" style=\"margin: 0px 0px 5px 5px;\" title=\"30-jours\" \/><\/a> La tente <a href=\"http:\/\/30joursdebd.com\/\" target=\"_blank\">30 jours de BD<\/a> sera \u00e0 nouveau pr\u00e9sente rassemblant la fine fleur de leur communaut\u00e9 avec : <\/strong>Stan Silas, Alexandre Arl\u00e8ne, Gorobe\u00ef, Saki, Romain, Baba, Raoul, Ol, Goliver, Schmoll, Lorenzo, Ibi, 2d, Waltch, Le Burp, Boutanox, Nine, Niko, Garf, Sess, Ced, Silver, Mipou, lena\u00efc et Cyrilius (le d\u00e9tail dans le programme \u00e0 t\u00e9l\u00e9charger ou \u00e0 venir sur le site <a href=\"http:\/\/30joursdebd.com\/\" target=\"_blank\">30joursbd.com<\/a>).<\/p>\n<p>&#0160;<\/p>\n<p><strong>Cette ann\u00e9e encore vous pourrez retrouver les auteurs de <a href=\"http:\/\/www.manolosanctis.com\/fr\" target=\"_blank\">Manolosanctis<\/a> dans la tente d\u00e9di\u00e9e \u00e0 leur communaut\u00e9 :<\/strong><strong> <a href=\"http:\/\/yannicklejeune.blogs.com\/.a\/6a00d8341c501b53ef0154358e8f91970c-popup\" onclick=\"window.open( this.href, &#39;_blank&#39;, &#39;width=640,height=480,scrollbars=no,resizable=no,toolbar=no,directories=no,location=no,menubar=no,status=no,left=0,top=0&#39; ); return false\" style=\"float: right;\"><img decoding=\"async\" alt=\"Manolosanctis\" border=\"0\" class=\"asset  asset-image at-xid-6a00d8341c501b53ef0154358e8f91970c\" src=\"https:\/\/www.wedobd.com\/wp-content\/uploads\/2011\/09\/6a00d8341c501b53ef0154358e8f91970c-800wi.jpg\" style=\"margin: 0px 0px 5px 5px;\" title=\"Manolosanctis\" \/><\/a><\/strong><\/p>\n<p><strong>De 11h \u00e0 13h : <\/strong>Louna, Sess, M\u00e9laka, Jean Paul Pognon<\/p>\n<p><strong>De 13h \u00e0 16h : <\/strong>Thomas Mathieu, Alexandre Arl\u00e8ne, Maud Begon, Wouzit<\/p>\n<p><strong>De 16h \u00e0 19h : <\/strong>Kim Consigny, Yohan Sacr\u00e9, Anne Lise Nalin, Thibault Rassat<\/p>\n<p>&#0160;<\/p>\n<p><strong>Et ce n&#39;est pas tout, comme l&#39;ann\u00e9e derni\u00e8re nous aurons une tente Multimedia o\u00f9 se d\u00e9rouleront les Master Classes, d\u00e9monstrations de cr\u00e9ation num\u00e9rique en live projet\u00e9es sur grand \u00e9cran :<\/strong><\/p>\n<p><strong> <a href=\"http:\/\/yannicklejeune.blogs.com\/.a\/6a00d8341c501b53ef01543588e3d8970c-popup\" onclick=\"window.open( this.href, &#39;_blank&#39;, &#39;width=640,height=480,scrollbars=no,resizable=no,toolbar=no,directories=no,location=no,menubar=no,status=no,left=0,top=0&#39; ); return false\" style=\"display: inline;\"><img decoding=\"async\" alt=\"Sponsors-multimedia\" border=\"0\" class=\"asset  asset-image at-xid-6a00d8341c501b53ef01543588e3d8970c image-full\" src=\"https:\/\/www.wedobd.com\/wp-content\/uploads\/2011\/09\/6a00d8341c501b53ef01543588e3d8970c-800wi.jpg\" title=\"Sponsors-multimedia\" \/><\/a> <\/p>\n<p><\/strong><\/p>\n<p><strong>De 13h30 \u00e0 14h30 :<\/strong> Master Classe de <a href=\"http:\/\/boubize.blogspot.com\" target=\"_blank\">Balak<\/a>.<\/p>\n<p><strong>De 15h \u00e0 16h :<\/strong> D\u00e9monstration du logiciel Comic Composer par <a href=\"http:\/\/turalo.over-blog.com\/\" target=\"_blank\">Turalo<\/a>.<\/p>\n<p><strong>De 16h30 \u00e0 17h30 :<\/strong> R\u00e9alisation d&#39;un \u00e9pisode en live de la s\u00e9rie <a href=\"http:\/\/www.lesautresgens.com\" target=\"_blank\">&quot;Les Autres Gens&quot;<\/a> par son cr\u00e9ateur Thomas Cad\u00e8ne et Bastien Viv\u00e8s.<\/p>\n<p><strong>De 18h \u00e0 19h :<\/strong> Master Classe de <a href=\"http:\/\/graphistivo.blogspot.com\/\" target=\"_blank\">Stivo<\/a>.<\/p>\n<p>&#0160;<\/p>\n<p style=\"text-align: center;\"><a href=\"http:\/\/yannicklejeune.blogs.com\/.a\/6a00d8341c501b53ef014e8ba974d3970d-popup\" onclick=\"window.open( this.href, &#39;_blank&#39;, &#39;width=640,height=480,scrollbars=no,resizable=no,toolbar=no,directories=no,location=no,menubar=no,status=no,left=0,top=0&#39; ); return false\" style=\"display: inline;\"><img decoding=\"async\" alt=\"Festiblog 2010 547\" class=\"asset  asset-image at-xid-6a00d8341c501b53ef014e8ba974d3970d\" src=\"https:\/\/www.wedobd.com\/wp-content\/uploads\/2011\/09\/6a00d8341c501b53ef014e8ba974d3970d-550wi.jpg\" style=\"width: 520px;\" title=\"Festiblog 2010 547\" \/><\/a> <\/p>\n<p>&#0160;<\/p>\n<p><strong>Et pour finir, la tente &quot;jeux&quot; prendra une nouvelle dimension cette ann\u00e9e avec un programme des plus all\u00e9chants :<\/strong><\/p>\n<p><strong><strong> <a href=\"http:\/\/yannicklejeune.blogs.com\/.a\/6a00d8341c501b53ef01543588c357970c-popup\" onclick=\"window.open( this.href, &#39;_blank&#39;, &#39;width=640,height=480,scrollbars=no,resizable=no,toolbar=no,directories=no,location=no,menubar=no,status=no,left=0,top=0&#39; ); return false\" style=\"float: right;\"><img decoding=\"async\" alt=\"Rav\" border=\"0\" class=\"asset  asset-image at-xid-6a00d8341c501b53ef01543588c357970c\" src=\"https:\/\/www.wedobd.com\/wp-content\/uploads\/2011\/09\/6a00d8341c501b53ef01543588c357970c-800wi.jpg\" style=\"margin: 0px 0px 5px 5px;\" title=\"Rav\" \/><\/a> De 11h \u00e0 13h pour les petits :<\/strong> <\/strong>Atelier de BD pour les enfants de 8 ans et plus, anim\u00e9 par les dessinateurs de <a href=\"http:\/\/rien-a-voir.over-blog.fr\/\" target=\"_blank\">RAV<\/a>, \u00e0 la biblioth\u00e8que Marguerite Audoux \u00e0 c\u00f4t\u00e9 du Festiblog (inscription gratuite au 01 44 78 55 20).<strong><br \/><\/strong><\/p>\n<p><strong>De 11h \u00e0 13h pour les plus grands :<\/strong> D\u00e9monstration de jeux de cartes et de soci\u00e9t\u00e9 avec leurs cr\u00e9ateurs <a href=\"http:\/\/vidberg.blog.lemonde.fr\/\" target=\"_blank\">Martin Vidberg<\/a>, <a href=\"http:\/\/ultimex.over-blog.com\/\" target=\"_blank\">Gad<\/a> et <a href=\"http:\/\/wandrille.leroy.free.fr\/blog\/\" target=\"_blank\">Wandrille<\/a>.<\/p>\n<p><strong> <a href=\"http:\/\/yannicklejeune.blogs.com\/.a\/6a00d8341c501b53ef014e8ba93eac970d-popup\" onclick=\"window.open( this.href, &#39;_blank&#39;, &#39;width=640,height=480,scrollbars=no,resizable=no,toolbar=no,directories=no,location=no,menubar=no,status=no,left=0,top=0&#39; ); return false\" style=\"float: right;\"><img decoding=\"async\" alt=\"Cde\" border=\"0\" class=\"asset  asset-image at-xid-6a00d8341c501b53ef014e8ba93eac970d\" src=\"https:\/\/www.wedobd.com\/wp-content\/uploads\/2011\/09\/6a00d8341c501b53ef014e8ba93eac970d-800wi.jpg\" style=\"margin: 0px 0px 5px 5px;\" title=\"Cde\" \/><\/a> De 14h \u00e0 16h :<\/strong> Cr\u00e9ation d&#39;une BD num\u00e9rique ludique par 40 auteurs du Festiblog.<\/p>\n<p><strong>De 16h30 \u00e0 17h30 :<\/strong> Remise des prix <a href=\"http:\/\/www.facebook.com\/EspritBD?sk=app_138778399475757\" target=\"_blank\">Quizz BD Festiblog<\/a> avec la Caisse d&#39;Epargne.<\/p>\n<p><strong>De 17h30 \u00e0 18h30 :<\/strong> Lancement du concours <a href=\"http:\/\/www.prixdublog.com\/\" target=\"_blank\">R\u00e9v\u00e9lation Blog<\/a> par Wandrille et Grand Quizz Festiblog pour gagner un go\u00fbter de luxe chez le c\u00e9l\u00e8bre patissier chocolatier Jacques G\u00e9nin le dimanche en compagnie de <a href=\"http:\/\/long.blog.lemonde.fr\/\" target=\"_blank\">Guillaume Long<\/a> et <a href=\"http:\/\/www.lucilegomez.fr\/\" target=\"_blank\">Lucile Gomez<\/a>.<\/p>\n<p>&#0160;<\/p>\n<p><strong>Et comme chaque ann\u00e9e, nous organiserons le FestiFightClub BD avec les auteurs pr\u00e9sents et le public !<\/strong><\/p>\n<p>&#0160;<\/p>\n<p style=\"text-align: center;\"><a href=\"http:\/\/yannicklejeune.blogs.com\/.a\/6a00d8341c501b53ef01543588fab3970c-popup\" onclick=\"window.open( this.href, &#39;_blank&#39;, &#39;width=640,height=480,scrollbars=no,resizable=no,toolbar=no,directories=no,location=no,menubar=no,status=no,left=0,top=0&#39; ); return false\" style=\"display: inline;\"><img decoding=\"async\" alt=\"Festiblog 261\" class=\"asset  asset-image at-xid-6a00d8341c501b53ef01543588fab3970c\" src=\"https:\/\/www.wedobd.com\/wp-content\/uploads\/2011\/09\/6a00d8341c501b53ef01543588fab3970c-550wi.jpg\" style=\"width: 520px;\" title=\"Festiblog 261\" \/><\/a> <\/p>\n<p>&#0160;<\/p>\n<p><span style=\"font-size: 14pt;\"><strong>LE DIMANCHE<\/strong><\/span><\/p>\n<p><strong>De 11h \u00e0 13h :<\/strong> 2d, Anne Lise Nalin, Aspirine, Ben Basso, Bertrand Todesco, Carole Maurel, Ced, Charlie Poppins, David Gilson, Gary Mael, Jean Paul Pognon, Le Burp, Lena\u00efc,  Maadiar, Malec, Marine Blandin, Mathieu Muizon, Matthieu, Paka (11h-14h), Pierrot, Tim, Tristan, Sess et Soph.<\/p>\n<p><strong>De 13h \u00e0 16h :<\/strong> Bambiii, Blagui, David Ziggy Greene, Davy Mourier, Diglee, Emmanuel Roudier, Guillaume Long, Half Bob, Lison Bernet, Lommsek, Lugolgiovanni, Sanaa-k, Mady (14h-16h), Manu-XYZ, Marion Montaigne, Mathias Martin, Msieu Sylvain, Soulci\u00e9, Tokyobanhbao, Turalo, Ullcer, Yatuu, Yrgane et Zelba.<\/p>\n<p><strong>De 16h \u00e0 19h :<\/strong> aAlex, Benoit Feroumont, Delfine, Glen Chapron, gosh, Guillaume Long, Hugo Ruyant, Jeromeuh, Kek, Lionel Richerand, Louna, Lucile Gomez, Lychen, Mathieu Muizon, Melaka, Monsieur le Chien, Nancy Pe\u00f1a, Pochep, Romain Ronzeau, Silver, Slo, Vincent Caut, Vincent L\u00e9v\u00eaque et Yod@ (de 16h \u00e0 18h30).<\/p>\n<p><strong>Retrouvez \u00e9galement le dimanche les communaut\u00e9s RAV, Warum, Lapin et Stylo Bulle en d\u00e9dicaces.<\/strong><\/p>\n<p><strong>De 11h \u00e0 12h :<\/strong> <a href=\"http:\/\/rien-a-voir.over-blog.fr\/\" target=\"_blank\">RAV<\/a> avec Nusse, Kaouet, Hibi et Wayne.  <a href=\"http:\/\/yannicklejeune.blogs.com\/.a\/6a00d8341c501b53ef015391b5930e970b-popup\" onclick=\"window.open( this.href, &#39;_blank&#39;, &#39;width=640,height=480,scrollbars=no,resizable=no,toolbar=no,directories=no,location=no,menubar=no,status=no,left=0,top=0&#39; ); return false\" style=\"display: inline;\"><img decoding=\"async\" alt=\"Mini-rav\" border=\"0\" class=\"asset  asset-image at-xid-6a00d8341c501b53ef015391b5930e970b\" src=\"https:\/\/www.wedobd.com\/wp-content\/uploads\/2011\/09\/6a00d8341c501b53ef015391b5930e970b-800wi.jpg\" title=\"Mini-rav\" \/><\/a><\/p>\n<p><strong>De 12h \u00e0 14h :<\/strong> <a href=\"http:\/\/www.warum.fr\/\" target=\"_blank\">Warum<\/a> avec&#0160;Lommsek, Fabrice Giband, Mathieu Vinciguerra, gosh, Wandrille et Yod@.  <a href=\"http:\/\/yannicklejeune.blogs.com\/.a\/6a00d8341c501b53ef014e8ba93f98970d-popup\" onclick=\"window.open( this.href, &#39;_blank&#39;, &#39;width=640,height=480,scrollbars=no,resizable=no,toolbar=no,directories=no,location=no,menubar=no,status=no,left=0,top=0&#39; ); return false\" style=\"display: inline;\"><img decoding=\"async\" alt=\"Warum\" border=\"0\" class=\"asset  asset-image at-xid-6a00d8341c501b53ef014e8ba93f98970d\" src=\"https:\/\/www.wedobd.com\/wp-content\/uploads\/2011\/09\/6a00d8341c501b53ef014e8ba93f98970d-800wi.jpg\" title=\"Warum\" \/><\/a><\/p>\n<p><strong>De 16h \u00e0 18h :<\/strong> <a href=\"http:\/\/www.lapin.org\/\" target=\"_blank\">Lapin<\/a> avec NR, Geoffroy Monde, Gad, Phiip et Paka et Sebh.  <a href=\"http:\/\/yannicklejeune.blogs.com\/.a\/6a00d8341c501b53ef015391b59383970b-popup\" onclick=\"window.open( this.href, &#39;_blank&#39;, &#39;width=640,height=480,scrollbars=no,resizable=no,toolbar=no,directories=no,location=no,menubar=no,status=no,left=0,top=0&#39; ); return false\" style=\"display: inline;\"><img decoding=\"async\" alt=\"Lapin\" border=\"0\" class=\"asset  asset-image at-xid-6a00d8341c501b53ef015391b59383970b\" src=\"https:\/\/www.wedobd.com\/wp-content\/uploads\/2011\/09\/6a00d8341c501b53ef015391b59383970b-800wi.jpg\" title=\"Lapin\" \/><\/a><\/p>\n<p><strong>De 18h \u00e0 19h :<\/strong>&#0160;<a href=\"http:\/\/www.lestylobulle.com\/\" target=\"_blank\">Stylo Bulle<\/a>&#0160;avec L\u00e9na\u00efc, Wayne et LeCilVert.<\/p>\n<p><strong><em>D&#39;autres communaut\u00e9s sont \u00e0 venir !<\/em><\/strong><\/p>\n<p><strong><em><br \/><\/em><\/strong><\/p>\n<p><strong><a href=\"http:\/\/yannicklejeune.blogs.com\/.a\/6a00d8341c501b53ef01543588cca2970c-popup\" onclick=\"window.open( this.href, &#39;_blank&#39;, &#39;width=640,height=480,scrollbars=no,resizable=no,toolbar=no,directories=no,location=no,menubar=no,status=no,left=0,top=0&#39; ); return false\" style=\"float: right;\"><img decoding=\"async\" alt=\"30-jours\" border=\"0\" class=\"asset  asset-image at-xid-6a00d8341c501b53ef01543588cca2970c\" src=\"https:\/\/www.wedobd.com\/wp-content\/uploads\/2011\/09\/6a00d8341c501b53ef01543588cca2970c-800wi.jpg\" style=\"margin: 0px 0px 5px 5px;\" title=\"30-jours\" \/><\/a> Dans la tente 30 jourd de BD, vous pourrez retrouver :<\/strong> Stan Silas, Alexandre Arl\u00e8ne, Gorobe\u00ef, Saki, Romain, Raoul, Ol, Goliver, Schmoll, Lorenzo, Ibi, 2d, Waltch, Le Burp, Boutanox, Nine, Niko, Garf, Baba, Sess, Ced, Silver, Mipou, lena\u00efc, Caricartoon et Cyrilius (le d\u00e9tail dans le programme \u00e0 t\u00e9l\u00e9charger ou \u00e0 venir sur le site <a href=\"http:\/\/30joursdebd.com\/\" target=\"_blank\">30joursbd.com<\/a>).<\/p>\n<p>&#0160;<\/p>\n<p><strong> <a href=\"http:\/\/yannicklejeune.blogs.com\/.a\/6a00d8341c501b53ef014e8baefcb7970d-popup\" onclick=\"window.open( this.href, &#39;_blank&#39;, &#39;width=640,height=480,scrollbars=no,resizable=no,toolbar=no,directories=no,location=no,menubar=no,status=no,left=0,top=0&#39; ); return false\" style=\"float: right;\"><img decoding=\"async\" alt=\"Manolosanctis\" border=\"0\" class=\"asset  asset-image at-xid-6a00d8341c501b53ef014e8baefcb7970d\" src=\"https:\/\/www.wedobd.com\/wp-content\/uploads\/2011\/09\/6a00d8341c501b53ef014e8baefcb7970d-800wi.jpg\" style=\"margin: 0px 0px 5px 5px;\" title=\"Manolosanctis\" \/><\/a> Dans la tente Manolosanctis vous retrouverez :<\/strong><\/p>\n<p><strong>De 11h \u00e0 13h :<\/strong>&#0160;mammouth, Etienne Guignard, Akicraveri<\/p>\n<p><strong>De 13h \u00e0 16h : <\/strong>Gary Ma\u00ebl, LeCilVert, Wayne, Lena\u00efc (13h &#8211; 15h)<\/p>\n<p><strong>De 16h \u00e0 19h : <\/strong>Kda, Saki &#8211; G. Penchinat, Baptiste Amsallem, Lommsek&#0160;<\/p>\n<p>&#0160;<\/p>\n<p><strong>Dans la tente Multimedia :<\/strong><\/p>\n<p><strong>De 13h30 \u00e0 14h30 :<\/strong> Master Classe de <a href=\"http:\/\/le-samaritain.blogspot.com\/\" target=\"_blank\">Samaritain<\/a>.<\/p>\n<p><strong>De 15h \u00e0 16h :<\/strong> R\u00e9alisation d&#39;un \u00e9pisode en live de la s\u00e9rie <a href=\"http:\/\/www.lesautresgens.com\/\" target=\"_blank\">&quot;Les Autres Gens&quot;<\/a> par son cr\u00e9ateur Thomas Cad\u00e8ne et Bastien Viv\u00e8s.<\/p>\n<p><strong>De 16h30 \u00e0 17h30 :<\/strong> D\u00e9monstration du logiciel Comic Composer par <a href=\"http:\/\/turalo.over-blog.com\/\" target=\"_blank\">Turalo<\/a>.<\/p>\n<p><strong>De 18h \u00e0 19h :<\/strong> Master Classe de <a href=\"http:\/\/www.bulleblog.com\/\" target=\"_blank\">Thorn<\/a>.<\/p>\n<p>&#0160;<\/p>\n<p><strong>Dans la tente Jeux :<\/strong><\/p>\n<p><strong>De 11h \u00e0 13h :<\/strong> D\u00e9monstration de jeux de cartes et de soci\u00e9t\u00e9 avec leurs cr\u00e9ateurs <a href=\"http:\/\/vidberg.blog.lemonde.fr\/\" target=\"_blank\">Martin Vidberg<\/a>, <a href=\"http:\/\/ultimex.over-blog.com\/\" target=\"_blank\">Gad<\/a> et <a href=\"http:\/\/wandrille.leroy.free.fr\/blog\/\" target=\"_blank\">Wandrille<\/a>.<\/p>\n<p><strong> <a href=\"http:\/\/yannicklejeune.blogs.com\/.a\/6a00d8341c501b53ef015391b59ed4970b-popup\" onclick=\"window.open( this.href, &#39;_blank&#39;, &#39;width=640,height=480,scrollbars=no,resizable=no,toolbar=no,directories=no,location=no,menubar=no,status=no,left=0,top=0&#39; ); return false\" style=\"float: right;\"><img decoding=\"async\" alt=\"My-major-company-bd\" border=\"0\" class=\"asset  asset-image at-xid-6a00d8341c501b53ef015391b59ed4970b\" src=\"https:\/\/www.wedobd.com\/wp-content\/uploads\/2011\/09\/6a00d8341c501b53ef015391b59ed4970b-800wi.jpg\" style=\"margin: 0px 0px 5px 5px;\" title=\"My-major-company-bd\" \/><\/a> De 14h \u00e0 15h :<\/strong> Lancement du jeu concours My Major Company BD et Grand Quizz Festiblog pour gagner un go\u00fbter de luxe chez le c\u00e9l\u00e8bre patissier chocolatier <strong>Jacques G\u00e9nin<\/strong> en compagnie de <a href=\"http:\/\/long.blog.lemonde.fr\/\" target=\"_blank\">Guillaume Long<\/a> et <a href=\"http:\/\/www.lucilegomez.fr\/\" target=\"_blank\">Lucile Gomez<\/a> juste apr\u00e8s.<\/p>\n<p><strong>De 16h \u00e0 18h :<\/strong> Cr\u00e9ation d&#39;une BD num\u00e9rique ludique par 40 auteurs du Festiblog.<\/p>\n<p>&#0160;<\/p>\n<p style=\"text-align: center;\"><a href=\"http:\/\/yannicklejeune.blogs.com\/.a\/6a00d8341c501b53ef014e8ba973bc970d-popup\" onclick=\"window.open( this.href, &#39;_blank&#39;, &#39;width=640,height=480,scrollbars=no,resizable=no,toolbar=no,directories=no,location=no,menubar=no,status=no,left=0,top=0&#39; ); return false\" style=\"display: inline;\"><img decoding=\"async\" alt=\"Festiblog 2010 323\" class=\"asset  asset-image at-xid-6a00d8341c501b53ef014e8ba973bc970d\" src=\"https:\/\/www.wedobd.com\/wp-content\/uploads\/2011\/09\/6a00d8341c501b53ef014e8ba973bc970d-550wi.jpg\" style=\"width: 520px;\" title=\"Festiblog 2010 323\" \/><\/a> <\/p>\n<p>&#0160;<\/p>\n<p><a class=\"zemanta-pixie-a\" href=\"http:\/\/reblog.zemanta.com\/zemified\/8ca58d67-0ebf-466d-aaa6-c9e28b3c3f08\/\" title=\"Zemified by Zemanta\"><img decoding=\"async\" alt=\"Reblog this post [with Zemanta]\" class=\"zemanta-pixie-img\" src=\"http:\/\/img.zemanta.com\/reblog_e.png?x-id=8ca58d67-0ebf-466d-aaa6-c9e28b3c3f08\" style=\"border: medium none; float: right;\" \/><\/a><\/p>\n<p><strong>&#8230;et le FestiFightClub BD avec les auteurs pr\u00e9sents et le public !<\/strong><\/p>\n<p>&#0160;<\/p>\n<p><strong>Boulet quant \u00e0 lui continuera son <a href=\"http:\/\/www.festival-blogs-bd.com\/2010\/10\/lexpo-de-boulet-en-live-mais-pas-en-direct-live.html\" target=\"_self\">expo live<\/a> d\u00e9marr\u00e9e l&#39;ann\u00e9e derni\u00e8re pendant les 2 jours et nous afficherons les dessins r\u00e9alis\u00e9s au fur et \u00e0 mesure.<\/strong><\/p>\n<p>&#0160;<\/p>\n<p style=\"text-align: center;\"><strong> <a href=\"http:\/\/yannicklejeune.blogs.com\/.a\/6a00d8341c501b53ef01543588fe17970c-popup\" onclick=\"window.open( this.href, &#39;_blank&#39;, &#39;width=640,height=480,scrollbars=no,resizable=no,toolbar=no,directories=no,location=no,menubar=no,status=no,left=0,top=0&#39; ); return false\" style=\"display: inline;\"><img decoding=\"async\" alt=\"Festiblog 2010 495\" class=\"asset  asset-image at-xid-6a00d8341c501b53ef01543588fe17970c\" src=\"https:\/\/www.wedobd.com\/wp-content\/uploads\/2011\/09\/6a00d8341c501b53ef01543588fe17970c-550wi.jpg\" style=\"width: 520px;\" title=\"Festiblog 2010 495\" \/><\/a> <\/p>\n<p><\/strong><\/p>\n<p><strong><br \/><\/strong><\/p>\n<p><em><span style=\"font-size: 14pt;\"><strong>Bon Festiblog !<\/strong><\/span><\/em><\/p>\n<p><em><span style=\"font-size: 14pt;\"><strong><br \/><\/strong><\/span><\/em><\/p>\n<p style=\"text-align: center;\"><em><span style=\"font-size: 14pt;\"><strong> <a href=\"http:\/\/yannicklejeune.blogs.com\/.a\/6a00d8341c501b53ef014e8ba972c3970d-popup\" onclick=\"window.open( this.href, &#39;_blank&#39;, &#39;width=640,height=480,scrollbars=no,resizable=no,toolbar=no,directories=no,location=no,menubar=no,status=no,left=0,top=0&#39; ); return false\" style=\"display: inline;\"><img decoding=\"async\" alt=\"Festiblog 281\" class=\"asset  asset-image at-xid-6a00d8341c501b53ef014e8ba972c3970d\" src=\"https:\/\/www.wedobd.com\/wp-content\/uploads\/2011\/09\/6a00d8341c501b53ef014e8ba972c3970d-550wi.jpg\" style=\"width: 520px;\" title=\"Festiblog 281\" \/><\/a> <\/p>\n<p><\/strong><\/span><\/em><\/p>\n","protected":false},"excerpt":{"rendered":"<p>A une semaine du Festival, il est grand temps de vous donner la liste des invit\u00e9s officiels, ainsi que le planning des d\u00e9dicaces et des \u00e9v\u00e9nements.<\/p>\n","protected":false},"author":3,"featured_media":0,"comment_status":"open","ping_status":"open","sticky":false,"template":"","format":"standard","meta":{"footnotes":""},"categories":[26],"tags":[357,356,354,355],"class_list":["post-372","post","type-post","status-publish","format-standard","hentry","category-02-le-festival-de-2005-a-2013","tag-festiblog-2011","tag-horaires","tag-planning","tag-programme"],"_links":{"self":[{"href":"https:\/\/www.wedobd.com\/index.php?rest_route=\/wp\/v2\/posts\/372","targetHints":{"allow":["GET"]}}],"collection":[{"href":"https:\/\/www.wedobd.com\/index.php?rest_route=\/wp\/v2\/posts"}],"about":[{"href":"https:\/\/www.wedobd.com\/index.php?rest_route=\/wp\/v2\/types\/post"}],"author":[{"embeddable":true,"href":"https:\/\/www.wedobd.com\/index.php?rest_route=\/wp\/v2\/users\/3"}],"replies":[{"embeddable":true,"href":"https:\/\/www.wedobd.com\/index.php?rest_route=%2Fwp%2Fv2%2Fcomments&post=372"}],"version-history":[{"count":1,"href":"https:\/\/www.wedobd.com\/index.php?rest_route=\/wp\/v2\/posts\/372\/revisions"}],"predecessor-version":[{"id":2951,"href":"https:\/\/www.wedobd.com\/index.php?rest_route=\/wp\/v2\/posts\/372\/revisions\/2951"}],"wp:attachment":[{"href":"https:\/\/www.wedobd.com\/index.php?rest_route=%2Fwp%2Fv2%2Fmedia&parent=372"}],"wp:term":[{"taxonomy":"category","embeddable":true,"href":"https:\/\/www.wedobd.com\/index.php?rest_route=%2Fwp%2Fv2%2Fcategories&post=372"},{"taxonomy":"post_tag","embeddable":true,"href":"https:\/\/www.wedobd.com\/index.php?rest_route=%2Fwp%2Fv2%2Ftags&post=372"}],"curies":[{"name":"wp","href":"https:\/\/api.w.org\/{rel}","templated":true}]}}