{"id":374,"date":"2011-09-18T13:00:00","date_gmt":"2011-09-18T11:00:00","guid":{"rendered":"https:\/\/www.wedobd.com\/?p=374"},"modified":"2025-09-29T14:32:32","modified_gmt":"2025-09-29T12:32:32","slug":"glen-chapron","status":"publish","type":"post","link":"https:\/\/www.wedobd.com\/?p=374","title":{"rendered":"Invit\u00e9 #82 : Glen Chapron"},"content":{"rendered":"<p><strong>Chaque parrain et marraine du festiblog est accompagn\u00e9 d&#39;une garde rapproch\u00e9e. Dans celle de notre parrain cette ann\u00e9e, on pourra d\u00e9couvrir <a href=\"http:\/\/commelesgrands.over-blog.com\/\" target=\"_blank\" title=\"Comme les grands...\">Glen Chapron<\/a>.<\/strong><\/p>\n<p>&#0160;<\/p>\n<p><strong>Qui es-tu ?<\/strong><\/p>\n<p>Glen Chapron, je suis illustrateur et auteur de bande dessin\u00e9e.<\/p>\n<p>&#0160;<\/p>\n<p><strong>Comment as-tu commenc\u00e9 \u00e0 dessiner ?<\/strong><\/p>\n<p>C&#39;\u00e9tait il y a&#8230; pff pas mal de temps d\u00e9j\u00e0&#8230; longtemps je dirais&#8230; au moins&#8230; oui oui oui&#8230; 1985, 86 peut-\u00eatre ? mmh j&#39;sais pas&#8230; faudrait que je demande \u00e0 ma m\u00e8re&#8230; Nan mais si \u00e7a se trouve c&#39;est plus t\u00f4t. Bon \u00e7a d\u00e9pend ce que t&#39;appelles dessiner, parce que bon&#8230; dessiner, \u00e0 quel moment la petite gribouille au stylo feutre que t&#39;as fait sur un vieux bout de papier devient une magnifique maison avec une chemin\u00e9e et un arbre sur le c\u00f4t\u00e9 ? Tu vois ? Non ?<\/p>\n<p>&#0160;<\/p>\n<p><strong>As-tu suivi une formation ?<\/strong><\/p>\n<p>Oui, m\u00eame plusieurs ! J&#39;ai fait un lyc\u00e9e Arts Appliqu\u00e9s \u00e0 Brest, un DMA Gravures \u00e0 Paris et j&#39;ai pass\u00e9 un dipl\u00f4me d&#39;Illustration \u00e0 Strasbourg, aux Arts D\u00e9coratifs. Je garde un tr\u00e8s bon souvenirs de ces ann\u00e9es alsaciennes.<\/p>\n<p>&#0160;<\/p>\n<p><strong>Peux-tu pr\u00e9senter ton blog ou ton webcomics ?<\/strong><\/p>\n<p>Tu veux pas plut\u00f4t aller le voir? \u00e7a sera plus simple, pi \u00e7a me fera un peu de visites comme \u00e7a&#8230; hin ?<\/p>\n<p>&#0160;<\/p>\n<p><strong>Pourquoi as-tu commenc\u00e9 \u00e0 bloguer ou \u00e0 publier tes BD en ligne ?<\/strong><\/p>\n<p>Parce que Matthias Picard, oui oui l&#39;auteur de la BD &quot;Jeanine&quot; l\u00e0, tu sais, et bien il m&#39;a fait tomber un boule de p\u00e9tanque sur le pied (nu)!!! Siii c&#39;est vrai&#8230; et je voulais que le monde entier, oui LE MONDE ENTIER soit au courant et sache \u00e0 quel point Matthias Picard est un affreux jongleur !<\/p>\n<p style=\"text-align: center;\"><a href=\"http:\/\/yannicklejeune.blogs.com\/.a\/6a00d8341c501b53ef015435729310970c-popup\" onclick=\"window.open( this.href, &#39;_blank&#39;, &#39;width=640,height=480,scrollbars=no,resizable=no,toolbar=no,directories=no,location=no,menubar=no,status=no,left=0,top=0&#39; ); return false\" style=\"display: inline;\"><img decoding=\"async\" alt=\"Festi1\" class=\"asset  asset-image at-xid-6a00d8341c501b53ef015435729310970c\" src=\"https:\/\/www.wedobd.com\/wp-content\/uploads\/2011\/09\/6a00d8341c501b53ef015435729310970c-500wi.gif\" style=\"width: 480px;\" title=\"Festi1\" \/><\/a> <\/p>\n<p><strong>Quel public voulais-tu rencontrer ?<\/strong><\/p>\n<p>O\u00f9 \u00e7a ? Quel public ? O\u00f9 ?<\/p>\n<p>&#0160;<\/p>\n<p><strong>Et finalement qui sont tes lecteurs ?<\/strong><\/p>\n<p>Ma M\u00e8re, mon p\u00e8re, mes grands-parents, Julia, ses parents, sa soeur, mon fr\u00e8re et ma soeur aussi, les copains de Nantes&#8230; les copains de Strasbourg, de Paris&#8230; B\u00e9ren et Yann \u00e0 Besan\u00e7on&#8230; V\u00e9ro et Sylvain \u00e0 Londres&#8230; on est pas loin du compte j&#39;pense&#8230; Ah et Guillaume Long bien s\u00fbr !<\/p>\n<p>&#0160;<\/p>\n<p><strong>Combien de temps passes-tu en moyenne sur tes notes ?<\/strong><\/p>\n<p>Beh&#8230; le temps de mettre mon image en 700 pixels de large, de la charger sur le blog&#8230; mmh 5 min. Mais apr\u00e8s des fois \u00e7a prend plus de temps quand je mets de la musique parce que le lecteur il se met pas tout le temps au milieu tu vois, et \u00e7a \u00e7a m&#39;\u00e9nerve&#8230;<\/p>\n<p>&#0160;<\/p>\n<p><strong>Est-ce que ce sont des dessins sp\u00e9cialement faits pour le blog ?<\/strong><\/p>\n<p>Non. C&#39;est essentiellement des extraits de boulots sur lesquels je bosse&#8230;<\/p>\n<p>&#0160;<\/p>\n<p><strong>Avec quoi dessines-tu (crayons, pinceau, palette&#8230;) ?<\/strong><\/p>\n<p>Crayon, pinceau, plume, tablette graphique&#8230; gomme&#8230; blanco&#8230; ?<\/p>\n<p>&#0160;<\/p>\n<p><strong>Quelles sont tes influences graphiques ?<\/strong><\/p>\n<p>Pffff&#8230; beh&#8230; euh&#8230; Le meilleur dessinateur de BD du monde (n&#39;ayons pas peur des mots les amis) je dirais que c&#39;est Manuele Fior (no offense Guillaume) mais bon je suis surtout influenc\u00e9 par mes amis, le mauvais jongleur l\u00e0 ou Benjamin Adam ou encore Vincent Souel ou la charmante Julia W.<\/p>\n<p>&#0160;<\/p>\n<p><strong>Combien de temps passes-tu sur les blogs des autres (par jour ? par mois ?) ?<\/strong><\/p>\n<p>B\u00e9h&#8230; j&#39;en regarde plus trop trop en fait&#8230;<\/p>\n<p>&#0160;<\/p>\n<p><strong>Quels sont ceux dont tu es fan ?<\/strong><\/p>\n<p><a href=\"Mathamore.over-blog.com\" target=\"_blank\" title=\"Mathamore\">Mathamore<\/a> of course ! C&#39;est le super blog de mon pote Mathieu ! Pi vu que je l&#39;ai pas cit\u00e9 plus haut il va me faire la gueule sinon&#8230;<\/p>\n<p>&#0160;<\/p>\n<p><strong>As-tu fait des rencontres gr\u00e2ce aux blogs ?<\/strong><\/p>\n<p>Guillaume Long<\/p>\n<p>&#0160;<\/p>\n<p><strong>Es-tu sensible aux commentaires ?<\/strong><\/p>\n<p>Quand ils viennent de Guillaume Long surtout.<\/p>\n<p>&#0160;<\/p>\n<p><strong>De mani\u00e8re g\u00e9n\u00e9rale, que penses-tu que la BD num\u00e9rique (\u00e0 lire sur le web, sur iPhone, sur PSP&#8230;) ?<\/strong><\/p>\n<p>\u00c7a pique les yeux.<\/p>\n<p>&#0160;<\/p>\n<p><strong>O\u00f9 peut-on voir ton travail en dehors de ton site ?<\/strong><\/p>\n<p>En librairie des fois, ou alors dans le fanzine \u00c9carquillettes, que vous pouvez commander sur le site, pi j&#39;ai fait une petite bd au Collectif Troglodyte, Once Upon a ride, que vous pouvez commander aussi, j&#39;ai encore plein de cartons remplis, donc allez-y faites vous plaisir hin&#8230;<\/p>\n<p>&#0160;<\/p>\n<p><strong>As-tu des albums  ? Peux-tu nous les pr\u00e9senter ?<\/strong><\/p>\n<p>Oui sinon j&#39;ai publi\u00e9 avec Julia Wauters au sc\u00e9nario, &quot;Vents dominants&quot; chez Sarbacane. C&#39;est un r\u00e9cit qui parle de la famille, de ces relations qui peuvent \u00eatre difficiles, entre fr\u00e8res, entre p\u00e8re et fils. Des sujets qui sont toujours, ou en tant cas souvent pr\u00e9sents au sein d&#39;une famille, o\u00f9 se m\u00e9lange jalousie et non-dit&#8230; Mais c&#39;est aussi une histoire tr\u00e8s tendre, que j&#39;aime toujours et sur laquelle j&#39;ai pris beaucoup de plaisir \u00e0 dessiner.<\/p>\n<p style=\"text-align: center;\"><a href=\"http:\/\/yannicklejeune.blogs.com\/.a\/6a00d8341c501b53ef0153919f7578970b-popup\" onclick=\"window.open( this.href, &#39;_blank&#39;, &#39;width=640,height=480,scrollbars=no,resizable=no,toolbar=no,directories=no,location=no,menubar=no,status=no,left=0,top=0&#39; ); return false\" style=\"display: inline;\"><img decoding=\"async\" alt=\"Festi2\" class=\"asset  asset-image at-xid-6a00d8341c501b53ef0153919f7578970b\" src=\"https:\/\/www.wedobd.com\/wp-content\/uploads\/2011\/09\/6a00d8341c501b53ef0153919f7578970b-500wi.jpg\" style=\"width: 480px;\" title=\"Festi2\" \/><\/a> <\/p>\n<p><strong>Qu&#39;attends-tu de ta venue au Festiblog ? Un mot pour ceux qui vont venir te voir ?<\/strong><\/p>\n<p>Que Guillaume Long nous cuisine un truc de dingue. Pi si tu n&#39;as pas le temps pour tout le monde Guillaume, juste un petit truc pour moi&#8230; &quot;Bonjour&quot;<\/p>\n<p>&#0160;<\/p>\n<p><strong>Cette ann\u00e9e, Guillaume Long, est parrain du Festiblog avec son blog culinaire. Peux-tu nous parler de ton plat pr\u00e9f\u00e9r\u00e9 et nous donner une bonne adresse o\u00f9 aller manger dans ton coin ?<\/strong><\/p>\n<p>Je pourrais vous parler des crevettes roses, fraichement p\u00each\u00e9es et accompagn\u00e9es d&#39;une petite mayonnaise maison&#8230; je sais que Guillaume r\u00eave de venir \u00e0 la p\u00eache avec mes coll\u00e8gues et moi&#8230; les places sont ch\u00e8res mon ami&#8230; faut la m\u00e9riter tu sais&#8230; Pour vous faire saliver voici une photo de notre derni\u00e8re p\u00eache, 900 grammes ! V\u00c9-RI-DIQUE ! alors ? alors ? Bluff\u00e9 hein ?<\/p>\n<p style=\"text-align: center;\"><a href=\"http:\/\/yannicklejeune.blogs.com\/.a\/6a00d8341c501b53ef014e8b933076970d-popup\" onclick=\"window.open( this.href, &#39;_blank&#39;, &#39;width=640,height=480,scrollbars=no,resizable=no,toolbar=no,directories=no,location=no,menubar=no,status=no,left=0,top=0&#39; ); return false\" style=\"display: inline;\"><img decoding=\"async\" alt=\"Festi3\" class=\"asset  asset-image at-xid-6a00d8341c501b53ef014e8b933076970d\" src=\"https:\/\/www.wedobd.com\/wp-content\/uploads\/2011\/09\/6a00d8341c501b53ef014e8b933076970d-500wi.jpg\" style=\"width: 480px;\" title=\"Festi3\" \/><\/a> <\/p>\n<p><strong>Un dernier mot ?<\/strong><\/p>\n<p>Crevette<\/p>\n<p>&#0160;<\/p>\n","protected":false},"excerpt":{"rendered":"<p>Chaque parrain et marraine du festiblog est accompagn\u00e9 d&#8217;une garde rapproch\u00e9e. Dans celle de notre parrain cette ann\u00e9e, on pourra d\u00e9couvrir Glen Chapron.<\/p>\n","protected":false},"author":6,"featured_media":0,"comment_status":"open","ping_status":"open","sticky":false,"template":"","format":"standard","meta":{"footnotes":""},"categories":[26],"tags":[358],"class_list":["post-374","post","type-post","status-publish","format-standard","hentry","category-02-le-festival-de-2005-a-2013","tag-glen-chapron"],"_links":{"self":[{"href":"https:\/\/www.wedobd.com\/index.php?rest_route=\/wp\/v2\/posts\/374","targetHints":{"allow":["GET"]}}],"collection":[{"href":"https:\/\/www.wedobd.com\/index.php?rest_route=\/wp\/v2\/posts"}],"about":[{"href":"https:\/\/www.wedobd.com\/index.php?rest_route=\/wp\/v2\/types\/post"}],"author":[{"embeddable":true,"href":"https:\/\/www.wedobd.com\/index.php?rest_route=\/wp\/v2\/users\/6"}],"replies":[{"embeddable":true,"href":"https:\/\/www.wedobd.com\/index.php?rest_route=%2Fwp%2Fv2%2Fcomments&post=374"}],"version-history":[{"count":1,"href":"https:\/\/www.wedobd.com\/index.php?rest_route=\/wp\/v2\/posts\/374\/revisions"}],"predecessor-version":[{"id":2960,"href":"https:\/\/www.wedobd.com\/index.php?rest_route=\/wp\/v2\/posts\/374\/revisions\/2960"}],"wp:attachment":[{"href":"https:\/\/www.wedobd.com\/index.php?rest_route=%2Fwp%2Fv2%2Fmedia&parent=374"}],"wp:term":[{"taxonomy":"category","embeddable":true,"href":"https:\/\/www.wedobd.com\/index.php?rest_route=%2Fwp%2Fv2%2Fcategories&post=374"},{"taxonomy":"post_tag","embeddable":true,"href":"https:\/\/www.wedobd.com\/index.php?rest_route=%2Fwp%2Fv2%2Ftags&post=374"}],"curies":[{"name":"wp","href":"https:\/\/api.w.org\/{rel}","templated":true}]}}