{"id":380,"date":"2011-09-16T17:52:29","date_gmt":"2011-09-16T15:52:29","guid":{"rendered":"https:\/\/www.wedobd.com\/?p=380"},"modified":"2025-09-29T14:34:36","modified_gmt":"2025-09-29T12:34:36","slug":"samaritain","status":"publish","type":"post","link":"https:\/\/www.wedobd.com\/?p=380","title":{"rendered":"Invit\u00e9 #77 : Samaritain"},"content":{"rendered":"<p><strong>A l&#39;origine il ne dessinait que des locomotives \u00e0 vapeur, depuis il a un peu \u00e9largi&#0160;ses centres d&#39;int\u00e9r\u00eat. Nous accueillons pour la premi\u00e8re fois <a href=\"http:\/\/le-samaritain.blogspot.com\/\" target=\"_blank\">Samaritain<\/a>.&#0160;<\/strong><strong><img decoding=\"async\" alt=\"Festi-Samaritain\" class=\"asset  asset-image at-xid-6a00d8341c501b53ef01539189cc74970b\" src=\"https:\/\/www.wedobd.com\/wp-content\/uploads\/2011\/09\/6a00d8341c501b53ef01539189cc74970b-500wi.jpg\" style=\"display: block; margin-left: auto; margin-right: auto;\" title=\"Festi-Samaritain\" \/><\/strong><strong>Qui es-tu ?<\/strong><\/p>\n<p>Je suis un pur amateur. Je travaille \u00e0 temps plein comme designer dans une petite agence parisienne qui verse dans le pr\u00e9sentoir publicitaire. Dans la mesure du temps qu&#39;il me reste, j&#39;essaye de dessiner un peu pour mettre sur papier les envies qui me traversent l&#39;esprit durant la journ\u00e9e.<\/p>\n<p>&#0160;<\/p>\n<p><strong>Comment as-tu commenc\u00e9 \u00e0 dessiner ?<\/strong><\/p>\n<p>Je ne m&#39;en souviens plus, depuis que je suis en \u00e2ge de tenir mon crayon, je ne dessinais que des locomotives \u00e0 vapeur, depuis les sujets de pr\u00e9dilection ont chang\u00e9 et je n&#39;ai jamais arr\u00eat\u00e9 m\u00eame si l&#39;assiduit\u00e9 n&#39;y est plus autant.<\/p>\n<p>&#0160;<\/p>\n<p><strong>As-tu suivi une formation ?<\/strong><\/p>\n<p>Oui, j&#39;ai suivi une formation dans une grande \u00e9cole d&#39;arts appliqu\u00e9s publique, mais \u00e7a n&#39;avait rien \u00e0 voir avec la BD ou m\u00eame l&#39;illustration, c&#39;\u00e9tait tr\u00e8s technique et j&#39;\u00e9tais un peu seul dans mon int\u00e9r\u00eat pour le dessin illustratif et\/ou narratif.<\/p>\n<p>&#0160;<\/p>\n<p><strong>Peux-tu pr\u00e9senter ton blog ou ton webcomics ?<\/strong><\/p>\n<p><a href=\"http:\/\/le-samaritain.blogspot.com\/\" target=\"_blank\">Mon blog<\/a> n&#39;a pas d&#39;autre ambition que d&#39;\u00eatre une esp\u00e8ce de carnet de croquis en ligne ouvert aux gens curieux. Je m&#39;y risque tr\u00e8s rarement \u00e0 y raconter des choses sous forme de BD, c&#39;est un tort, je sais U___U<\/p>\n<p><a href=\"http:\/\/yannicklejeune.blogs.com\/.a\/6a00d8341c501b53ef01539189d787970b-popup\" onclick=\"window.open( this.href, &#39;_blank&#39;, &#39;width=640,height=480,scrollbars=no,resizable=no,toolbar=no,directories=no,location=no,menubar=no,status=no,left=0,top=0&#39; ); return false\" style=\"display: inline;\"><img decoding=\"async\" alt=\"Samaritain-03\" class=\"asset  asset-image at-xid-6a00d8341c501b53ef01539189d787970b\" src=\"https:\/\/www.wedobd.com\/wp-content\/uploads\/2011\/09\/6a00d8341c501b53ef01539189d787970b-320wi.jpg\" style=\"display: block; margin-left: auto; margin-right: auto;\" title=\"Samaritain-03\" \/><\/a>&#0160;<br \/><strong>Pourquoi as-tu commenc\u00e9 \u00e0 bloguer ou \u00e0 publier tes BD en ligne ?<\/strong><\/p>\n<p>Je ne sais pas pourquoi, mais j&#39;aime toujours montrer mes dessins aux autres; comme mes parents s&#39;en foutent \u00e9perdument, j&#39;ai jet\u00e9 mon d\u00e9volu sur vous, internautes amateurs de dessin.<\/p>\n<p>&#0160;<\/p>\n<p><strong>Quel public voulais-tu rencontrer ?<\/strong><\/p>\n<p>Je ne me suis pas franchement pos\u00e9 la question. Je suis toujours touch\u00e9 par les gens qui s&#39;attardent sur ma petite production.<\/p>\n<p>&#0160;<\/p>\n<p><strong>Et finalement qui sont tes lecteurs ?<\/strong><\/p>\n<p>Pour le peu qu&#39;il y a \u00e0 lire sur mon blog, je ne sais pas mais je crois que \u00e7a reste un petit cercle de &quot;dessineux&quot;.<\/p>\n<p>&#0160;<\/p>\n<p><strong>Combien de temps passes-tu en moyenne sur tes notes ?<\/strong><\/p>\n<p>Je me donne la libert\u00e9 d&#39;y mettre des dessins qui tombent en cinq minutes comme des choses plus pouss\u00e9es avec des couleurs \u00e0 l&#39;ordi qui peuvent me prendre parfois deux ou trois heures, mais c&#39;est moins fr\u00e9quent.<\/p>\n<p>&#0160;<\/p>\n<p><strong>Est-ce que ce sont des dessins sp\u00e9cialement faits pour le blog ?<\/strong><\/p>\n<p>Non, ils sont fait pour moi, ensuite j&#39;en dispose pour les publier ou pas en les adaptant aux contraintes de l&#39;affichage sur un \u00e9cran d&#39;ordinateur.<\/p>\n<p>&#0160;<\/p>\n<p><strong>Avec quoi dessines-tu (crayons, pinceau, palette&#8230;) ?<\/strong><\/p>\n<p>J&#39;adore essayer tous les outils, mais au final mes pr\u00e9f\u00e9r\u00e9s sont le crayon tout simple, parfois le &quot;stylo-pinceau&quot;, et puis la tablette graphique avec laquelle je fais moins souvent du dessin direct que de la mise en lumi\u00e8re\/couleur de dessin scann\u00e9s.<\/p>\n<p><a href=\"http:\/\/yannicklejeune.blogs.com\/.a\/6a00d8341c501b53ef01539189d857970b-popup\" onclick=\"window.open( this.href, &#39;_blank&#39;, &#39;width=640,height=480,scrollbars=no,resizable=no,toolbar=no,directories=no,location=no,menubar=no,status=no,left=0,top=0&#39; ); return false\" style=\"display: inline;\"><img decoding=\"async\" alt=\"Samaritain-02\" class=\"asset  asset-image at-xid-6a00d8341c501b53ef01539189d857970b\" src=\"https:\/\/www.wedobd.com\/wp-content\/uploads\/2011\/09\/6a00d8341c501b53ef01539189d857970b-320wi.jpg\" style=\"display: block; margin-left: auto; margin-right: auto;\" title=\"Samaritain-02\" \/><\/a>&#0160;<br \/><strong>Quelles sont tes influences graphiques ?<\/strong><\/p>\n<p>Mon \u00e9ducation \u00e0 la BD s&#39;est faite par les grands classiques franco-belges, puis les vieux M\u00e9tal-Hurlant et Charlie Mensuel que j&#39;achetais d&#39;occase. Maintenant je suis plus touch\u00e9 par une certaine &quot;nouvelle vague&quot; de dessinateurs tels que Frederic Peeters, Craig Thompson, Blutch &#8230; ainsi que des dessinateurs issus de l&#39;animation anglo-saxonne tels que Bruce Timm, Ronnie del Carmen &#8230; Si je ne cite pas d&#39;auteurs asiatiques, c&#39;est que je suis, malgr\u00e9 moi, pass\u00e9 \u00e0 c\u00f4t\u00e9 jusqu&#39;\u00e0 il y a quelques ann\u00e9es seulement.<\/p>\n<p>&#0160;<\/p>\n<p><strong>Combien de temps passes-tu sur les blogs des autres (par jour ? par mois ?) ?<\/strong><\/p>\n<p>Je ne sais pas trop, quelques heures par mois, je n&#39;y vais pas tous les jours, faute de temps.<\/p>\n<p>&#0160;<\/p>\n<p><strong>Quels sont ceux dont tu es fan ?<\/strong><\/p>\n<p>Fan, je ne sais pas mais pour \u00eatre original, c&#39;est celui de <a href=\"http:\/\/www.bouletcorp.com\/blog\/\" target=\"_blank\">Boulet<\/a> qui m&#39;a le plus impressionn\u00e9; c&#39;est un peu le Victor Hugo du blog BD sans &quot;Les mis\u00e9rables&quot; ^^<\/p>\n<p>&#0160;<\/p>\n<p><strong>As-tu fait des rencontres gr\u00e2ce aux blogs ?<\/strong><\/p>\n<p>Gr\u00e2ce au mien j&#39;ai retrouv\u00e9 mon meilleur pote du lyc\u00e9e que j&#39;avais perdu de vue depuis huit ans. Sinon, j&#39;en ai surtout fait par l&#39;interm\u00e9diaire des forums de dessineux.<\/p>\n<p>&#0160;<\/p>\n<p><strong>Es-tu sensible aux commentaires ?<\/strong><\/p>\n<p>Oui, mais je suis moins \u00e9motif qu&#39;au d\u00e9but ^^<\/p>\n<p>&#0160;<\/p>\n<p><strong>De mani\u00e8re g\u00e9n\u00e9rale, que penses-tu que la BD num\u00e9rique (\u00e0 lire sur le web, sur iPhone, sur PSP&#8230;) ?<\/strong><\/p>\n<p>De la m\u00eame mani\u00e8re que tout outil est int\u00e9ressant \u00e0 exploiter en dessin, je crois que tout support est int\u00e9ressant \u00e0 exploiter pour le diffuser; mais je n&#39;ai pas encore fais d&#39;exp\u00e9rience de lecteur aussi puissante qu&#39;avec un album entre les mains.<\/p>\n<p><a href=\"http:\/\/yannicklejeune.blogs.com\/.a\/6a00d8341c501b53ef0154355cf55f970c-popup\" onclick=\"window.open( this.href, &#39;_blank&#39;, &#39;width=640,height=480,scrollbars=no,resizable=no,toolbar=no,directories=no,location=no,menubar=no,status=no,left=0,top=0&#39; ); return false\" style=\"display: inline;\"><img decoding=\"async\" alt=\"Samaritain-01\" class=\"asset  asset-image at-xid-6a00d8341c501b53ef0154355cf55f970c\" src=\"https:\/\/www.wedobd.com\/wp-content\/uploads\/2011\/09\/6a00d8341c501b53ef0154355cf55f970c-500wi.jpg\" style=\"display: block; margin-left: auto; margin-right: auto;\" title=\"Samaritain-01\" \/><\/a>&#0160;<br \/><strong>O\u00f9 peut-on voir ton travail en dehors de ton site ?<\/strong><\/p>\n<p>Il faut vraiment \u00eatre super-attentif ^^ mais de temps en temps j&#39;ai un dessin ou deux dans des ouvrages collectifs ou dans une expo par-ci par-l\u00e0.<\/p>\n<p>&#0160;<\/p>\n<p><strong>As-tu des albums ? Peux-tu nous les pr\u00e9senter ?<\/strong><\/p>\n<p>Non, je n&#39;en ai pas.<\/p>\n<p>&#0160;<\/p>\n<p><strong>Qu&#39;attends-tu de ta venue au Festiblog ? Un mot pour ceux qui vont venir te voir ?<\/strong><\/p>\n<p>J&#39;en attends de la bonne humeur, des rencontres, de l&#39;\u00e9mulation, des retrouvailles, des sourires, des jolies filles ^^ &#8230;<\/p>\n<p>&#0160;<\/p>\n<p><strong>Cette ann\u00e9e, Guillaume Long, est parrain du Festiblog avec son blog culinaire. Peux-tu nous parler de ton plat pr\u00e9f\u00e9r\u00e9 et nous donner une bonne adresse o\u00f9 aller manger dans ton coin ?<\/strong><\/p>\n<p>Mon plat pr\u00e9f\u00e9r\u00e9, euh &#8230; difficile de choisir ! J&#39;adore red\u00e9couvrir les plats populaires de mon enfance comme par exemple un &quot;pot au feu&quot;; pr\u00e9par\u00e9 par un bon cuisinier \u00e7a peut devenir grandiose. Je ne saurais que trop vous recommander &quot;Les Petits Oignons&quot; dans le 20\u00e9me arrondissement de Paris.<\/p>\n<p>&#0160;<\/p>\n<p><strong>Un dernier mot ?<\/strong><\/p>\n<p>Merci pour l&#39;invitation \ud83d\ude42<\/p>\n<p>&#0160;<\/p>\n","protected":false},"excerpt":{"rendered":"<p>A l&#8217;origine il ne dessinait que des locomotives \u00e0 vapeur, depuis il a un peu \u00e9largi ses centres d&#8217;int\u00e9r\u00eats. Nous accueillons pour la premi\u00e8re fois Samaritain.<\/p>\n","protected":false},"author":2,"featured_media":0,"comment_status":"open","ping_status":"open","sticky":false,"template":"","format":"standard","meta":{"footnotes":""},"categories":[26,47],"tags":[362],"class_list":["post-380","post","type-post","status-publish","format-standard","hentry","category-02-le-festival-de-2005-a-2013","category-03-interviews-de-blogueurs-bd","tag-samaritain"],"_links":{"self":[{"href":"https:\/\/www.wedobd.com\/index.php?rest_route=\/wp\/v2\/posts\/380","targetHints":{"allow":["GET"]}}],"collection":[{"href":"https:\/\/www.wedobd.com\/index.php?rest_route=\/wp\/v2\/posts"}],"about":[{"href":"https:\/\/www.wedobd.com\/index.php?rest_route=\/wp\/v2\/types\/post"}],"author":[{"embeddable":true,"href":"https:\/\/www.wedobd.com\/index.php?rest_route=\/wp\/v2\/users\/2"}],"replies":[{"embeddable":true,"href":"https:\/\/www.wedobd.com\/index.php?rest_route=%2Fwp%2Fv2%2Fcomments&post=380"}],"version-history":[{"count":1,"href":"https:\/\/www.wedobd.com\/index.php?rest_route=\/wp\/v2\/posts\/380\/revisions"}],"predecessor-version":[{"id":2983,"href":"https:\/\/www.wedobd.com\/index.php?rest_route=\/wp\/v2\/posts\/380\/revisions\/2983"}],"wp:attachment":[{"href":"https:\/\/www.wedobd.com\/index.php?rest_route=%2Fwp%2Fv2%2Fmedia&parent=380"}],"wp:term":[{"taxonomy":"category","embeddable":true,"href":"https:\/\/www.wedobd.com\/index.php?rest_route=%2Fwp%2Fv2%2Fcategories&post=380"},{"taxonomy":"post_tag","embeddable":true,"href":"https:\/\/www.wedobd.com\/index.php?rest_route=%2Fwp%2Fv2%2Ftags&post=380"}],"curies":[{"name":"wp","href":"https:\/\/api.w.org\/{rel}","templated":true}]}}