{"id":383,"date":"2011-09-15T20:00:00","date_gmt":"2011-09-15T18:00:00","guid":{"rendered":"https:\/\/www.wedobd.com\/?p=383"},"modified":"2025-09-29T14:34:44","modified_gmt":"2025-09-29T12:34:44","slug":"affiche-du-festiblog-2011","status":"publish","type":"post","link":"https:\/\/www.wedobd.com\/?p=383","title":{"rendered":"L&#8217;affiche du Festiblog 2011 !"},"content":{"rendered":"<p><strong>Vous l&#39;attendiez tous avec impatience, nous d\u00e9voilons enfin l&#39;affiche de cette \u00e9dition 2011 plac\u00e9e sous le th\u00e8me de la Gastronomie !&#0160;<\/strong><\/p>\n<p>&#0160;<\/p>\n<p style=\"text-align: center;\"><a href=\"http:\/\/yannicklejeune.blogs.com\/.a\/6a00d8341c501b53ef014e8b940ce8970d-popup\" onclick=\"window.open( this.href, &#39;_blank&#39;, &#39;width=640,height=480,scrollbars=no,resizable=no,toolbar=no,directories=no,location=no,menubar=no,status=no,left=0,top=0&#39; ); return false\" style=\"display: inline;\"><img decoding=\"async\" alt=\"Affiche-festiblog-2011-500px\" class=\"asset  asset-image at-xid-6a00d8341c501b53ef014e8b940ce8970d\" src=\"https:\/\/www.wedobd.com\/wp-content\/uploads\/2011\/09\/6a00d8341c501b53ef014e8b940ce8970d-500wi.jpg\" style=\"width: 500px;\" title=\"Affiche-festiblog-2011-500px\" \/><\/a> <\/p>\n<p>&#0160;<\/p>\n<p>L&#39;affiche a \u00e9t\u00e9 r\u00e9alis\u00e9e avec amour par le parrain et la marraine de cette ann\u00e9e : <a href=\"http:\/\/www.lucilegomez.fr\/\" target=\"_blank\">Lucile Gomez<\/a> et <a href=\"http:\/\/long.blog.lemonde.fr\/\" target=\"_blank\">Guillaume Long<\/a>.&#0160;En esp\u00e9rant qu&#39;elle vous mettra en appetit pour le festival qui arrive \u00e0 grand pas !<\/p>\n<p>&#0160;<\/p>\n<p><span style=\"color: #888888;\"><em>PS: Beaucoup d&#39;entre vous r\u00e9clament le programme, nous vous demandons encore un tout petit peu de patience, il devrait arriver ce weekend et vous r\u00e9serve quelques belles suprises \ud83d\ude42<\/em><\/span><\/p>\n","protected":false},"excerpt":{"rendered":"<p>Vous l&#8217;attendiez tous avec impatience, nous d\u00e9voilons enfin l&#8217;affiche de cette \u00e9dition 2011 plac\u00e9e sous le th\u00e8me de la Gastronomie !<\/p>\n","protected":false},"author":3,"featured_media":0,"comment_status":"open","ping_status":"open","sticky":false,"template":"","format":"standard","meta":{"footnotes":""},"categories":[26],"tags":[365,255,254,174,324],"class_list":["post-383","post","type-post","status-publish","format-standard","hentry","category-02-le-festival-de-2005-a-2013","tag-365","tag-affiche","tag-festiblog","tag-guillaume-long","tag-lucile-gomez"],"_links":{"self":[{"href":"https:\/\/www.wedobd.com\/index.php?rest_route=\/wp\/v2\/posts\/383","targetHints":{"allow":["GET"]}}],"collection":[{"href":"https:\/\/www.wedobd.com\/index.php?rest_route=\/wp\/v2\/posts"}],"about":[{"href":"https:\/\/www.wedobd.com\/index.php?rest_route=\/wp\/v2\/types\/post"}],"author":[{"embeddable":true,"href":"https:\/\/www.wedobd.com\/index.php?rest_route=\/wp\/v2\/users\/3"}],"replies":[{"embeddable":true,"href":"https:\/\/www.wedobd.com\/index.php?rest_route=%2Fwp%2Fv2%2Fcomments&post=383"}],"version-history":[{"count":1,"href":"https:\/\/www.wedobd.com\/index.php?rest_route=\/wp\/v2\/posts\/383\/revisions"}],"predecessor-version":[{"id":2993,"href":"https:\/\/www.wedobd.com\/index.php?rest_route=\/wp\/v2\/posts\/383\/revisions\/2993"}],"wp:attachment":[{"href":"https:\/\/www.wedobd.com\/index.php?rest_route=%2Fwp%2Fv2%2Fmedia&parent=383"}],"wp:term":[{"taxonomy":"category","embeddable":true,"href":"https:\/\/www.wedobd.com\/index.php?rest_route=%2Fwp%2Fv2%2Fcategories&post=383"},{"taxonomy":"post_tag","embeddable":true,"href":"https:\/\/www.wedobd.com\/index.php?rest_route=%2Fwp%2Fv2%2Ftags&post=383"}],"curies":[{"name":"wp","href":"https:\/\/api.w.org\/{rel}","templated":true}]}}