{"id":386,"date":"2011-09-15T01:00:00","date_gmt":"2011-09-14T23:00:00","guid":{"rendered":"https:\/\/www.wedobd.com\/?p=386"},"modified":"2025-09-29T14:34:54","modified_gmt":"2025-09-29T12:34:54","slug":"manu-xyz-2","status":"publish","type":"post","link":"https:\/\/www.wedobd.com\/?p=386","title":{"rendered":"Invit\u00e9 #72 : Manu-xyz"},"content":{"rendered":"<p><strong>M\u00eame s&#39;il n&#39;a pas \u00e9t\u00e9 hyperactif sur son blog cette ann\u00e9e, <a href=\"http:\/\/manu-xyz.blogspot.com\/\" target=\"_blank\" title=\"Le blog bd de manu-xyz\">Manu-xyz<\/a> sera l\u00e0 pour accueillir tous ses fans, y compris ceux de <a href=\"http:\/\/opignon.blogspot.com\/\" target=\"_blank\" title=\"Opignon\">ses opignons<\/a>, pr\u00eats \u00e0 tout pour toucher leur idole.<\/strong><\/p>\n<p style=\"text-align: center;\"><a href=\"http:\/\/yannicklejeune.blogs.com\/.a\/6a00d8341c501b53ef014e8b59a0cb970d-popup\" onclick=\"window.open( this.href, &#39;_blank&#39;, &#39;width=640,height=480,scrollbars=no,resizable=no,toolbar=no,directories=no,location=no,menubar=no,status=no,left=0,top=0&#39; ); return false\" style=\"display: inline;\"><img decoding=\"async\" alt=\"FESTIBLOG-2011-001\" class=\"asset  asset-image at-xid-6a00d8341c501b53ef014e8b59a0cb970d\" src=\"https:\/\/www.wedobd.com\/wp-content\/uploads\/2011\/09\/6a00d8341c501b53ef014e8b59a0cb970d-500wi.jpg\" style=\"width: 480px;\" title=\"FESTIBLOG-2011-001\" \/><\/a><\/p>\n<p><strong>Quoi de neuf dans ta carri\u00e8re et tes projets depuis ta derni\u00e8re participation ?<\/strong><\/p>\n<p>Rien du tout. Ha si, la parution en album de la s\u00e9rie &quot;les autres gens&quot; et intervenant dans un centre de formation en alternance pour des BTS Com et des BTS Com Visuelle.<\/p>\n<p>&#0160;<\/p>\n<p><strong>Cette ann\u00e9e, Guillaume Long, est parrain du Festiblog avec son blog culinaire. Peux-tu nous parler de ton plat pr\u00e9f\u00e9r\u00e9 et nous donner une bonne adresse o\u00f9 aller manger dans ton coin ?<\/strong><\/p>\n<p>Je n&#39;en ai pas un, j&#39;en ai plusieurs des plats pr\u00e9f\u00e9r\u00e9s. Quoique, pour \u00eatre synth\u00e9tique, je dirai que je pr\u00e9f\u00e8re un plat de nouilles trop cuites fait avec g\u00e9n\u00e9rosit\u00e9 par un h\u00f4te \u00e0 un plat pr\u00e9tentieux o\u00f9 le cuisinier a voulu faire une d\u00e9monstration technique. La cuisine, c&#39;est avant tout recevoir, avec g\u00e9n\u00e9rosit\u00e9 pour ne pas dire amour. Dans mon coin, il y a le caf\u00e9 Delmas, place de la contrescarpe paris 5\u00e8me, j&#39;y ai mes quartiers, mais uniquement dans les grandes occasions parce que c&#39;est pas donn\u00e9 ; sinon, beaucoup moins cher, le 2bis, 2, bis rue des \u00e9coles, 75005 Paris. C&#39;est ma cantine o\u00f9 l&#39;on peut manger pour pas cher. Pour les gourmands et amateurs de friandises : le bonbon au palais, 19, rue Monge toujours dans le 5\u00e8me. Vous y trouverez des confiseries artisanales s\u00e9lectionn\u00e9es par Georges (le patron).<\/p>\n<p>&#0160;<\/p>\n<p><strong>Un mot pour ceux qui vont venir te voir ?<\/strong><\/p>\n<p>Cette ann\u00e9e, je n&#39;ai pas \u00e9t\u00e9 tr\u00e8s pr\u00e9sent sur mon blog pour tout un tas de raisons. Donc, pour celles et ceux qui viendraient me voir, c&#39;est avant tout des remerciements de continuer \u00e0 suivre mes travaux malgr\u00e9 tout. Bref, de la reconnaissance et des bisous.<\/p>\n<p>&#0160;<\/p>\n<p><strong>Quelque chose \u00e0 ajouter ?<\/strong><\/p>\n<p>C&#39;est Guillaume Long qui fait le manger de ce soir ?<\/p>\n<p>&#0160;<\/p>\n","protected":false},"excerpt":{"rendered":"<p>M\u00eame s&#8217;il n&#8217;a pas \u00e9t\u00e9 hyperactif sur son blog cette ann\u00e9e, Manu-xyz sera l\u00e0 pour accueillir tous ses fans, y compris ceux de ses opignons, pr\u00eats \u00e0 tout pour toucher leur idole.<\/p>\n","protected":false},"author":6,"featured_media":0,"comment_status":"open","ping_status":"open","sticky":false,"template":"","format":"standard","meta":{"footnotes":""},"categories":[26],"tags":[277],"class_list":["post-386","post","type-post","status-publish","format-standard","hentry","category-02-le-festival-de-2005-a-2013","tag-manu-xyz"],"_links":{"self":[{"href":"https:\/\/www.wedobd.com\/index.php?rest_route=\/wp\/v2\/posts\/386","targetHints":{"allow":["GET"]}}],"collection":[{"href":"https:\/\/www.wedobd.com\/index.php?rest_route=\/wp\/v2\/posts"}],"about":[{"href":"https:\/\/www.wedobd.com\/index.php?rest_route=\/wp\/v2\/types\/post"}],"author":[{"embeddable":true,"href":"https:\/\/www.wedobd.com\/index.php?rest_route=\/wp\/v2\/users\/6"}],"replies":[{"embeddable":true,"href":"https:\/\/www.wedobd.com\/index.php?rest_route=%2Fwp%2Fv2%2Fcomments&post=386"}],"version-history":[{"count":1,"href":"https:\/\/www.wedobd.com\/index.php?rest_route=\/wp\/v2\/posts\/386\/revisions"}],"predecessor-version":[{"id":3006,"href":"https:\/\/www.wedobd.com\/index.php?rest_route=\/wp\/v2\/posts\/386\/revisions\/3006"}],"wp:attachment":[{"href":"https:\/\/www.wedobd.com\/index.php?rest_route=%2Fwp%2Fv2%2Fmedia&parent=386"}],"wp:term":[{"taxonomy":"category","embeddable":true,"href":"https:\/\/www.wedobd.com\/index.php?rest_route=%2Fwp%2Fv2%2Fcategories&post=386"},{"taxonomy":"post_tag","embeddable":true,"href":"https:\/\/www.wedobd.com\/index.php?rest_route=%2Fwp%2Fv2%2Ftags&post=386"}],"curies":[{"name":"wp","href":"https:\/\/api.w.org\/{rel}","templated":true}]}}