{"id":389,"date":"2011-09-14T01:00:00","date_gmt":"2011-09-13T23:00:00","guid":{"rendered":"https:\/\/www.wedobd.com\/?p=389"},"modified":"2025-09-29T14:35:04","modified_gmt":"2025-09-29T12:35:04","slug":"matthieu","status":"publish","type":"post","link":"https:\/\/www.wedobd.com\/?p=389","title":{"rendered":"Invit\u00e9 #69 : Matthieu"},"content":{"rendered":"<p><strong>Amateurs de fresques \u00e0 contempler, soyez heureux. <a href=\"http:\/\/leblogdematt.over-blog.com\/\" target=\"_blank\" title=\"Le blog de Matt\">Matthieu<\/a> sera l\u00e0 pour embellir vos carnets.<\/strong><\/p>\n<p style=\"text-align: center;\">&#0160;  <a href=\"http:\/\/yannicklejeune.blogs.com\/.a\/6a00d8341c501b53ef015391903ea9970b-popup\" onclick=\"window.open( this.href, &#39;_blank&#39;, &#39;width=640,height=480,scrollbars=no,resizable=no,toolbar=no,directories=no,location=no,menubar=no,status=no,left=0,top=0&#39; ); return false\" style=\"display: inline;\"><img decoding=\"async\" alt=\"Venue-au-festiblog\" class=\"asset  asset-image at-xid-6a00d8341c501b53ef015391903ea9970b\" src=\"https:\/\/www.wedobd.com\/wp-content\/uploads\/2011\/09\/6a00d8341c501b53ef015391903ea9970b-500wi.jpg\" style=\"width: 480px;\" title=\"Venue-au-festiblog\" \/><\/a><\/p>\n<p><strong>Qui es-tu ?<\/strong><\/p>\n<p>Je m&#39;appelle Matthieu, je suis illustrateur, je vis \u00e0 Paris.<\/p>\n<p>&#0160;<\/p>\n<p><strong> <a href=\"http:\/\/yannicklejeune.blogs.com\/.a\/6a00d8341c501b53ef014e8b83e43c970d-popup\" onclick=\"window.open( this.href, &#39;_blank&#39;, &#39;width=640,height=480,scrollbars=no,resizable=no,toolbar=no,directories=no,location=no,menubar=no,status=no,left=0,top=0&#39; ); return false\" style=\"float: left;\"><img decoding=\"async\" alt=\"Tentative-de-dormage\" class=\"asset  asset-image at-xid-6a00d8341c501b53ef014e8b83e43c970d\" src=\"https:\/\/www.wedobd.com\/wp-content\/uploads\/2011\/09\/6a00d8341c501b53ef014e8b83e43c970d-120wi.jpg\" style=\"margin: 0px 5px 5px 0px;\" title=\"Tentative-de-dormage\" \/><\/a> Comment as-tu commenc\u00e9 \u00e0 dessiner ?<\/strong><\/p>\n<p>Je dessine depuis que je suis tout petit, et j&#39;ai toujours voulu faire \u00e7a dans la vie, aussi loin que je me souvienne. Petit je lisais beaucoup de BD, tous les classiques de la BD franco-belge, et je dessinais des BD dans le genre Tintin et Spirou. Apr\u00e8s, quand j&#39;ai d\u00e9couvert Gotlib, je me suis mis \u00e0 faire plein de dessins humoristiques, mais tr\u00e8s souvent je les faisais sur les tables du coll\u00e8ge et du lyc\u00e9e, donc ils ont tous \u00e9t\u00e9 perdu sous l&#39;\u00e9ponge de la femme de m\u00e9nage.<\/p>\n<p>&#0160;<\/p>\n<p><strong>As-tu suivi une formation ?<\/strong><\/p>\n<p>Ouais, j&#39;ai fait Duperr\u00e9 (c&#39;est dire si je connais bien le quartier du Festiblog) en communication visuelle, l\u00e0 je m&#39;en suis mordu les doigts parce que je me suis rendu compte qu&#39;on n&#39;y dessinait pas assez (m\u00eame si le graphisme, l&#39;\u00e9dition et la pub c&#39;est super et je suis content d&#39;en avoir fait, hein), alors apr\u00e8s je suis all\u00e9 aux Arts d\u00e9co de Strasbourg en illustration. J&#39;\u00e9tais super content.<\/p>\n<p>&#0160;<\/p>\n<p><strong>Peux-tu pr\u00e9senter ton blog ou ton webcomics ?<\/strong><\/p>\n<p>Eh ben je me sers plus de mon blog comme d&#39;un book en ligne, donc c&#39;est plus une succession d&#39;images qu&#39;un &quot;vrai&quot; blog BD, m\u00eame si j&#39;aime bien le genre. Mais j&#39;aime bien la logique du blog, avec son aspect chronologique. Je trouve que c&#39;est une mani\u00e8re simple et spontan\u00e9e de pr\u00e9senter son boulot, on peut y mettre de tout, sans hi\u00e9rarchiser ou trier: un croquis, une illustration, une BD, des photos&#8230; Et on peut voir l&#39;\u00e9volution du style au fur et \u00e0 mesure des articles, c&#39;est sympa. On suit un peu l&#39;\u00e9volution d&#39;un blogueur, d&#39;o\u00f9 le nom, <a href=\"http:\/\/leblogdematt.over-blog.com\/\" target=\"_blank\" title=\"Le blog de Matt\">Le blog de Matt<\/a>.<\/p>\n<p>&#0160;<\/p>\n<p><strong>Pourquoi as-tu commenc\u00e9 \u00e0 bloguer ou \u00e0 publier tes BD en ligne ?<\/strong><\/p>\n<p>Tout simplement pour mettre mes dessins en ligne et que les gens puisse les voir.<\/p>\n<p>&#0160;<\/p>\n<p><strong>Quel public voulais-tu rencontrer ?<\/strong><\/p>\n<p>Je ne l&#39;ai pas fait pour rencontrer un public en particulier, mais \u00e0 choisir, des gens qui font ce que je fais, des dessinateurs, ou des gens qui aiment l&#39;illustration et la BD.<\/p>\n<p>&#0160;<\/p>\n<p><strong>Et finalement qui sont tes lecteurs ?<\/strong><\/p>\n<p>Mes potes, et quelques visiteurs de passage, parfois des professionnels.<\/p>\n<p>&#0160;<\/p>\n<p><strong>Combien de temps passes-tu en moyenne sur tes notes ?<\/strong><\/p>\n<p>Ca d\u00e9pend du type d&#39;image que je mets en ligne. Pour les grandes illus, \u00e7a peut me prendre 1 ou 2 jours \u00e0 faire, pour les petits croquis ou des images plus simples, quelques heures.<\/p>\n<p>&#0160;<\/p>\n<p><strong>Est-ce que ce sont des dessins sp\u00e9cialement faits pour le blog ?<\/strong><\/p>\n<p>Pour certains, oui. Quelques BD sur le blog sont faites pour ce format: pour descendre la page au fur et \u00e0 mesure avec des dessins les uns au dessus des autres. Apr\u00e8s j&#39;ai voulu mettre en page ces dessins pour les imprimer, et \u00e7a ne rend \u00e9videmment pas aussi bien, ils sont typiquement fait pour le format blog.<\/p>\n<p style=\"text-align: center;\"><a href=\"http:\/\/yannicklejeune.blogs.com\/.a\/6a00d8341c501b53ef014e8b83e4c2970d-popup\" onclick=\"window.open( this.href, &#39;_blank&#39;, &#39;width=640,height=480,scrollbars=no,resizable=no,toolbar=no,directories=no,location=no,menubar=no,status=no,left=0,top=0&#39; ); return false\" style=\"display: inline;\"><img decoding=\"async\" alt=\"Polemiks-graphik-ensemble\" class=\"asset  asset-image at-xid-6a00d8341c501b53ef014e8b83e4c2970d\" src=\"https:\/\/www.wedobd.com\/wp-content\/uploads\/2011\/09\/6a00d8341c501b53ef014e8b83e4c2970d-500wi.jpg\" style=\"width: 480px;\" title=\"Polemiks-graphik-ensemble\" \/><\/a> <\/p>\n<p><strong>Avec quoi dessines-tu (crayons, pinceau, palette&#8230;) ?<\/strong><\/p>\n<p>Je fais tout au crayon \u00e0 papier, sur du papier machine. Apr\u00e8s je mets les couleurs \u00e0 l&#39;ordi.<\/p>\n<p>&#0160;<\/p>\n<p><strong>Quelles sont tes influences graphiques ?<\/strong><\/p>\n<p>Alors, dans le d\u00e9sordre, et en oubliant plein d&#39;auteurs g\u00e9niaux: Hugo Pratt, Mathurin M\u00e9heut, David B., Tardi, Christophe Blain, Edgard P. Jacobs (eh ouais), et des milliers d&#39;autres auxquels je ne pense pas maintenant. Tout le mouvement Art d\u00e9co (affiches, b\u00e2timents, sculptures&#8230;) a eu une \u00e9norme influence sur moi, en terme de compos, de motifs, de stylisation&#8230; Et surtout, plus que des bandes dessin\u00e9es, ce sont des films, des peintures ou des images venues de n&#39;importe o\u00f9 et de n&#39;importe quand (estampes, gravures, illustrations, photos, graphismes) qui m&#39;influencent, et je suis souvent frapp\u00e9 par la modernit\u00e9 et l&#39;actualit\u00e9 d&#39;artistes disparus depuis longtemps.<\/p>\n<p>&#0160;<\/p>\n<p><strong>Combien de temps passes-tu sur les blogs des autres (par jour ? par mois ?) ?<\/strong><\/p>\n<p>C&#39;est tr\u00e8s variable, \u00e7a va de une heure par jour \u00e0 une heure par semaine.<\/p>\n<p>&#0160;<\/p>\n<p><strong>Quels sont ceux dont tu es fan ?<\/strong><\/p>\n<p>Je vais souvent d&#39;un blog \u00e0 l&#39;autre mais je ne suis pas un lecteur r\u00e9gulier d&#39;un ou de plusieurs blogs. Beaucoup me plaisent, certains me scotchent, mais je ne suis pas fix\u00e9 sur tel ou tel, surtout qu&#39;il y a beaucoup de blogs et beaucoup de talents \u00e0 d\u00e9couvrir \u00e0 chaque vir\u00e9e sur internet&#8230;<\/p>\n<p>&#0160;<\/p>\n<p><strong>As-tu fait des rencontres gr\u00e2ce aux blogs ?<\/strong><\/p>\n<p>Non, jamais. J&#39;ai parfois eu des commentaires tr\u00e8s gentils de gens que je ne connaissais pas, mais ce n&#39;est jamais all\u00e9 plus loin.<\/p>\n<p>&#0160;<\/p>\n<p><strong>Es-tu sensible aux commentaires ?<\/strong><\/p>\n<p>Oui, bien s\u00fbr! Mais comme mon blog est visit\u00e9 principalement par des potes, j&#39;ai peu de commentaires, ou plut\u00f4t j&#39;ai des commentaires en direct quand je les vois.<\/p>\n<p style=\"text-align: center;\"><a href=\"http:\/\/yannicklejeune.blogs.com\/.a\/6a00d8341c501b53ef014e8b83e537970d-popup\" onclick=\"window.open( this.href, &#39;_blank&#39;, &#39;width=640,height=480,scrollbars=no,resizable=no,toolbar=no,directories=no,location=no,menubar=no,status=no,left=0,top=0&#39; ); return false\" style=\"display: inline;\"><img decoding=\"async\" alt=\"Sortie-de-bar\" class=\"asset  asset-image at-xid-6a00d8341c501b53ef014e8b83e537970d\" src=\"https:\/\/www.wedobd.com\/wp-content\/uploads\/2011\/09\/6a00d8341c501b53ef014e8b83e537970d-500wi.jpg\" style=\"width: 480px;\" title=\"Sortie-de-bar\" \/><\/a> <\/p>\n<p><strong>De mani\u00e8re g\u00e9n\u00e9rale, que penses-tu que la BD num\u00e9rique (\u00e0 lire sur le web, sur iPhone, sur PSP&#8230;) ?<\/strong><\/p>\n<p>J&#39;en lis assez peu, je dois avouer que je ne connais pas assez le sujet pour en parler, mais \u00e7a restera de toutes fa\u00e7ons au service des histoires et de la BD, le num\u00e9rique ou le papier ne sont qu&#39;un moyen, et je pense que le num\u00e9rique apportera de nouveaux horizons en mati\u00e8re de narration. C&#39;est comme le d\u00e9bat entre photo num\u00e9rique et argentique, le principal c&#39;est de faire une belle photo, non?<\/p>\n<p>&#0160;<\/p>\n<p><strong>O\u00f9 peut-on voir ton travail en dehors de ton site ?<\/strong><\/p>\n<p>Sur Rue89, le blog &quot;<a href=\"http:\/\/www.rue89.com\/fenetre-sur-cour\" target=\"_blank\">Fen\u00eatre sur cour<\/a>&quot;, o\u00f9 je m&#39;amuse bien \u00e0 faire des dessins de chronique judiciaire avec Pierre Valentin comme auteur. C&#39;est la rentr\u00e9e, on va bient\u00f4t publier de nouvelles chroniques, d&#39;ailleurs. Sinon, &quot;<a href=\"http:\/\/temdujour.blogspot.com\/\" target=\"_blank\">Temdujour<\/a>&quot;, le blog d&#39;une copine pour lequel j&#39;ai fait quelques dessins.<\/p>\n<p>&#0160;<\/p>\n<p><strong>As-tu des albums  ? Peux-tu nous les pr\u00e9senter ?<\/strong><\/p>\n<p>Pas encore d&#39;album, mais j&#39;y travaille&#8230; \ud83d\ude42<\/p>\n<p>&#0160;<\/p>\n<p><strong>Qu&#39;attends-tu de ta venue au Festiblog ? Un mot pour ceux qui vont venir te voir ?<\/strong><\/p>\n<p>J&#39;en attends un bon moment \u00e0 faire des dessins et \u00e0 rencontrer des gens, et pour ceux qui vont venir me voir, je vous promets de vous faire le plus beau dessin de ma vie. \ud83d\ude42<\/p>\n<p>&#0160;<\/p>\n<p><strong>Cette ann\u00e9e, Guillaume Long, est parrain du Festiblog avec son blog culinaire. Peux-tu nous parler de ton plat pr\u00e9f\u00e9r\u00e9 et nous donner une bonne adresse o\u00f9 aller manger dans ton coin ?<\/strong><\/p>\n<p>Oula, je ne suis pas vraiment un fin gastronome, donc parler de mon plat pr\u00e9f\u00e9r\u00e9&#8230; Je vais botter en touche avec un souvenir: Quand j&#39;\u00e9tais petit, ma grand-m\u00e8re avait pour habitude de nous faire des tagliatelles beaucoup trop cuites, au beurre. Et j&#39;adorais \u00e7a, c&#39;\u00e9tait fondant et d\u00e9licieux. Voil\u00e0, sinon pour les adresses, ben je privil\u00e9gie l&#39;ambiance \u00e0 la bouffe, donc aller chez Chartier c&#39;est toujours marrant: c&#39;est pas cher, et c&#39;est vraiment la vieille brasserie \u00e0 l&#39;ancienne, avec poireaux-vinaigrette\/oeufs-mayo et les serveurs en costume, on se croirait dans un bouquin de Zola. C&#39;est 7, rue du Faubourg Montmartre, dans le 9\u00e8me \u00e0 Paris.<\/p>\n<p>&#0160;<\/p>\n<p><strong>Un dernier mot ?<\/strong><\/p>\n<p>Rosebud?<\/p>\n<p style=\"text-align: center;\"><a href=\"http:\/\/yannicklejeune.blogs.com\/.a\/6a00d8341c501b53ef0153919049b4970b-popup\" onclick=\"window.open( this.href, &#39;_blank&#39;, &#39;width=640,height=480,scrollbars=no,resizable=no,toolbar=no,directories=no,location=no,menubar=no,status=no,left=0,top=0&#39; ); return false\" style=\"display: inline;\"><img decoding=\"async\" alt=\"Kristyna\" class=\"asset  asset-image at-xid-6a00d8341c501b53ef0153919049b4970b\" src=\"https:\/\/www.wedobd.com\/wp-content\/uploads\/2011\/09\/6a00d8341c501b53ef0153919049b4970b-500wi.jpg\" style=\"width: 480px;\" title=\"Kristyna\" \/><\/a> <\/p>\n","protected":false},"excerpt":{"rendered":"<p>Amateurs de fresques \u00e0 contempler, soyez heureux. Matthieu sera l\u00e0 pour embellir vos carnets.<\/p>\n","protected":false},"author":6,"featured_media":0,"comment_status":"open","ping_status":"open","sticky":false,"template":"","format":"standard","meta":{"footnotes":""},"categories":[26],"tags":[367],"class_list":["post-389","post","type-post","status-publish","format-standard","hentry","category-02-le-festival-de-2005-a-2013","tag-matthieu"],"_links":{"self":[{"href":"https:\/\/www.wedobd.com\/index.php?rest_route=\/wp\/v2\/posts\/389","targetHints":{"allow":["GET"]}}],"collection":[{"href":"https:\/\/www.wedobd.com\/index.php?rest_route=\/wp\/v2\/posts"}],"about":[{"href":"https:\/\/www.wedobd.com\/index.php?rest_route=\/wp\/v2\/types\/post"}],"author":[{"embeddable":true,"href":"https:\/\/www.wedobd.com\/index.php?rest_route=\/wp\/v2\/users\/6"}],"replies":[{"embeddable":true,"href":"https:\/\/www.wedobd.com\/index.php?rest_route=%2Fwp%2Fv2%2Fcomments&post=389"}],"version-history":[{"count":1,"href":"https:\/\/www.wedobd.com\/index.php?rest_route=\/wp\/v2\/posts\/389\/revisions"}],"predecessor-version":[{"id":3020,"href":"https:\/\/www.wedobd.com\/index.php?rest_route=\/wp\/v2\/posts\/389\/revisions\/3020"}],"wp:attachment":[{"href":"https:\/\/www.wedobd.com\/index.php?rest_route=%2Fwp%2Fv2%2Fmedia&parent=389"}],"wp:term":[{"taxonomy":"category","embeddable":true,"href":"https:\/\/www.wedobd.com\/index.php?rest_route=%2Fwp%2Fv2%2Fcategories&post=389"},{"taxonomy":"post_tag","embeddable":true,"href":"https:\/\/www.wedobd.com\/index.php?rest_route=%2Fwp%2Fv2%2Ftags&post=389"}],"curies":[{"name":"wp","href":"https:\/\/api.w.org\/{rel}","templated":true}]}}