{"id":392,"date":"2011-09-13T01:00:00","date_gmt":"2011-09-12T23:00:00","guid":{"rendered":"https:\/\/www.wedobd.com\/?p=392"},"modified":"2025-09-29T14:35:14","modified_gmt":"2025-09-29T12:35:14","slug":"ben-basso","status":"publish","type":"post","link":"https:\/\/www.wedobd.com\/?p=392","title":{"rendered":"Invit\u00e9 #66 : Ben Basso"},"content":{"rendered":"<p><strong>Notre 66<sup>e<\/sup> invit\u00e9 a accept\u00e9 de sortir de sa grotte pour vous rencontrer. Faites bon accueil \u00e0 <a href=\"http:\/\/benbassosketchblog.blogspot.com\/\" target=\"_blank\">Ben Basso<\/a>.<\/strong><\/p>\n<p><a href=\"http:\/\/yannicklejeune.blogs.com\/.a\/6a00d8341c501b53ef014e8b4f73f8970d-popup\" onclick=\"window.open( this.href, &#39;_blank&#39;, &#39;width=640,height=480,scrollbars=no,resizable=no,toolbar=no,directories=no,location=no,menubar=no,status=no,left=0,top=0&#39; ); return false\" style=\"display: inline;\"><img decoding=\"async\" alt=\"Festiblog\" class=\"asset  asset-image at-xid-6a00d8341c501b53ef014e8b4f73f8970d\" src=\"https:\/\/www.wedobd.com\/wp-content\/uploads\/2011\/09\/6a00d8341c501b53ef014e8b4f73f8970d-500wi.png\" style=\"display: block; margin-left: auto; margin-right: auto;\" title=\"Festiblog\" \/><\/a> <br \/><strong>Qui es-tu ?<\/strong><\/p>\n<p>Ben BASSO, illustrateur. J&#39;habite Bordeaux.<\/p>\n<p>&#0160;<\/p>\n<p><strong>Comment as-tu commenc\u00e9 \u00e0 dessiner ?<\/strong><\/p>\n<p>Comme beaucoup de monde, depuis toujours. Il n\u2019y a encore pas si longtemps, il y avait un truc immon&#8230; un bateau sur le mur d\u2019une chambre chez mes parents que j\u2019avais dessin\u00e9 alors que j\u2019\u00e9tais tout petit. Ils ont refait la tapisserie depuis. Ma premi\u00e8re expo !<\/p>\n<p><strong> <a href=\"http:\/\/yannicklejeune.blogs.com\/.a\/6a00d8341c501b53ef0154352f3ea9970c-popup\" onclick=\"window.open( this.href, &#39;_blank&#39;, &#39;width=640,height=480,scrollbars=no,resizable=no,toolbar=no,directories=no,location=no,menubar=no,status=no,left=0,top=0&#39; ); return false\" style=\"float: left;\"> <\/a><a href=\"http:\/\/yannicklejeune.blogs.com\/.a\/6a00d8341c501b53ef0154352f3fb0970c-popup\" onclick=\"window.open( this.href, &#39;_blank&#39;, &#39;width=640,height=480,scrollbars=no,resizable=no,toolbar=no,directories=no,location=no,menubar=no,status=no,left=0,top=0&#39; ); return false\" style=\"display: inline;\"><br \/><\/a>&#0160;<\/p>\n<p> <\/strong><\/p>\n<p><a href=\"http:\/\/yannicklejeune.blogs.com\/.a\/6a00d8341c501b53ef0154352f4129970c-popup\" onclick=\"window.open( this.href, &#39;_blank&#39;, &#39;width=640,height=480,scrollbars=no,resizable=no,toolbar=no,directories=no,location=no,menubar=no,status=no,left=0,top=0&#39; ); return false\" style=\"display: inline;\"><img decoding=\"async\" alt=\"Strip1g\" class=\"asset  asset-image at-xid-6a00d8341c501b53ef0154352f4129970c\" src=\"https:\/\/www.wedobd.com\/wp-content\/uploads\/2011\/09\/6a00d8341c501b53ef0154352f4129970c-500wi.png\" style=\"display: block; margin-left: auto; margin-right: auto;\" title=\"Strip1g\" \/><\/a> <br \/><strong>As-tu suivi une formation ?<\/strong><\/p>\n<p>J\u2019ai bien un bac arts appliqu\u00e9s, mais j\u2019ai surtout appris avec les fanzines au lyc\u00e9e, puis plus tard en int\u00e9grant le studio <a href=\"http:\/\/makma.com\/\" target=\"_blank\">MAKMA<\/a>, o\u00f9 j\u2019ai pu apprendre les diff\u00e9rentes m\u00e9tiers de la BD. Mon premier vrai taff pro dans la branche, c\u2019\u00e9tait du lettrage sur des comics am\u00e9ricains. J\u2019ai ensuite fait de la couleur, de l\u2019encrage, et m\u00eame parfois les finitions des dessins des autres. Apr\u00e8s bien s\u00fbr, j\u2019ai fait pas mal d\u2019illustrations et de planches BD, mais je suis vraiment pass\u00e9 par toutes les \u00e9tapes. \u00c7a m\u2019a beaucoup aid\u00e9, je crois qu\u2019il n\u2019y a pas de meilleure \u00e9cole.<\/p>\n<p><strong><a href=\"http:\/\/yannicklejeune.blogs.com\/.a\/6a00d8341c501b53ef0154352f4205970c-popup\" onclick=\"window.open( this.href, &#39;_blank&#39;, &#39;width=640,height=480,scrollbars=no,resizable=no,toolbar=no,directories=no,location=no,menubar=no,status=no,left=0,top=0&#39; ); return false\" style=\"float: right;\"><img decoding=\"async\" alt=\"025\" class=\"asset  asset-image at-xid-6a00d8341c501b53ef0154352f4205970c\" src=\"https:\/\/www.wedobd.com\/wp-content\/uploads\/2011\/09\/6a00d8341c501b53ef0154352f4205970c-320wi.png\" style=\"margin: 0px 0px 5px 5px;\" title=\"025\" \/><\/a><\/strong><\/p>\n<p>&#0160;<\/p>\n<p><strong>Peux-tu pr\u00e9senter ton blog ou ton webcomics ?<\/strong><\/p>\n<p>En gros, j\u2019y mets le contenu de mes carnets. Tous les jours, pour me d\u00e9tendre, m\u2019\u00e9chauffer ou tester des choses, je fais des petits dessins. Le plus souvent, ce sont des cr\u00e9atures bizarres, mais j\u2019aime m\u2019imposer des th\u00e8mes, comme les vieux cirques, les contes ou autres que je reprends \u00e0 ma sauce.<\/p>\n<p>&#0160;<\/p>\n<p><strong>Pourquoi as-tu commenc\u00e9 \u00e0 bloguer ou \u00e0 publier tes BD en ligne ?<\/strong><\/p>\n<p>Pour m\u2019obliger \u00e0 poster tous les jours. Bon \u00e7a marche pas toujours, surtout en ce moment, j\u2019avoue.<\/p>\n<p>&#0160;<\/p>\n<p><strong>Quel public voulais-tu rencontrer ?<\/strong><\/p>\n<p>C\u2019\u00e9tait surtout l\u2019id\u00e9e d\u2019avoir mes dessins en ligne qui m\u2019int\u00e9ressait. Apr\u00e8s, si quelqu\u2019un venait \u00e0 tomber dessus par hasard en faisant une recherche improbable dans Google, tant mieux. Tr\u00e8s honn\u00eatement, je ne voyais pas qui \u00e7a aurait pu int\u00e9resser.<\/p>\n<p>&#0160;<\/p>\n<p><strong>Et finalement qui sont tes lecteurs ?<\/strong><\/p>\n<p>Bah finalement, avec le temps, des gens tombent dessus par hasard r\u00e9guli\u00e8rement. Une sacr\u00e9e bande d&#39;\u00e9tourdis. Mais c&#39;est chouette. Un grand merci \u00e0 eux.<\/p>\n<p>&#0160;<\/p>\n<p><strong>Combien de temps passes-tu en moyenne sur tes notes ?<\/strong><\/p>\n<p>\u00c7a d\u00e9pend, je ne sais pas trop. Le plus souvent, c\u2019est en regardant un film ou une s\u00e9rie le soir. J\u2019imagine entre 30min et une heure.<\/p>\n<p><a href=\"http:\/\/yannicklejeune.blogs.com\/.a\/6a00d8341c501b53ef0154352f4322970c-popup\" onclick=\"window.open( this.href, &#39;_blank&#39;, &#39;width=640,height=480,scrollbars=no,resizable=no,toolbar=no,directories=no,location=no,menubar=no,status=no,left=0,top=0&#39; ); return false\" style=\"display: inline;\"><img decoding=\"async\" alt=\"Alice_blog\" class=\"asset  asset-image at-xid-6a00d8341c501b53ef0154352f4322970c\" src=\"https:\/\/www.wedobd.com\/wp-content\/uploads\/2011\/09\/6a00d8341c501b53ef0154352f4322970c-320wi.png\" style=\"display: block; margin-left: auto; margin-right: auto;\" title=\"Alice_blog\" \/><\/a> <br \/><strong>Est-ce que ce sont des dessins sp\u00e9cialement faits pour le blog ?<\/strong><\/p>\n<p>Plus ou moins, oui. \u00c7a d\u00e9passe rarement l&#39;ambition du croquis du soir pour se d\u00e9tendre.<\/p>\n<p>&#0160;<\/p>\n<p><strong>Avec quoi dessines-tu (crayons, pinceau, palette&#8230;) ?<\/strong><\/p>\n<p>Feutres \u00e0 pigments, surtout. Je fais parfois la mise en place au crayon rapidement, mais \u00e7a m\u2019arrive souvent d\u2019improviser directement au feutre. J\u2019aime bien ajouter du caf\u00e9 sur la feuille, pour une ambiance vintage\/vieux papier. Pour le reste, c\u2019est quasiment toujours Photoshop, avec une petite tablette A6 Bamboo de Wacom, qui me suffit amplement.<\/p>\n<p><a href=\"http:\/\/yannicklejeune.blogs.com\/.a\/6a00d8341c501b53ef0154352f43da970c-popup\" onclick=\"window.open( this.href, &#39;_blank&#39;, &#39;width=640,height=480,scrollbars=no,resizable=no,toolbar=no,directories=no,location=no,menubar=no,status=no,left=0,top=0&#39; ); return false\" style=\"display: inline;\"><img decoding=\"async\" alt=\"056\" class=\"asset  asset-image at-xid-6a00d8341c501b53ef0154352f43da970c\" src=\"https:\/\/www.wedobd.com\/wp-content\/uploads\/2011\/09\/6a00d8341c501b53ef0154352f43da970c-320wi.jpg\" style=\"display: block; margin-left: auto; margin-right: auto;\" title=\"056\" \/><\/a> <br \/><strong>Quelles sont tes influences graphiques ?<\/strong><\/p>\n<p>Pfffiou. En gros, de Vatine \u00e0 Watterson, de Burton \u00e0 Mignola, de Wrightson \u00e0 Bianco, en passant par J\u00e9r\u00e9mie Almanza, Micha\u00ebl Roux, Tony Sandoval, Stan, Patricio Betteo, Otomo, Skottie Young, Edward Gorey, Franklin Booth \u2026 Et plein plein d\u2019autres.<\/p>\n<p>&#0160;<\/p>\n<p><strong>Combien de temps passes-tu sur les blogs des autres (par jour ? par mois ?) ?<\/strong><\/p>\n<p>Trop. Je passe mon temps \u00e0 contempler le boulot des autres. Il y a tellement d\u2019artistes super forts, du genre \u00e0 te faire sentir tout petit, ridicule.<\/p>\n<p>&#0160;<\/p>\n<p><a href=\"http:\/\/yannicklejeune.blogs.com\/.a\/6a00d8341c501b53ef0154352f4553970c-popup\" onclick=\"window.open( this.href, &#39;_blank&#39;, &#39;width=640,height=480,scrollbars=no,resizable=no,toolbar=no,directories=no,location=no,menubar=no,status=no,left=0,top=0&#39; ); return false\" style=\"float: left;\"><img decoding=\"async\" alt=\"069\" class=\"asset  asset-image at-xid-6a00d8341c501b53ef0154352f4553970c\" src=\"https:\/\/www.wedobd.com\/wp-content\/uploads\/2011\/09\/6a00d8341c501b53ef0154352f4553970c-320wi.png\" style=\"margin: 0px 5px 5px 0px;\" title=\"069\" \/><\/a><strong>Quels sont ceux dont tu es fan ?<\/strong><\/p>\n<p>Je suis surtout des blogs d\u2019illustrateurs, et la plupart sont dans la blogroll de mon blog. Mais s\u2019il faut en citer quelques uns, disons que je ne peux pas me passer de <a href=\"http:\/\/nancypena.canalblog.com\" target=\"_blank\">Nancy Pe\u00f1a<\/a>, <a href=\"http:\/\/richerand-yoyo.blogspot.com\" target=\"_blank\">Lionel Richerand<\/a>, <a href=\"http:\/\/mathieureynes.blogspot.com\/\" target=\"_blank\">Mathieu Reyn\u00e8s<\/a>, <a href=\"http:\/\/chairafauteuil.over-blog.com\" target=\"_blank\">Yuio<\/a>, <a href=\"http:\/\/www.manularcenet.com\/blog\/\" target=\"_blank\">Larcenet<\/a>, <a href=\"http:\/\/www.yohansacre.com\" target=\"_blank\">Yohan<\/a>, <a href=\"http:\/\/elosterv.blogspot.com\/\" target=\"_blank\">Elosterv<\/a>, <a href=\"http:\/\/www.acerb.be\/wordpress\/\" target=\"_blank\">Xavier Collette<\/a>, <a href=\"http:\/\/mickaelroux.over-blog.com\/\" target=\"_blank\">Micka\u00ebl Roux<\/a>, <a href=\"http:\/\/nenent.blogspot.com\/\" target=\"_blank\">Cl\u00e9ment Lef\u00e8vre<\/a>\u2026<\/p>\n<p>&#0160;<\/p>\n<p><strong>As-tu fait des rencontres gr\u00e2ce aux blogs ?<\/strong><\/p>\n<p>Ouaip, j&#39;ai beaucoup de chance. J&#39;ai pu rencontrer des gens que j&#39;admire \u00e9norm\u00e9ment, comme Guillaume Bianco et Olivier Vatine.<\/p>\n<p>&#0160;<\/p>\n<p><strong>Es-tu sensible aux commentaires ?<\/strong><\/p>\n<p>J\u2019aimerais dire raisonnablement que non, mais faut bien avouer que dans les p\u00e9riodes de remise en question, \u00e7a aide \u00e0 te rebooster.<\/p>\n<p>&#0160;<\/p>\n<p><strong>De mani\u00e8re g\u00e9n\u00e9rale, que penses-tu que la BD num\u00e9rique (\u00e0 lire sur le web, sur iPhone, sur PSP&#8230;) ?<\/strong><\/p>\n<p>Avec l\u2019arriv\u00e9e des tablettes et des smartphones et l\u2019\u00e9volution des supports, \u00e7a me parait \u00e9vident qu\u2019on y \u00e9chappera pas. Surtout concernant les magazines et les BD tout public. \u00c7a ne me d\u00e9range pas, au contraire, \u00e7a ouvre pas mal de portes. Actuellement, je trouve \u00e7a encore bien timide au vu des possibilit\u00e9s offertes. Balak et la bande de Turbomedia l\u2019ont bien compris et font des choses super int\u00e9ressantes.<\/p>\n<p>&#0160;<\/p>\n<p><strong>O\u00f9 peut-on voir ton travail en dehors de ton site ?<\/strong><\/p>\n<p>Je m\u2019occupe de toute la partie graphique du site Superpouvoir.com (site sur l\u2019actu BD &amp; comics) et je m\u2019occupe des couleurs du webstrip SuperSlips sur ce m\u00eame site. J\u2019ai \u00e9t\u00e9 invit\u00e9 \u00e0 illustrer une anecdote du site viedemerde.fr, \u00e7a devrait \u00eatre en ligne tr\u00e8s bient\u00f4t (faut que je magne). Je participe \u00e0 un collectif BD chez Petit \u00e0 Petit qui va sortir jenesaispasquand (faut que je me magne l\u00e0 aussi). Et un recueil de mes dessins devrait sortir prochainement sous la forme d\u2019un sketchbook chez ComixBuro si tout va bien.<\/p>\n<p><a href=\"http:\/\/yannicklejeune.blogs.com\/.a\/6a00d8341c501b53ef0153915bbfd5970b-popup\" onclick=\"window.open( this.href, &#39;_blank&#39;, &#39;width=640,height=480,scrollbars=no,resizable=no,toolbar=no,directories=no,location=no,menubar=no,status=no,left=0,top=0&#39; ); return false\" style=\"display: inline;\"><img decoding=\"async\" alt=\"058\" class=\"asset  asset-image at-xid-6a00d8341c501b53ef0153915bbfd5970b\" src=\"https:\/\/www.wedobd.com\/wp-content\/uploads\/2011\/09\/6a00d8341c501b53ef0153915bbfd5970b-500wi.jpg\" style=\"display: block; margin-left: auto; margin-right: auto;\" title=\"058\" \/><\/a> <br \/><strong>As-tu des albums  ? Peux-tu nous les pr\u00e9senter ?<\/strong><\/p>\n<p>J\u2019ai illustr\u00e9 un livre pour enfant, \u00ab Baltazar &amp; l\u2019Efface-R\u00eave \u00bb chez Canto \u00c9ditions, avec Benjamin Rivi\u00e8re pour les textes, et Fred Vigneau. L\u2019histoire d\u2019un petit gar\u00e7on qui se r\u00e9veille le jour de son neuvi\u00e8me anniversaire dans la peau d\u2019un louveteau-garou.<\/p>\n<p>&#0160;<\/p>\n<p><strong>Qu&#39;attends-tu de ta venue au Festiblog ? Un mot pour ceux qui vont venir te voir ?<\/strong><\/p>\n<p>Je sors rarement de la grotte dans laquelle je bosse tous les jours. Le monde ext\u00e9rieur, les vrais gens, tout \u00e7a, \u00e7a m\u2019impressionne. Je ne suis pas encore retourn\u00e9 \u00e0 l\u2019\u00e9tat sauvage, mais il se peut que j\u2019ai l\u2019air *un peu* timide.<\/p>\n<p>&#0160;<\/p>\n<p><strong>Cette ann\u00e9e, Guillaume Long, est parrain du Festiblog avec son blog culinaire. Peux-tu nous parler de ton plat pr\u00e9f\u00e9r\u00e9 et nous donner une bonne adresse o\u00f9 aller manger dans ton coin ?<\/strong><\/p>\n<p>Boarf. J\u2019ai un bon app\u00e9tit, mais je ne suis pas un fin gourmet. J\u2019aime la bonne cuisine mais ne pratique pas des masses. Je ne vous ferai pas l&#39;affront de vous dire ce que je mange lorsque je suis seul. Disons qu\u2019il faut aimer la cuisine au four \u00e0 micro-ondes.<\/p>\n<p><a href=\"http:\/\/yannicklejeune.blogs.com\/.a\/6a00d8341c501b53ef0154352f478a970c-popup\" onclick=\"window.open( this.href, &#39;_blank&#39;, &#39;width=640,height=480,scrollbars=no,resizable=no,toolbar=no,directories=no,location=no,menubar=no,status=no,left=0,top=0&#39; ); return false\" style=\"display: inline;\"><img decoding=\"async\" alt=\"Miliecolowp\" class=\"asset  asset-image at-xid-6a00d8341c501b53ef0154352f478a970c\" src=\"https:\/\/www.wedobd.com\/wp-content\/uploads\/2011\/09\/6a00d8341c501b53ef0154352f478a970c-500wi.jpg\" style=\"display: block; margin-left: auto; margin-right: auto;\" title=\"Miliecolowp\" \/><\/a> <br \/><strong>Un dernier mot ?<\/strong><\/p>\n<p>Toujours.<\/p>\n<p>&#0160;<\/p>\n","protected":false},"excerpt":{"rendered":"<p>Notre 66e invit\u00e9 a accept\u00e9 de sortir de sa grotte pour vous rencontrer. Faites bon accueil \u00e0 Ben Basso.<\/p>\n","protected":false},"author":2,"featured_media":0,"comment_status":"open","ping_status":"open","sticky":false,"template":"","format":"standard","meta":{"footnotes":""},"categories":[26,47],"tags":[368],"class_list":["post-392","post","type-post","status-publish","format-standard","hentry","category-02-le-festival-de-2005-a-2013","category-03-interviews-de-blogueurs-bd","tag-ben-basso"],"_links":{"self":[{"href":"https:\/\/www.wedobd.com\/index.php?rest_route=\/wp\/v2\/posts\/392","targetHints":{"allow":["GET"]}}],"collection":[{"href":"https:\/\/www.wedobd.com\/index.php?rest_route=\/wp\/v2\/posts"}],"about":[{"href":"https:\/\/www.wedobd.com\/index.php?rest_route=\/wp\/v2\/types\/post"}],"author":[{"embeddable":true,"href":"https:\/\/www.wedobd.com\/index.php?rest_route=\/wp\/v2\/users\/2"}],"replies":[{"embeddable":true,"href":"https:\/\/www.wedobd.com\/index.php?rest_route=%2Fwp%2Fv2%2Fcomments&post=392"}],"version-history":[{"count":1,"href":"https:\/\/www.wedobd.com\/index.php?rest_route=\/wp\/v2\/posts\/392\/revisions"}],"predecessor-version":[{"id":3036,"href":"https:\/\/www.wedobd.com\/index.php?rest_route=\/wp\/v2\/posts\/392\/revisions\/3036"}],"wp:attachment":[{"href":"https:\/\/www.wedobd.com\/index.php?rest_route=%2Fwp%2Fv2%2Fmedia&parent=392"}],"wp:term":[{"taxonomy":"category","embeddable":true,"href":"https:\/\/www.wedobd.com\/index.php?rest_route=%2Fwp%2Fv2%2Fcategories&post=392"},{"taxonomy":"post_tag","embeddable":true,"href":"https:\/\/www.wedobd.com\/index.php?rest_route=%2Fwp%2Fv2%2Ftags&post=392"}],"curies":[{"name":"wp","href":"https:\/\/api.w.org\/{rel}","templated":true}]}}