{"id":397,"date":"2011-09-11T18:00:00","date_gmt":"2011-09-11T16:00:00","guid":{"rendered":"https:\/\/www.wedobd.com\/?p=397"},"modified":"2025-09-29T14:35:22","modified_gmt":"2025-09-29T12:35:22","slug":"delfine-aalex","status":"publish","type":"post","link":"https:\/\/www.wedobd.com\/?p=397","title":{"rendered":"Invit\u00e9s #61 &#038; #62 : Delfine &#038; aAlex"},"content":{"rendered":"<p><strong>Double interview pour ce duo qui r\u00e9apparait au Festiblog apr\u00e8s 5 ans d&#39;absence et qui nous vient directement du Japon ! Nous souhaitons \u00e0 nouveau la bienvenue \u00e0 <a href=\"http:\/\/www.issekinicho.fr\" target=\"_blank\">Delfine et aAlex<\/a> !<\/strong><\/p>\n<p style=\"text-align: center;\"><a href=\"http:\/\/yannicklejeune.blogs.com\/.a\/6a00d8341c501b53ef014e8b6d6ab0970d-popup\" onclick=\"window.open( this.href, &#39;_blank&#39;, &#39;width=640,height=480,scrollbars=no,resizable=no,toolbar=no,directories=no,location=no,menubar=no,status=no,left=0,top=0&#39; ); return false\" style=\"display: inline;\"><img decoding=\"async\" alt=\"Dedicace_festiblog\" border=\"0\" class=\"asset  asset-image at-xid-6a00d8341c501b53ef014e8b6d6ab0970d\" src=\"https:\/\/www.wedobd.com\/wp-content\/uploads\/2011\/09\/6a00d8341c501b53ef014e8b6d6ab0970d-800wi.jpg\" title=\"Dedicace_festiblog\" \/><\/a> <\/p>\n<p><strong>Pour ceux qui ont la m\u00e9moire courte, pouvez-vous nous rappeler qui vous \u00eates ?<\/strong><\/p>\n<p>Nous sommes aAlex &amp; Delfine, nous sommes tout les 2 illustrateurs jeunesse et nous bloggons depuis tr\u00e8\u00e8\u00e8s longtemps ( dans des temps anciens, nous avions m\u00eame particip\u00e9 au 1<sup>er<\/sup> festiblog avec nos blogs respectifs ! )<\/p>\n<p style=\"text-align: center;\"><a href=\"http:\/\/yannicklejeune.blogs.com\/.a\/6a00d8341c501b53ef0154354d2129970c-popup\" onclick=\"window.open( this.href, &#39;_blank&#39;, &#39;width=640,height=480,scrollbars=no,resizable=no,toolbar=no,directories=no,location=no,menubar=no,status=no,left=0,top=0&#39; ); return false\" style=\"display: inline;\"><img decoding=\"async\" alt=\"Avion_depart\" class=\"asset  asset-image at-xid-6a00d8341c501b53ef0154354d2129970c\" src=\"https:\/\/www.wedobd.com\/wp-content\/uploads\/2011\/09\/6a00d8341c501b53ef0154354d2129970c-550wi.png\" style=\"width: 520px;\" title=\"Avion_depart\" \/><\/a> <\/p>\n<p><strong>Quoi de neuf dans votre carri\u00e8re et vos projets depuis votre derni\u00e8re participation ?<\/strong><\/p>\n<p>Il y a 1 an, nous avons d\u00e9cid\u00e9 de partir vivre au Japon, et par la m\u00eame occasion de &quot;fusionner&quot; nos blogs personnels pour r\u00e9aliser \u00e0 4 mains le blog <a href=\"http:\/\/www.issekinicho.fr\" target=\"_blank\">&quot;Issekinicho&quot;<\/a>.<\/p>\n<p><a href=\"http:\/\/yannicklejeune.blogs.com\/.a\/6a00d8341c501b53ef0154354d2248970c-popup\" onclick=\"window.open( this.href, &#39;_blank&#39;, &#39;width=640,height=480,scrollbars=no,resizable=no,toolbar=no,directories=no,location=no,menubar=no,status=no,left=0,top=0&#39; ); return false\" style=\"display: inline;\"><img decoding=\"async\" alt=\"1000\" class=\"asset  asset-image at-xid-6a00d8341c501b53ef0154354d2248970c\" src=\"https:\/\/www.wedobd.com\/wp-content\/uploads\/2011\/09\/6a00d8341c501b53ef0154354d2248970c-550wi.jpg\" style=\"width: 520px;\" title=\"1000\" \/><\/a> <\/p>\n<p>&#0160;<\/p>\n<p><strong>Cette ann\u00e9e, Guillaume Long, est parrain du Festiblog avec son blog culinaire. Pouvez-vous nous parler de votre plat pr\u00e9f\u00e9r\u00e9 et nous donner une bonne adresse o\u00f9 aller manger dans votre coin ?<\/strong><\/p>\n<p>Nous avons d\u00fb pas mal adapter notre cuisine quotidienne depuis que nous sommes au Japon. On d\u00e9couvre quasiment tout les jours de nouveaux ingr\u00e9dients et recettes, pour le meilleur mais aussi parfois pour le pire&#8230; On en parle souvent dans nos notes <a href=\"http:\/\/www.issekinicho.fr\/blog-japon\/bd\/fake\" target=\"_blank\">ici<\/a>, <a href=\"http:\/\/www.issekinicho.fr\/blog-japon\/bd\/5-fruits-et-legumes-par-jour\" target=\"_blank\">ici<\/a> ou <a href=\"http:\/\/www.issekinicho.fr\/blog-japon\/bd\/encore-mochis\" target=\"_blank\">l\u00e0<\/a>. Un plat facile : l&#39;Okonomiyaki !! Une grosse omelette avec du chou et plein de bonnes choses au choix ( ika, mochi, lard\u2026 ) On a une super bonne adresse de petit restau \u00e0 Okonomiyakis \u00e0 Machida ( banlieue ouest de Tokyo ) d\u00e9licieux et pas cher : 500 yens = 5 euros ( par contre, le billet d&#39;avion aller-retour depuis la France vous co\u00fbtera un peu plus cher&#8230; ^_- )<\/p>\n<p style=\"text-align: center;\"><a href=\"http:\/\/yannicklejeune.blogs.com\/.a\/6a00d8341c501b53ef01539179f045970b-popup\" onclick=\"window.open( this.href, &#39;_blank&#39;, &#39;width=640,height=480,scrollbars=no,resizable=no,toolbar=no,directories=no,location=no,menubar=no,status=no,left=0,top=0&#39; ); return false\" style=\"display: inline;\"><img decoding=\"async\" alt=\"Onsen\" border=\"0\" class=\"asset  asset-image at-xid-6a00d8341c501b53ef01539179f045970b\" src=\"https:\/\/www.wedobd.com\/wp-content\/uploads\/2011\/09\/6a00d8341c501b53ef01539179f045970b-800wi.jpg\" title=\"Onsen\" \/><\/a> <\/p>\n<p><strong>Un mot pour ceux qui vont venir vous voir ?<\/strong><\/p>\n<p>On esp\u00e8re pouvoir rencontrer les lecteurs qui nous ont accompagn\u00e9s de loin pendant cette ann\u00e9e au Japon.<\/p>\n<p style=\"text-align: center;\">&#0160;<\/p>\n<p style=\"text-align: center;\"><a href=\"http:\/\/yannicklejeune.blogs.com\/.a\/6a00d8341c501b53ef014e8b6d7650970d-popup\"><img decoding=\"async\" alt=\"Tokyo_metoro\" border=\"0\" src=\"https:\/\/www.wedobd.com\/wp-content\/uploads\/2011\/09\/6a00d8341c501b53ef014e8b6d7650970d-800wi.jpg\" title=\"Tokyo_metoro\" \/><\/a>&#0160;<\/p>\n<p style=\"text-align: center;\">&#0160;<\/p>\n<p><strong>Quelque chose \u00e0 ajouter ?<\/strong><\/p>\n<p>Matta ne !! ( \u00e0 bient\u00f4t !)<\/p>\n<p><a href=\"http:\/\/yannicklejeune.blogs.com\/.a\/6a00d8341c501b53ef01539179f0e5970b-popup\"><img decoding=\"async\" alt=\"Akihabara_maquette\" src=\"https:\/\/www.wedobd.com\/wp-content\/uploads\/2011\/09\/6a00d8341c501b53ef01539179f0e5970b-550wi.jpg\" title=\"Akihabara_maquette\" \/><\/a>&#0160;<\/p>\n","protected":false},"excerpt":{"rendered":"<p>Double interview pour ce duo qui r\u00e9apparait au Festiblog apr\u00e8s 5 ans d&#8217;absence et qui nous vient directement du Japon ! Nous souhaitons \u00e0 nouveau la bienvenue \u00e0 Delfine et aAlex !<\/p>\n","protected":false},"author":3,"featured_media":0,"comment_status":"open","ping_status":"open","sticky":false,"template":"","format":"standard","meta":{"footnotes":""},"categories":[26],"tags":[105,106],"class_list":["post-397","post","type-post","status-publish","format-standard","hentry","category-02-le-festival-de-2005-a-2013","tag-aalex","tag-delfine"],"_links":{"self":[{"href":"https:\/\/www.wedobd.com\/index.php?rest_route=\/wp\/v2\/posts\/397","targetHints":{"allow":["GET"]}}],"collection":[{"href":"https:\/\/www.wedobd.com\/index.php?rest_route=\/wp\/v2\/posts"}],"about":[{"href":"https:\/\/www.wedobd.com\/index.php?rest_route=\/wp\/v2\/types\/post"}],"author":[{"embeddable":true,"href":"https:\/\/www.wedobd.com\/index.php?rest_route=\/wp\/v2\/users\/3"}],"replies":[{"embeddable":true,"href":"https:\/\/www.wedobd.com\/index.php?rest_route=%2Fwp%2Fv2%2Fcomments&post=397"}],"version-history":[{"count":1,"href":"https:\/\/www.wedobd.com\/index.php?rest_route=\/wp\/v2\/posts\/397\/revisions"}],"predecessor-version":[{"id":3051,"href":"https:\/\/www.wedobd.com\/index.php?rest_route=\/wp\/v2\/posts\/397\/revisions\/3051"}],"wp:attachment":[{"href":"https:\/\/www.wedobd.com\/index.php?rest_route=%2Fwp%2Fv2%2Fmedia&parent=397"}],"wp:term":[{"taxonomy":"category","embeddable":true,"href":"https:\/\/www.wedobd.com\/index.php?rest_route=%2Fwp%2Fv2%2Fcategories&post=397"},{"taxonomy":"post_tag","embeddable":true,"href":"https:\/\/www.wedobd.com\/index.php?rest_route=%2Fwp%2Fv2%2Ftags&post=397"}],"curies":[{"name":"wp","href":"https:\/\/api.w.org\/{rel}","templated":true}]}}