{"id":402,"date":"2011-09-10T01:00:00","date_gmt":"2011-09-09T23:00:00","guid":{"rendered":"https:\/\/www.wedobd.com\/?p=402"},"modified":"2025-09-29T14:35:34","modified_gmt":"2025-09-29T12:35:34","slug":"vincent-caut-3","status":"publish","type":"post","link":"https:\/\/www.wedobd.com\/?p=402","title":{"rendered":"Invit\u00e9 #56 : Vincent Caut"},"content":{"rendered":"<p><strong>Notre 56<sup>e<\/sup> invit\u00e9 est un jeune v\u00e9t\u00e9ran du Festiblog. Nous accueillons encore une fois <a href=\"http:\/\/www.vincentcaut.com\/\" target=\"_blank\">Vincent Caut<\/a> !<\/strong><\/p>\n<p style=\"text-align: center;\"><a href=\"http:\/\/yannicklejeune.blogs.com\/.a\/6a00d8341c501b53ef014e8b27babc970d-popup\" onclick=\"window.open( this.href, &#39;_blank&#39;, &#39;width=640,height=480,scrollbars=no,resizable=no,toolbar=no,directories=no,location=no,menubar=no,status=no,left=0,top=0&#39; ); return false\" style=\"display: inline;\"><img decoding=\"async\" alt=\"Festiblog11petit\" class=\"asset  asset-image at-xid-6a00d8341c501b53ef014e8b27babc970d\" src=\"https:\/\/www.wedobd.com\/wp-content\/uploads\/2011\/09\/6a00d8341c501b53ef014e8b27babc970d-550wi.jpg\" style=\"width: 520px;\" title=\"Festiblog11petit\" \/><\/a> <\/p>\n<p>&#0160;<\/p>\n<p><strong>Quoi de neuf dans ta carri\u00e8re et tes projets depuis ta derni\u00e8re participation ?<\/strong><\/p>\n<p>Beaucoup de choses! L&#39;ann\u00e9e 2011 a \u00e9t\u00e9 tr\u00e8s dense pour moi. Je suis entr\u00e9 \u00e0 l&#39;\u00e9cole Estienne en section illustration, j&#39;ai sorti plusieurs albums chez Dupuis et chez Actes Sud Junior, j&#39;ai eu la chance de rencontrer plein de gens tr\u00e8s chouettes et j&#39;ai pu travailler sur plein de beaux projets. Des projets, j&#39;en ai encore plein, d&#39;ailleurs!<\/p>\n<p>&#0160;<\/p>\n<p><strong>Cette ann\u00e9e, Guillaume Long, est parrain du Festiblog avec son blog culinaire. Peux-tu nous parler de ton plat pr\u00e9f\u00e9r\u00e9 et nous donner une bonne adresse o\u00f9 aller manger dans ton coin ?<\/strong><\/p>\n<p>Pour les plats, c&#39;est comme avec les couleurs ou les Pok\u00e9mon, je n&#39;arrive pas \u00e0 avoir de pr\u00e9f\u00e9r\u00e9s. On va dire que tout ce qui ne contient pas de raisins secs est potentiellement mon plat pr\u00e9f\u00e9r\u00e9.<\/p>\n<p>&#0160;<\/p>\n<p><strong>Un mot pour ceux qui vont venir te voir ?<\/strong><\/p>\n<p>Merci! C&#39;est quand m\u00eame dingue de voir tous ces gens qui font la queue pour un petit dessin. Je participe au Festiblog depuis plusieurs ann\u00e9es maintenant, et \u00e0 chaque fois mes s\u00e9ances de d\u00e9dicaces ont \u00e9t\u00e9 prolong\u00e9es dans le parc parce qu&#39;il y avait encore plein de monde qui attendait. C&#39;est chouette, le Festiblog.<\/p>\n<p>&#0160;<\/p>\n<p><strong>Quelque chose \u00e0 ajouter ?<\/strong><\/p>\n<p>N&#39;oubliez pas de jeter un \u0153il sur<a href=\"http:\/\/www.dupuis.com\/catalogue\/FR\/al\/25643\/un_pacte_en_hiver.html\" target=\"_blank\"> le tome 2 de &quot;O\u00f9 es-tu L\u00e9opold?&quot;<\/a> (sc\u00e9nario: MY Schmitt), qui para\u00eetra un peu avant le Festiblog chez Dupuis. Comme \u00e7a vous me direz ce que vous en avez pens\u00e9. Et peut-\u00eatre m\u00eame que vous l&#39;ach\u00e8terez, et comme \u00e7a je serai riche.<\/p>\n<p>&#0160;<\/p>\n","protected":false},"excerpt":{"rendered":"<p>Notre 56e invit\u00e9 est un jeune v\u00e9t\u00e9ran du Festiblog. Nous accueillons encore une fois Vincent Caut !<\/p>\n","protected":false},"author":3,"featured_media":0,"comment_status":"open","ping_status":"open","sticky":false,"template":"","format":"standard","meta":{"footnotes":""},"categories":[26,47],"tags":[111],"class_list":["post-402","post","type-post","status-publish","format-standard","hentry","category-02-le-festival-de-2005-a-2013","category-03-interviews-de-blogueurs-bd","tag-vincent-caut"],"_links":{"self":[{"href":"https:\/\/www.wedobd.com\/index.php?rest_route=\/wp\/v2\/posts\/402","targetHints":{"allow":["GET"]}}],"collection":[{"href":"https:\/\/www.wedobd.com\/index.php?rest_route=\/wp\/v2\/posts"}],"about":[{"href":"https:\/\/www.wedobd.com\/index.php?rest_route=\/wp\/v2\/types\/post"}],"author":[{"embeddable":true,"href":"https:\/\/www.wedobd.com\/index.php?rest_route=\/wp\/v2\/users\/3"}],"replies":[{"embeddable":true,"href":"https:\/\/www.wedobd.com\/index.php?rest_route=%2Fwp%2Fv2%2Fcomments&post=402"}],"version-history":[{"count":1,"href":"https:\/\/www.wedobd.com\/index.php?rest_route=\/wp\/v2\/posts\/402\/revisions"}],"predecessor-version":[{"id":3072,"href":"https:\/\/www.wedobd.com\/index.php?rest_route=\/wp\/v2\/posts\/402\/revisions\/3072"}],"wp:attachment":[{"href":"https:\/\/www.wedobd.com\/index.php?rest_route=%2Fwp%2Fv2%2Fmedia&parent=402"}],"wp:term":[{"taxonomy":"category","embeddable":true,"href":"https:\/\/www.wedobd.com\/index.php?rest_route=%2Fwp%2Fv2%2Fcategories&post=402"},{"taxonomy":"post_tag","embeddable":true,"href":"https:\/\/www.wedobd.com\/index.php?rest_route=%2Fwp%2Fv2%2Ftags&post=402"}],"curies":[{"name":"wp","href":"https:\/\/api.w.org\/{rel}","templated":true}]}}