{"id":405,"date":"2011-09-07T19:03:44","date_gmt":"2011-09-07T17:03:44","guid":{"rendered":"https:\/\/www.wedobd.com\/?p=405"},"modified":"2025-09-29T14:35:54","modified_gmt":"2025-09-29T12:35:54","slug":"superbe-teaser-video-pour-le-tome-5-de-maliki","status":"publish","type":"post","link":"https:\/\/www.wedobd.com\/?p=405","title":{"rendered":"Superbe teaser vid\u00e9o pour le tome 5 de Maliki"},"content":{"rendered":"<p style=\"text-align: center;\"><a href=\"http:\/\/yannicklejeune.blogs.com\/.a\/6a00d8341c501b53ef014e8b5b3713970d-popup\" onclick=\"window.open( this.href, &#39;_blank&#39;, &#39;width=640,height=480,scrollbars=no,resizable=no,toolbar=no,directories=no,location=no,menubar=no,status=no,left=0,top=0&#39; ); return false\" style=\"display: inline;\"><img decoding=\"async\" alt=\"110907_tome5\" class=\"asset  asset-image at-xid-6a00d8341c501b53ef014e8b5b3713970d\" src=\"https:\/\/www.wedobd.com\/wp-content\/uploads\/2011\/09\/6a00d8341c501b53ef014e8b5b3713970d-550wi.jpg\" style=\"width: 520px;\" title=\"110907_tome5\" \/><\/a><\/p>\n<p style=\"text-align: center;\">&#0160;<\/p>\n<p style=\"text-align: justify;\">Le 8 septembre sortira <a href=\"http:\/\/www.maliki.com\/strip.php?strip=313\" target=\"_blank\">le tome 5<\/a> des aventures de Maliki, <a href=\"http:\/\/www.festival-blogs-bd.com\/2009\/09\/interview-2009-maliki.html\" target=\"_blank\">maraine de l&#39;\u00e9dition 2009<\/a> du Festiblog. Pour l&#39;occasion, elle nous r\u00e9gale d&#39;une magnifique vid\u00e9o faite maison qui m\u00e9rite le coup d&#39;oeil (si vous ne l&#39;avez pas d\u00e9j\u00e0 vue !)<\/p>\n<p style=\"text-align: justify;\">&#0160;<\/p>\n<p style=\"text-align: center;\"><object height=\"344\" width=\"425\"><param name=\"movie\" value=\"http:\/\/www.youtube.com\/v\/pMisER_L36A?version=3\" \/><param name=\"allowFullScreen\" value=\"true\" \/><param name=\"allowscriptaccess\" value=\"always\" \/><\/object> &#0160;<\/p>\n<p style=\"text-align: center;\">&#0160;<\/p>\n<p style=\"text-align: justify;\">Maliki ne sera pas des n\u00f4tres cette ann\u00e9e, mais vous pourrez vous procurer le tome 5 de ses aventures aux stands des libraires partenaires du festival avec toutes les autres BDs des invit\u00e9s (marraine un jour, marraine toujours).<\/p>\n","protected":false},"excerpt":{"rendered":"<p>Le 8 septembre sortira le tome 5 des aventures de Maliki, maraine de l&#8217;\u00e9dition 2009 du Festiblog.<\/p>\n","protected":false},"author":3,"featured_media":0,"comment_status":"open","ping_status":"closed","sticky":false,"template":"","format":"standard","meta":{"footnotes":""},"categories":[2,44],"tags":[375],"class_list":["post-405","post","type-post","status-publish","format-standard","hentry","category-04-actualite-blogs-et-bd","category-05-albums-de-blogueurs","tag-a-6a00d8341c501b53ef01bb086d334f970d-pi"],"_links":{"self":[{"href":"https:\/\/www.wedobd.com\/index.php?rest_route=\/wp\/v2\/posts\/405","targetHints":{"allow":["GET"]}}],"collection":[{"href":"https:\/\/www.wedobd.com\/index.php?rest_route=\/wp\/v2\/posts"}],"about":[{"href":"https:\/\/www.wedobd.com\/index.php?rest_route=\/wp\/v2\/types\/post"}],"author":[{"embeddable":true,"href":"https:\/\/www.wedobd.com\/index.php?rest_route=\/wp\/v2\/users\/3"}],"replies":[{"embeddable":true,"href":"https:\/\/www.wedobd.com\/index.php?rest_route=%2Fwp%2Fv2%2Fcomments&post=405"}],"version-history":[{"count":1,"href":"https:\/\/www.wedobd.com\/index.php?rest_route=\/wp\/v2\/posts\/405\/revisions"}],"predecessor-version":[{"id":3097,"href":"https:\/\/www.wedobd.com\/index.php?rest_route=\/wp\/v2\/posts\/405\/revisions\/3097"}],"wp:attachment":[{"href":"https:\/\/www.wedobd.com\/index.php?rest_route=%2Fwp%2Fv2%2Fmedia&parent=405"}],"wp:term":[{"taxonomy":"category","embeddable":true,"href":"https:\/\/www.wedobd.com\/index.php?rest_route=%2Fwp%2Fv2%2Fcategories&post=405"},{"taxonomy":"post_tag","embeddable":true,"href":"https:\/\/www.wedobd.com\/index.php?rest_route=%2Fwp%2Fv2%2Ftags&post=405"}],"curies":[{"name":"wp","href":"https:\/\/api.w.org\/{rel}","templated":true}]}}