{"id":408,"date":"2011-09-05T08:30:00","date_gmt":"2011-09-05T06:30:00","guid":{"rendered":"https:\/\/www.wedobd.com\/?p=408"},"modified":"2025-09-29T14:36:12","modified_gmt":"2025-09-29T12:36:12","slug":"nils-glot-2","status":"publish","type":"post","link":"https:\/\/www.wedobd.com\/?p=408","title":{"rendered":"Invit\u00e9 #51 : Nils Gl\u00f6t"},"content":{"rendered":"<p><strong>C&#39;est un viking parisien que nous accueillons cette ann\u00e9e pour la premi\u00e8re fois. <a href=\"http:\/\/chroniquesuedoises.illustrateur.org\/\" target=\"_blank\">Nils Gl\u00f6t<\/a> viendra nous parler de tout un tas de choses, mais toujours dans un &quot;cadre strictement su\u00e9dois&quot;.<\/strong><\/p>\n<p><a href=\"http:\/\/yannicklejeune.blogs.com\/.a\/6a00d8341c501b53ef0153913c54d6970b-popup\" onclick=\"window.open( this.href, &#39;_blank&#39;, &#39;width=640,height=480,scrollbars=no,resizable=no,toolbar=no,directories=no,location=no,menubar=no,status=no,left=0,top=0&#39; ); return false\" style=\"display: inline;\"><img decoding=\"async\" alt=\"Venue au festiblog Suedois 1\" class=\"asset  asset-image at-xid-6a00d8341c501b53ef0153913c54d6970b\" src=\"https:\/\/www.wedobd.com\/wp-content\/uploads\/2011\/09\/6a00d8341c501b53ef0153913c54d6970b-500wi.jpg\" style=\"display: block; margin-left: auto; margin-right: auto;\" title=\"Venue au festiblog Suedois 1\" \/><\/a> <br \/><strong>Qui es-tu ?<\/strong><\/p>\n<p>Je m&#39;appelle Thomas, j&#39;ai 26 ans, je vis \u00e0 Paris. Quand je m&#39;ennuie, je mets un casque \u00e0 cornes et je raconte des b\u00eatises sur la Su\u00e8de.<\/p>\n<p>&#0160;<\/p>\n<p><strong>Comment as-tu commenc\u00e9 \u00e0 dessiner ?<\/strong><\/p>\n<p>Je dessinais enfant. J&#39;ai l&#39;impression que tous les enfants dessinent et qu&#39;en grandissant, la plupart se mettent en t\u00eate que ce qu&#39;ils font est moche et abandonnent. J&#39;ai recommenc\u00e9 \u00e0 dessiner vers 13, 14 ans, en d\u00e9couvrant avec Geluck, Semp\u00e9 ou Serre que le dessin pouvait \u00eatre au service d&#39;une id\u00e9e ou d&#39;une histoire.<\/p>\n<p>&#0160;<\/p>\n<p><strong>As-tu suivi une formation ?<\/strong><\/p>\n<p>J&#39;en ai suivi tout un tas, mais jamais en rapport avec le dessin, c&#39;est dommage, \u00e7a me ferait gagner du temps.<\/p>\n<p>&#0160;<\/p>\n<p><strong>Peux-tu pr\u00e9senter ton blog ou ton webcomics ?<\/strong><\/p>\n<p><a href=\"http:\/\/chroniquesuedoises.illustrateur.org\/\" target=\"_blank\">Les chroniques su\u00e9doises<\/a> parlent de d\u00e9veloppement durable, d&#39;\u00e9galit\u00e9 hommes-femmes, de s\u00e9curit\u00e9 sociale, bref de tout ce qui nous fait r\u00eaver dans le &quot;mod\u00e8le su\u00e9dois&quot;. Parfois, pour \u00e9clairer tel ou tel aspect d&#39;une question particuli\u00e8rement pointue, je suis amen\u00e9 \u00e0 \u00e9voquer croque-monsieur, tortues des galapagos et gerbilles, mais toujours dans un cadre strictement su\u00e9dois, c&#39;est tr\u00e8s important.<\/p>\n<p><a href=\"http:\/\/yannicklejeune.blogs.com\/.a\/6a00d8341c501b53ef0154350fc364970c-popup\" onclick=\"window.open( this.href, &#39;_blank&#39;, &#39;width=640,height=480,scrollbars=no,resizable=no,toolbar=no,directories=no,location=no,menubar=no,status=no,left=0,top=0&#39; ); return false\" style=\"display: inline;\"><img decoding=\"async\" alt=\"Suedois 3\" class=\"asset  asset-image at-xid-6a00d8341c501b53ef0154350fc364970c\" src=\"https:\/\/www.wedobd.com\/wp-content\/uploads\/2011\/09\/6a00d8341c501b53ef0154350fc364970c-500wi.jpg\" style=\"display: block; margin-left: auto; margin-right: auto;\" title=\"Suedois 3\" \/><\/a> <br \/><strong>Pourquoi as-tu commenc\u00e9 \u00e0 bloguer ou \u00e0 publier tes BD en ligne ?<\/strong><\/p>\n<p>Pour en finir avec la procrastination. Dessiner une BD sans savoir si elle pourra trouver des lecteurs un jour, c&#39;est la meilleure fa\u00e7on de ne pas la dessiner. Je sais de quoi je parle : j&#39;en ai d\u00e9j\u00e0 pas dessin\u00e9es 3 et je suis en train de ne pas dessiner ma 4\u00e8me. Avec le blog, c&#39;est plus simple.<\/p>\n<p>&#0160;<\/p>\n<p><strong>Quel public voulais-tu rencontrer ?<\/strong><\/p>\n<p>Ma maman.<\/p>\n<p>&#0160;<\/p>\n<p><strong>Et finalement qui sont tes lecteurs ?<\/strong><\/p>\n<p>Selon Google analytics, mon public est constitu\u00e9 de &quot;visiteurs uniques absolus&quot;. Ils habitent un peu partout dans le monde, notamment \u00e0 Paris, Lyon et Toulouse.<\/p>\n<p>&#0160;<\/p>\n<p><strong>Combien de temps passes-tu en moyenne sur tes notes ?<\/strong><\/p>\n<p>Je dessine le vendredi. Je dois passer 3h sur la mise en place, le dessin et l&#39;encrage de chaque chronique, 1h \u00e0 me battre avec mon scanner et encore 2h de nettoyage sur Photoshop. Je suis assez lent.<\/p>\n<p><a href=\"http:\/\/yannicklejeune.blogs.com\/.a\/6a00d8341c501b53ef0153913c5e9c970b-popup\" onclick=\"window.open( this.href, &#39;_blank&#39;, &#39;width=640,height=480,scrollbars=no,resizable=no,toolbar=no,directories=no,location=no,menubar=no,status=no,left=0,top=0&#39; ); return false\" style=\"display: inline;\"><img decoding=\"async\" alt=\"Suedois 4\" class=\"asset  asset-image at-xid-6a00d8341c501b53ef0153913c5e9c970b\" src=\"https:\/\/www.wedobd.com\/wp-content\/uploads\/2011\/09\/6a00d8341c501b53ef0153913c5e9c970b-500wi.jpg\" style=\"display: block; margin-left: auto; margin-right: auto;\" title=\"Suedois 4\" \/><\/a> <br \/><strong>Est-ce que ce sont des dessins sp\u00e9cialement faits pour le blog ?<\/strong><\/p>\n<p>Oui, dans le sens o\u00f9 le rythme de narration et la mise en page sont pens\u00e9s pour le d\u00e9filement \u00e0 l&#39;\u00e9cran. Non, dans le sens o\u00f9 en remoulinant tout \u00e7a, \u00e7a pourrait tr\u00e8s bien exister sur du papier.<\/p>\n<p>&#0160;<\/p>\n<p><strong>Avec quoi dessines-tu (crayons, pinceau, palette&#8230;) ?<\/strong><\/p>\n<p>Un crayon, une plume, du papier, de l&#39;encre et du gris de payne. Rien de tr\u00e8s fou. Mon scanner dig\u00e8re mal l&#39;aquarelle, alors j&#39;en mets pas souvent.<\/p>\n<p>&#0160;<\/p>\n<p><strong>Quelles sont tes influences graphiques ?<\/strong><\/p>\n<p>Surtout des dessinateurs humoristiques ou des illustrateurs. Semp\u00e9, \u00e9videmment, Reiser, Bosc, Quentin Blake et puis tout plein de gens du New-Yorker, Charles Addams, Sa\u00fcl Steinberg, Roz Chast, Leo Cullum&#8230; La plupart sont autodidactes, \u00e7a doit me rassurer.<\/p>\n<p>&#0160;<\/p>\n<p><strong>Combien de temps passes-tu sur les blogs des autres (par jour ? par mois ?) ?<\/strong><\/p>\n<p>Assez peu, je butine \u00e0 droite \u00e0 gauche, \u00e7a doit pas d\u00e9passer une heure par semaine.<\/p>\n<p>&#0160;<\/p>\n<p><strong>Quels sont ceux dont tu es fan ?<\/strong><\/p>\n<p>On vient de me faire d\u00e9couvrir <a href=\"http:\/\/grandsmoments.blogspot.com\/\" target=\"_blank\">le blog de J\u00e9r\u00f4me Anfr\u00e9<\/a>, j&#39;aime beaucoup.<\/p>\n<p><a href=\"http:\/\/yannicklejeune.blogs.com\/.a\/6a00d8341c501b53ef014e8b3007e2970d-popup\" onclick=\"window.open( this.href, &#39;_blank&#39;, &#39;width=640,height=480,scrollbars=no,resizable=no,toolbar=no,directories=no,location=no,menubar=no,status=no,left=0,top=0&#39; ); return false\" style=\"display: inline;\"><img decoding=\"async\" alt=\"Suedois 2\" class=\"asset  asset-image at-xid-6a00d8341c501b53ef014e8b3007e2970d\" src=\"https:\/\/www.wedobd.com\/wp-content\/uploads\/2011\/09\/6a00d8341c501b53ef014e8b3007e2970d-500wi.jpg\" style=\"display: block; margin-left: auto; margin-right: auto;\" title=\"Suedois 2\" \/><\/a> <br \/><strong>As-tu fait des rencontres gr\u00e2ce aux blogs ?<\/strong><\/p>\n<p>Pas de rencontre en chair et en os, mais des \u00e9changes avec d&#39;autres dessinateurs, le quotidien <a href=\"http:\/\/le-petit-monde-d-anna.over-blog.com\/\" target=\"_blank\">d&#39;Anna \u00e0 la R\u00e9union<\/a> ou encore <a href=\"http:\/\/janinebd.blogspot.com\/\" target=\"_blank\">le blog de Janine<\/a> sur la philosophie et les Moomins.<\/p>\n<p>&#0160;<\/p>\n<p><strong>Es-tu sensible aux commentaires ?<\/strong><\/p>\n<p>Oui oui, bien s\u00fbr. C&#39;est comme les cartes postales, j&#39;en \u00e9cris peu mais je suis toujours tr\u00e8s content d&#39;en avoir.<\/p>\n<p>&#0160;<\/p>\n<p><strong>De mani\u00e8re g\u00e9n\u00e9rale, que penses-tu que la BD num\u00e9rique (\u00e0 lire sur le web, sur iPhone, sur PSP&#8230;) ?<\/strong><\/p>\n<p>J&#39;y connais pas grand chose mais \u00e7a me fait penser \u00e0 la 3D au cin\u00e9ma, \u00e7a marche s&#39;il y a une vraie r\u00e9flexion fond\/forme. Chaque support suppose des narrations diff\u00e9rentes (image par image, scrolling, etc.), des mises en couleurs adapt\u00e9es (autant le rendu couleur d&#39;un ipad est formidable et \u00e0 peu pr\u00e8s norm\u00e9, autant celui des \u00e9crans d&#39;ordinateur est tr\u00e8s variable d&#39;un poste \u00e0 l&#39;autre), \u00e7a ouvre un tas de possibilit\u00e9s de cr\u00e9ation.<\/p>\n<p>&#0160;<\/p>\n<p><strong>O\u00f9 peut-on voir ton travail en dehors de ton site ?<\/strong><\/p>\n<p>Pour l&#39;instant, chez moi (comme c&#39;est pas grand, je suis ouvert \u00e0 toutes les propositions).<\/p>\n<p>&#0160;<\/p>\n<p><strong>As-tu des albums  ? Peux-tu nous les pr\u00e9senter ?<\/strong><\/p>\n<p>J&#39;ai publi\u00e9 4 livres moi-m\u00eame, avec mon imprimante et tout. Ca prend des semaines et on peut en faire qu&#39;un exemplaire alors c&#39;est chouette pour des cadeaux d&#39;anniversaire, mais je ne suis pas convaincu de la viabilit\u00e9 \u00e9conomique de la chose.<\/p>\n<p>&#0160;<\/p>\n<p><strong>Qu&#39;attends-tu de ta venue au Festiblog ? Un mot pour ceux qui vont venir te voir ?<\/strong><\/p>\n<p>Je suis plut\u00f4t du genre \u00e0 dessiner dans une cave ferm\u00e9e \u00e0 double tour, le c\u00f4t\u00e9 public, c&#39;est une grande premi\u00e8re. On verra bien.<\/p>\n<p>&#0160;<\/p>\n<p><strong>Cette ann\u00e9e, Guillaume Long, est parrain du Festiblog avec son blog culinaire. Peux-tu nous parler de ton plat pr\u00e9f\u00e9r\u00e9 et nous donner une bonne adresse o\u00f9 aller manger dans ton coin ?<\/strong><\/p>\n<p>S&#39;il fallait n&#39;en retenir qu&#39;un, ce serait le jambon \u00e0 l&#39;os, avec du pain, du beurre sal\u00e9 et des cornichons. Si possible, avec du vin rouge, apr\u00e8s s&#39;\u00eatre pris une bonne averse sur la tronche. Un resto tr\u00e8s sympa : le bistro des oies, 2 rue Marie et Louise, pr\u00e8s de l&#39;H\u00f4pital Saint-Louis. Seul probl\u00e8me : ils ferment le week-end.<\/p>\n<p>&#0160;<\/p>\n<p><strong>Un dernier mot ?<\/strong><\/p>\n<p>Un immense merci pour cette invitation.<\/p>\n<p>&#0160;<\/p>\n","protected":false},"excerpt":{"rendered":"<p>C&#8217;est un viking parisien que nous accueillons cette ann\u00e9e pour la premi\u00e8re fois. Nils Gl\u00f6t viendra nous parler de tout un tas de choses, mais toujours dans un &#8220;cadre strictement su\u00e9dois&#8221;.<\/p>\n","protected":false},"author":2,"featured_media":0,"comment_status":"open","ping_status":"open","sticky":false,"template":"","format":"standard","meta":{"footnotes":""},"categories":[26,47],"tags":[243],"class_list":["post-408","post","type-post","status-publish","format-standard","hentry","category-02-le-festival-de-2005-a-2013","category-03-interviews-de-blogueurs-bd","tag-nils-glot"],"_links":{"self":[{"href":"https:\/\/www.wedobd.com\/index.php?rest_route=\/wp\/v2\/posts\/408","targetHints":{"allow":["GET"]}}],"collection":[{"href":"https:\/\/www.wedobd.com\/index.php?rest_route=\/wp\/v2\/posts"}],"about":[{"href":"https:\/\/www.wedobd.com\/index.php?rest_route=\/wp\/v2\/types\/post"}],"author":[{"embeddable":true,"href":"https:\/\/www.wedobd.com\/index.php?rest_route=\/wp\/v2\/users\/2"}],"replies":[{"embeddable":true,"href":"https:\/\/www.wedobd.com\/index.php?rest_route=%2Fwp%2Fv2%2Fcomments&post=408"}],"version-history":[{"count":1,"href":"https:\/\/www.wedobd.com\/index.php?rest_route=\/wp\/v2\/posts\/408\/revisions"}],"predecessor-version":[{"id":3112,"href":"https:\/\/www.wedobd.com\/index.php?rest_route=\/wp\/v2\/posts\/408\/revisions\/3112"}],"wp:attachment":[{"href":"https:\/\/www.wedobd.com\/index.php?rest_route=%2Fwp%2Fv2%2Fmedia&parent=408"}],"wp:term":[{"taxonomy":"category","embeddable":true,"href":"https:\/\/www.wedobd.com\/index.php?rest_route=%2Fwp%2Fv2%2Fcategories&post=408"},{"taxonomy":"post_tag","embeddable":true,"href":"https:\/\/www.wedobd.com\/index.php?rest_route=%2Fwp%2Fv2%2Ftags&post=408"}],"curies":[{"name":"wp","href":"https:\/\/api.w.org\/{rel}","templated":true}]}}