{"id":417,"date":"2011-08-29T08:00:00","date_gmt":"2011-08-29T06:00:00","guid":{"rendered":"https:\/\/www.wedobd.com\/?p=417"},"modified":"2025-09-29T14:36:47","modified_gmt":"2025-09-29T12:36:47","slug":"lenaic","status":"publish","type":"post","link":"https:\/\/www.wedobd.com\/?p=417","title":{"rendered":"Invit\u00e9 #44 : L\u00e9na\u00efc"},"content":{"rendered":"<p><strong>Ce n&#39;est pas parce qu&#39;on est breton et barbu qu&#39;on ne peut pas \u00eatre invit\u00e9 au Festiblog. D&#39;ailleurs, <a href=\"http:\/\/www.lenaicvilain.com\/\" target=\"_blank\" title=\"Est-ce ainsi que les hommes vivent?\">L\u00e9na\u00efc<\/a> sera l\u00e0.<\/strong><\/p>\n<p style=\"text-align: center;\"><a href=\"http:\/\/yannicklejeune.blogs.com\/.a\/6a00d8341c501b53ef015434cfc389970c-popup\" onclick=\"window.open( this.href, &#39;_blank&#39;, &#39;width=640,height=480,scrollbars=no,resizable=no,toolbar=no,directories=no,location=no,menubar=no,status=no,left=0,top=0&#39; ); return false\" style=\"display: inline;\"><img decoding=\"async\" alt=\"Lenaic1\" class=\"asset  asset-image at-xid-6a00d8341c501b53ef015434cfc389970c\" src=\"https:\/\/www.wedobd.com\/wp-content\/uploads\/2011\/08\/6a00d8341c501b53ef015434cfc389970c-500wi.jpg\" style=\"width: 480px;\" title=\"Lenaic1\" \/><\/a><\/p>\n<p><strong>Qui es-tu ?<\/strong><\/p>\n<p>Je m&#39;appelle L\u00e9na\u00efc et c\u2019est aussi mon pseudo d\u2019auteur, ce qui se r\u00e9v\u00e8le assez pratique dans la vie de tous les jours. Je suis auteur BD \u00e0 mi-temps et le reste du temps, je me consacre \u00e0 ma passion qui consiste \u00e0 faire la s\u00e9curit\u00e9 \u00e0 la Tour Eiffel\u2026 \u00e0 moins que \u00e7a ne soit le contraire.<\/p>\n<p>&#0160;<\/p>\n<p><strong>Comment as-tu commenc\u00e9 \u00e0 dessiner ?<\/strong><\/p>\n<p>Comme beaucoup de monde, je dessine depuis que j\u2019ai l\u2019\u00e2ge de tenir un crayon dans les mains mais si mes souvenirs sont bons je fais des petites bandes dessin\u00e9es comiques depuis que j\u2019ai dix ans (et l\u00e0 j\u2019en ai vingt-six, histoire de vous donner un indicateur). Cette pathologie est tr\u00e8s certainement due \u00e0 une trop grande consommation de BD dans ma prime jeunesse. J&#39;ai bien commenc\u00e9 par \u00e9crire, mais je me suis tr\u00e8s vite senti beaucoup plus \u00e0 l&#39;aise en m\u00ealant dessins et textes, avec lesquel, comme disais \u00e0 peu pr\u00e8s Harvey Pekar, on peut tout faire.<\/p>\n<p style=\"text-align: center;\"><a href=\"http:\/\/yannicklejeune.blogs.com\/.a\/6a00d8341c501b53ef015390fc2d3b970b-popup\" onclick=\"window.open( this.href, &#39;_blank&#39;, &#39;width=640,height=480,scrollbars=no,resizable=no,toolbar=no,directories=no,location=no,menubar=no,status=no,left=0,top=0&#39; ); return false\" style=\"display: inline;\"><img decoding=\"async\" alt=\"Lenaic2\" class=\"asset  asset-image at-xid-6a00d8341c501b53ef015390fc2d3b970b\" src=\"https:\/\/www.wedobd.com\/wp-content\/uploads\/2011\/08\/6a00d8341c501b53ef015390fc2d3b970b-500wi.jpg\" style=\"width: 480px;\" title=\"Lenaic2\" \/><\/a> <\/p>\n<p><strong>As-tu suivi une formation ?<\/strong><\/p>\n<p>Aucune formation qui touche de pr\u00e8s ou de loin au graphisme. Simplement des \u00e9tudes d&#39;Arts plastiques mais franchement je suis bien plac\u00e9 pour dire que je ne vois pas le rapport.<\/p>\n<p>&#0160;<\/p>\n<p><strong>Peux-tu pr\u00e9senter ton blog ou ton webcomics ?<\/strong><\/p>\n<p>Le nom de mon blog \u00ab Est-ce ainsi que les hommes vivent? \u00bb est le titre d\u2019un tr\u00e8s beau po\u00e8me d\u2019Aragon, je trouve qu\u2019il illustre bien l\u2019orientation de mes gags. Mon travail consiste \u00e0 mettre en avant (toujours dans la rigolade) la stupidit\u00e9 et l\u2019absurdit\u00e9 de certains hommes ou de certaines situations sociales. Cela dit, je ne me prends pas pour un objecteur de conscience, cette mati\u00e8re que j\u2019utilise est avant tout destin\u00e9e \u00e0 faire rire les gens, pas \u00e0 d\u00e9noncer quoi que ce soit.<\/p>\n<p>&#0160;<\/p>\n<p><strong>Pourquoi as-tu commenc\u00e9 \u00e0 bloguer ou \u00e0 publier tes BD en ligne ?<\/strong><\/p>\n<p>Au d\u00e9but j\u2019ai choisi le blog quelque peu contraint par mon \u00e9poque. Il me semble que c\u2019est devenu presque incontournable aujourd\u2019hui pour un auteur d\u00e9butant de disposer d\u2019une vitrine sur internet. Maintenant je trouve beaucoup d\u2019int\u00e9r\u00eat au blog dans la libert\u00e9 de publication qu\u2019il offre. Et puis c\u2019est une bonne mani\u00e8re de tester des choses aupr\u00e8s de ses lecteurs.<\/p>\n<p style=\"text-align: center;\"><a href=\"http:\/\/yannicklejeune.blogs.com\/.a\/6a00d8341c501b53ef015434cfcc1d970c-popup\" onclick=\"window.open( this.href, &#39;_blank&#39;, &#39;width=640,height=480,scrollbars=no,resizable=no,toolbar=no,directories=no,location=no,menubar=no,status=no,left=0,top=0&#39; ); return false\" style=\"display: inline;\"><img decoding=\"async\" alt=\"Lenaic3\" class=\"asset  asset-image at-xid-6a00d8341c501b53ef015434cfcc1d970c\" src=\"https:\/\/www.wedobd.com\/wp-content\/uploads\/2011\/08\/6a00d8341c501b53ef015434cfcc1d970c-500wi.jpg\" style=\"width: 480px;\" title=\"Lenaic3\" \/><\/a> <\/p>\n<p><strong>Quel public voulais-tu rencontrer ?<\/strong><\/p>\n<p>Assez bassement, un public d&#39;\u00e9diteurs (c&#39;est idiot, je sais)&#8230;<\/p>\n<p>&#0160;<\/p>\n<p><strong>Et finalement qui sont tes lecteurs ?<\/strong><\/p>\n<p>Principalement des \u00e9diteurs, h\u00e9 h\u00e9. Non, la plupart de mes lecteurs sont eux-m\u00eame blogueurs et c&#39;est tr\u00e8s bien parce que \u00e7a permet d&#39;\u00e9changer et de faire pas mal de rencontres enrichissantes.<\/p>\n<p>&#0160;<\/p>\n<p><strong>Combien de temps passes-tu en moyenne sur tes notes ?<\/strong><\/p>\n<p>Pour mes posts je travaille de la m\u00eame mani\u00e8re que pour tous les autres supports (c&#39;est \u00e0 dire environs une journ\u00e9e pour une planche). Sauf parfois quand je fais des petites illustrations de promo ou autres qui sont faites tr\u00e8s rapidement. Mais \u00e0 l&#39;avenir j&#39;aimerais bien travailler sur un rythme un peu plus sp\u00e9cifique au blog, donc un peu plus spontan\u00e9.<\/p>\n<p style=\"text-align: center;\"><a href=\"http:\/\/yannicklejeune.blogs.com\/.a\/6a00d8341c501b53ef015390fc2e70970b-popup\" onclick=\"window.open( this.href, &#39;_blank&#39;, &#39;width=640,height=480,scrollbars=no,resizable=no,toolbar=no,directories=no,location=no,menubar=no,status=no,left=0,top=0&#39; ); return false\" style=\"display: inline;\"><img decoding=\"async\" alt=\"Lenaic4\" class=\"asset  asset-image at-xid-6a00d8341c501b53ef015390fc2e70970b\" src=\"https:\/\/www.wedobd.com\/wp-content\/uploads\/2011\/08\/6a00d8341c501b53ef015390fc2e70970b-500wi.jpg\" style=\"width: 480px;\" title=\"Lenaic4\" \/><\/a> <\/p>\n<p><strong>Est-ce que ce sont des dessins sp\u00e9cialement faits pour le blog ?<\/strong><\/p>\n<p>La plupart des planches que je mets sur le blog sont des histoires d\u00e9j\u00e0 parues sur 30 jours de BD ou dans le Psikopat. mais il m&#39;arrive quand m\u00eame de temps en temps de faire des notes in\u00e9dites ou bien des sortes de &quot;making of&quot; de mon boulot. Mais comme je l&#39;ai dit pr\u00e9c\u00e9demment, dans un futur proche j&#39;envisage s\u00e9rieusement de d\u00e9velopper quelque chose de sp\u00e9cifique \u00e0 mon blog.<\/p>\n<p>&#0160;<\/p>\n<p><strong>Avec quoi dessines-tu (crayons, pinceau, palette&#8230;) ?<\/strong><\/p>\n<p>Je travaille essentiellement de fa\u00e7on manuelle avec des crayons, une plume et de l\u2019encre de Chine. Je ne rajoute que quelques touches de couleurs sur Photoshop \u00e0 l\u2019aide d\u2019une tr\u00e8s antique mais toujours fringante tablette Wacom.<\/p>\n<p><a href=\"http:\/\/yannicklejeune.blogs.com\/.a\/6a00d8341c501b53ef014e8aefc266970d-popup\" onclick=\"window.open( this.href, &#39;_blank&#39;, &#39;width=640,height=480,scrollbars=no,resizable=no,toolbar=no,directories=no,location=no,menubar=no,status=no,left=0,top=0&#39; ); return false\" style=\"float: left;\"><img decoding=\"async\" alt=\"ILLU2\" class=\"asset  asset-image at-xid-6a00d8341c501b53ef014e8aefc266970d\" src=\"https:\/\/www.wedobd.com\/wp-content\/uploads\/2011\/08\/6a00d8341c501b53ef014e8aefc266970d-320wi.jpg\" style=\"margin: 0px 5px 5px 0px;\" title=\"ILLU2\" \/><\/a><\/p>\n<p><strong>Quelles sont tes influences graphiques ?<\/strong><\/p>\n<p>J&#39;aurais un peu de mal \u00e0 dire quels auteurs ou artistes m&#39;influencent, tant il doit y en avoir&#8230; Au hasard, pour n&#39;en citer que quelques-uns : Reiser, Winshluss, Franquin, Crumb, Fred, Binet, Blain, Guy Delisle, ou encore Joe Matt&#8230; Du c\u00f4t\u00e9 des plasticiens Balthus et Odilon Redon m&#39;ont beaucoup apport\u00e9, m\u00eame si \u00e7a n&#39;est pas flagrant. Je suis aussi pas mal influenc\u00e9 par l&#39;esprit des comics underground am\u00e9ricains des annn\u00e9es 70-80. \u00c7a a donn\u00e9 lieu \u00e0 une production ind\u00e9pendante tr\u00e8s fra\u00eeche, tr\u00e8s riche et tr\u00e8s spontan\u00e9e.<\/p>\n<p>&#0160;<\/p>\n<p>&#0160;<\/p>\n<p><strong>Combien de temps passes-tu sur les blogs des autres (par jour ? par mois ?) ?<\/strong><\/p>\n<p>Presque tous les matins, je fais un petit tour sur les blogs mis \u00e0 jour parmi ceux qui sont en lien sur mon site (je suis tr\u00e8s content de mon petit floril\u00e8ge).<\/p>\n<p>&#0160;<\/p>\n<p><strong>Quels sont ceux dont tu es fan ?<\/strong><\/p>\n<p><a href=\"http:\/\/www.bouletcorp.com\/blog\/\" target=\"_blank\" title=\"Boulet Corp.\">Boulet<\/a>, bien s\u00fbr, inutile de pr\u00e9ciser pourquoi. <a href=\"http:\/\/www.guydelisle.com\/blog\/\" target=\"_blank\" title=\"Comme ci, comme \u00e7a\">Comme ci, comme \u00e7a<\/a> : Le blog de l\u2019auteur qu\u00e9b\u00e9cois Guy Delisle. Je suis un grand admirateur de son travail, donc forc\u00e9ment de son blog dans lequel il poste l\u2019\u00e9volution de ses cr\u00e9ations, des dessins in\u00e9dits et des r\u00e9cits de voyages. <a href=\"http:\/\/louisbertranddevaud.over-blog.com\/\" target=\"_blank\" title=\"Le blog de Louis Bertrand Devaud\">Louis Bertrand Devaud<\/a> : Un humour compl\u00e8tement d\u00e9jant\u00e9 et un graphisme que j\u2019appr\u00e9cie vraiment beaucoup. <a href=\"http:\/\/30joursdebd.com\/\" target=\"_blank\" title=\"30 jours de bd\">30 jours de BD<\/a> : On ne peut qu&#39;aimer vu qu&#39;on ne peut pas d\u00e9tester tous le monde, et vue la pl\u00e9iade d&#39;auteurs talentueux qui y participent (je sais de quoi je parle, j&#39;en suis). <a href=\"http:\/\/bastienvives.blogspot.com\/\" target=\"_blank\" title=\"Comme quoi\">Comme quoi<\/a> : Le blog de Bastien Vives, plein d&#39;humour et de virtuosit\u00e9 graphique. <a href=\"http:\/\/www.leburp.com\/\" target=\"_blank\" title=\"Le Burp\">Le Burp<\/a> : Une dr\u00f4le de grosse b\u00eate orange qui me fait bien rire.<\/p>\n<p><a href=\"http:\/\/yannicklejeune.blogs.com\/.a\/6a00d8341c501b53ef015434cfcfe6970c-popup\" onclick=\"window.open( this.href, &#39;_blank&#39;, &#39;width=640,height=480,scrollbars=no,resizable=no,toolbar=no,directories=no,location=no,menubar=no,status=no,left=0,top=0&#39; ); return false\" style=\"display: inline;\"><img decoding=\"async\" alt=\"ILLU1\" class=\"asset  asset-image at-xid-6a00d8341c501b53ef015434cfcfe6970c\" src=\"https:\/\/www.wedobd.com\/wp-content\/uploads\/2011\/08\/6a00d8341c501b53ef015434cfcfe6970c-500wi.jpg\" style=\"width: 480px; display: block; margin-left: auto; margin-right: auto;\" title=\"ILLU1\" \/><\/a> <\/p>\n<p><strong>As-tu fait des rencontres gr\u00e2ce aux blogs ?<\/strong><\/p>\n<p>J&#39;ai rencontr\u00e9 \u00e9norm\u00e9ment d&#39;auteurs talentueux gr\u00e2ce aux blogs. La plupart de ces rencontres sont virtuelles, mais certaines se sont mat\u00e9rialis\u00e9es \u00e0 l&#39;occasion de festivals ou de soir\u00e9es de lancement. C&#39;est toujours amusant de voir la t\u00eate de gens que l&#39;on suit depuis tr\u00e8s longtemps sur le web.<\/p>\n<p>&#0160;<\/p>\n<p><strong>Es-tu sensible aux commentaires ?<\/strong><\/p>\n<p>Oui tr\u00e8s. On ne s&#39;en rend pas forc\u00e9ment compte, mais c&#39;est tr\u00e8s encourageant pour un auteur d&#39;avoir autre chose que des &quot;j&#39;aime&quot; sur Facebook. C&#39;est toujours un grand plaisir de voir que quelqu&#39;un a pris la peine de mettre un petit mot gentil, une critique ou autre, \u00e7a montre qu&#39;on est pas tout seul et que oui, quelqu&#39;un sur cette plan\u00e8te a de l&#39;int\u00e9r\u00eat pour votre travail. Gr\u00e2ce au syst\u00e8me de liens, les commentaire sont aussi une fa\u00e7on de d\u00e9couvrir de nouveaux blogs et d&#39;\u00e9changer p\u00e9riodiquement avec leurs auteurs.<\/p>\n<p>&#0160;<\/p>\n<p><strong>De mani\u00e8re g\u00e9n\u00e9rale, que penses-tu que la BD num\u00e9rique (\u00e0 lire sur le web, sur iPhone, sur PSP&#8230;) ?<\/strong><\/p>\n<p>La BD sur le web c&#39;est tr\u00e8s bien. Certains diront que c&#39;est un vaste champ de bataille et que tout le monde peut publier n&#39;importe quoi. C&#39;est vrai mais je pense que le lecteur est assez intelligent et qu&#39;il peut faire son propre tri, c&#39;est m\u00eame un privil\u00e8ge. Il s&#39;agit un peu du m\u00eame d\u00e9bat que celui de l&#39;info du web VS l&#39;info &quot;officielle&quot;. On peut tr\u00e8s bien faire cohabiter les deux entit\u00e9s. Gr\u00e2ce \u00e0 internet il n&#39;y a plus d&#39;interm\u00e9diaire, c&#39;est \u00e0 nous de choisir et c&#39;est une tr\u00e8s chouette libert\u00e9. Concernant les outils de lecture, je dirais que pour la BD destin\u00e9e \u00e0 ces supports, les tablettes et autres appareils num\u00e9riques sont une superbe avanc\u00e9e technologique qui permet de lire des BD partout gratuitement ou pas cher. En revanche, quand la bande dessin\u00e9e poss\u00e8de de r\u00e9elles qualit\u00e9s graphiques ou plastiques c&#39;est quand m\u00eame un gros &quot;plus&quot; de pouvoir la lire imprim\u00e9e sur du beau papier. Disons que ces nouveaux appareils appellent un nouveau type de BD mais que le papier a encore de beaux jours devant lui.<\/p>\n<p style=\"text-align: center;\"><a href=\"http:\/\/yannicklejeune.blogs.com\/.a\/6a00d8341c501b53ef015434cfd1fa970c-popup\" onclick=\"window.open( this.href, &#39;_blank&#39;, &#39;width=640,height=480,scrollbars=no,resizable=no,toolbar=no,directories=no,location=no,menubar=no,status=no,left=0,top=0&#39; ); return false\" style=\"display: inline;\"><img decoding=\"async\" alt=\"ILLU3\" class=\"asset  asset-image at-xid-6a00d8341c501b53ef015434cfd1fa970c\" src=\"https:\/\/www.wedobd.com\/wp-content\/uploads\/2011\/08\/6a00d8341c501b53ef015434cfd1fa970c-500wi.jpg\" style=\"width: 480px;\" title=\"ILLU3\" \/><\/a> <\/p>\n<p><strong>O\u00f9 peut-on voir ton travail en dehors de ton site ?<\/strong><\/p>\n<p>Dans le mensuel Psikopat, en vente dans tous les bons kiosque (et m\u00eame les mauvais je crois), sur le site 30 jours de BD (http:\/\/30joursdebd.com\/), dans le fanzine Rien \u00e0 voir, dirig\u00e9 d&#39;une main de ma\u00eetre par le talentueux dictateur Wayne et sur le blog &quot;Les Riches vous disent merde&quot;(http:\/\/lesrichesvousdisentmerde.over-blog.com\/) qui a un bel avenir devant lui en ces temps de crise&#8230; je crois que c&#39;est tout pour l&#39;instant.<\/p>\n<p>&#0160;<\/p>\n<p><strong>As-tu des albums  ? Peux-tu nous les pr\u00e9senter ?<\/strong><\/p>\n<p>En Octobre devrait para\u00eetre aux \u00e9ditions du Stylo Bulle mon premier album intitul\u00e9 sobrement &quot;Christophe Colomb&quot;. Album qui porte rudement bien son nom puisque qu&#39;il raconte sous formes de gags le p\u00e9riple de Christophe Colomb et de son \u00e9quipage du d\u00e9part de l&#39;exp\u00e9dition jusqu&#39;au retour en Espagne. Le tout est r\u00e9alis\u00e9 dans un style assez diff\u00e9rent de celui auquel sont habitu\u00e9s les lecteurs de mon blog. C&#39;est plus \u00e9pur\u00e9 et plus &quot;tous publics&quot;. Pour se rendre compte, le mieux est d&#39;aller faire un tour sur le Webcomic (http:\/\/christophe-colomb.webcomics.fr) qui en pr\u00e9sente une large partie.<\/p>\n<p>&#0160;<\/p>\n<p><strong>Qu&#39;attends-tu de ta venue au Festiblog ? Un mot pour ceux qui vont venir te voir ?<\/strong><\/p>\n<p>En tant que public, je m&#39;attends \u00e0 rencontrer plein d&#39;auteurs avec lesquels je n&#39;ai pas encore eu l&#39;occasion de discuter pour de vrai. En tant qu&#39;auteur, j&#39;esp\u00e8re pouvoir faire d\u00e9couvrir mon blog et plus g\u00e9n\u00e9ralement l&#39;ensemble de mon travail au quidam qui aura la bonne inspiration de venir se promener pr\u00e8s de mon stand. J&#39;esp\u00e8re aussi croiser deux ou trois personnes qui connaissent d\u00e9j\u00e0 mes petites BD, c&#39;est toujours flatteur.<\/p>\n<p style=\"text-align: center;\"><a href=\"http:\/\/yannicklejeune.blogs.com\/.a\/6a00d8341c501b53ef015390fc31ce970b-popup\" onclick=\"window.open( this.href, &#39;_blank&#39;, &#39;width=640,height=480,scrollbars=no,resizable=no,toolbar=no,directories=no,location=no,menubar=no,status=no,left=0,top=0&#39; ); return false\" style=\"display: inline;\"><img decoding=\"async\" alt=\"ILLU4\" class=\"asset  asset-image at-xid-6a00d8341c501b53ef015390fc31ce970b\" src=\"https:\/\/www.wedobd.com\/wp-content\/uploads\/2011\/08\/6a00d8341c501b53ef015390fc31ce970b-500wi.jpg\" style=\"width: 480px;\" title=\"ILLU4\" \/><\/a> <\/p>\n<p><strong>Cette ann\u00e9e, Guillaume Long, est parrain du Festiblog avec son blog culinaire. Peux-tu nous parler de ton plat pr\u00e9f\u00e9r\u00e9 et nous donner une bonne adresse o\u00f9 aller manger dans ton coin ?<\/strong><\/p>\n<p>\u00c0 d\u00e9faut de faire gastronome, \u00e7a fait exotique, mon plat pr\u00e9f\u00e9r\u00e9 c&#39;est le Goulasch accompagn\u00e9 de grosses pintes de bi\u00e8re. En gros, c&#39;est un boeuf bourguignon hardcore avec une bonne grosse sauce \u00e9paisse et des sortes de rondelles de mie de pain qui baignent dedans. J&#39;ai d\u00e9couvert ce plat \u00e0 l&#39;occasion d&#39;un voyage en R\u00e9publique Tch\u00e8que et j&#39;en suis instantan\u00e9ment tomb\u00e9 amoureux. Bon, c&#39;est meilleur en hiver. A c\u00f4t\u00e9 de chez moi, au 62 rue Caulaincourt, il y a une pizzeria qui s&#39;appelle la Piu Grande. C&#39;est un tout petit peu plus cher qu&#39;une pizzeria de quartier mais ils servent des pizzas d&#39;un telle finesse&#8230; c&#39;est vraiment d\u00e9licieux. En entr\u00e9e, je vous conseille la mozzarella burrata avec son coeur de cr\u00e8me, le bonheur.<\/p>\n<p>&#0160;<\/p>\n<p><strong>Un dernier mot ?<\/strong><\/p>\n<p>Goulasch<\/p>\n<p>&#0160;<\/p>\n","protected":false},"excerpt":{"rendered":"<p>Ce n&#8217;est pas parce qu&#8217;on est breton et barbu qu&#8217;on ne peut pas \u00eatre invit\u00e9 au Festiblog. D&#8217;ailleurs, L\u00e9na\u00efc sera l\u00e0.<\/p>\n","protected":false},"author":6,"featured_media":0,"comment_status":"open","ping_status":"open","sticky":false,"template":"","format":"standard","meta":{"footnotes":""},"categories":[26],"tags":[380],"class_list":["post-417","post","type-post","status-publish","format-standard","hentry","category-02-le-festival-de-2005-a-2013","tag-lenaic"],"_links":{"self":[{"href":"https:\/\/www.wedobd.com\/index.php?rest_route=\/wp\/v2\/posts\/417","targetHints":{"allow":["GET"]}}],"collection":[{"href":"https:\/\/www.wedobd.com\/index.php?rest_route=\/wp\/v2\/posts"}],"about":[{"href":"https:\/\/www.wedobd.com\/index.php?rest_route=\/wp\/v2\/types\/post"}],"author":[{"embeddable":true,"href":"https:\/\/www.wedobd.com\/index.php?rest_route=\/wp\/v2\/users\/6"}],"replies":[{"embeddable":true,"href":"https:\/\/www.wedobd.com\/index.php?rest_route=%2Fwp%2Fv2%2Fcomments&post=417"}],"version-history":[{"count":1,"href":"https:\/\/www.wedobd.com\/index.php?rest_route=\/wp\/v2\/posts\/417\/revisions"}],"predecessor-version":[{"id":3163,"href":"https:\/\/www.wedobd.com\/index.php?rest_route=\/wp\/v2\/posts\/417\/revisions\/3163"}],"wp:attachment":[{"href":"https:\/\/www.wedobd.com\/index.php?rest_route=%2Fwp%2Fv2%2Fmedia&parent=417"}],"wp:term":[{"taxonomy":"category","embeddable":true,"href":"https:\/\/www.wedobd.com\/index.php?rest_route=%2Fwp%2Fv2%2Fcategories&post=417"},{"taxonomy":"post_tag","embeddable":true,"href":"https:\/\/www.wedobd.com\/index.php?rest_route=%2Fwp%2Fv2%2Ftags&post=417"}],"curies":[{"name":"wp","href":"https:\/\/api.w.org\/{rel}","templated":true}]}}