{"id":421,"date":"2011-08-25T01:00:00","date_gmt":"2011-08-24T23:00:00","guid":{"rendered":"https:\/\/www.wedobd.com\/?p=421"},"modified":"2025-09-29T14:37:00","modified_gmt":"2025-09-29T12:37:00","slug":"benjamin-adam-2","status":"publish","type":"post","link":"https:\/\/www.wedobd.com\/?p=421","title":{"rendered":"Invit\u00e9 #40: Benjamin Adam"},"content":{"rendered":"<p><strong>Notre 40<sup>e<\/sup> invit\u00e9 fera sa premi\u00e8re apparition au Festiblog cette ann\u00e9e. Nous souhaitons la bienvenue \u00e0 <a href=\"http:\/\/2milligrammes.over-blog.com\/\" target=\"_blank\">Benjamin Adam<\/a>.<\/strong><\/p>\n<p style=\"text-align: center;\"><a style=\"display: inline;\" onclick=\"window.open( this.href, '_blank', 'width=640,height=480,scrollbars=no,resizable=no,toolbar=no,directories=no,location=no,menubar=no,status=no,left=0,top=0' ); return false\" href=\"http:\/\/yannicklejeune.blogs.com\/.a\/6a00d8341c501b53ef014e8ad9aa0e970d-popup\"><img decoding=\"async\" class=\"asset  asset-image at-xid-6a00d8341c501b53ef014e8ad9aa0e970d\" style=\"width: 520px;\" title=\"FESTI1-blanco\" src=\"https:\/\/www.wedobd.com\/wp-content\/uploads\/2011\/08\/6a00d8341c501b53ef014e8ad9aa0e970d-550wi-scaled.jpg\" alt=\"FESTI1-blanco\" \/><\/a> <\/p>\n<p><strong>Qui es-tu ?<\/strong><\/p>\n<p>Je suis un dessinateur de 28 ans, je viens de l&#8217;est et j&#8217;habite dans l&#8217;ouest.<\/p>\n<p>&nbsp;<\/p>\n<p><strong>Comment as-tu commenc\u00e9 \u00e0 dessiner ?<\/strong><\/p>\n<p>J&#8217;ai dessin\u00e9 tout petit, et ai toujours eu en t\u00eate que je dessinerais dans la vie. J&#8217;ai fait des \u00e9tudes d&#8217;arts appliqu\u00e9s pour faire du graphisme (parce que dessiner, \u00e7a n&#8217;est &#8220;pas un vrai m\u00e9tier&#8221;), et paradoxalement plus j&#8217;approchais de la fin de mes \u00e9tudes, moins je dessinais. Apr\u00e8s deux ans en agence de communication, je me suis rendu compte que je m&#8217;ennuyais, et que ce serait s\u00fbrement de pire en pire; j&#8217;ai appris l&#8217;existence des arts d\u00e9coratifs de Strasbourg et de leur section &#8220;illustration&#8221; \u00e0 ce moment-l\u00e0, et j&#8217;ai tout arr\u00eat\u00e9 pour pr\u00e9parer un dossier et y rentrer. J&#8217;ai eu la chance que \u00e7a marche, c&#8217;est une \u00e9cole o\u00f9 les candidats sont nombreux; et comme pour tout concours, il y avait un c\u00f4t\u00e9 &#8220;loterie&#8221; assez pr\u00e9sent.<\/p>\n<p>&nbsp;<\/p>\n<p><strong>As-tu suivi une formation ?<\/strong><\/p>\n<p>Les arts d\u00e9coratifs de Strabourg,donc; trois ann\u00e9es \u00e0 dessiner tout le temps, \u00e0 essayer des choses, en \u00e9tant entour\u00e9 de gens talentueux (donc stimulants) et formidables.<\/p>\n<p>&nbsp;<\/p>\n<p><a style=\"display: inline;\" onclick=\"window.open( this.href, '_blank', 'width=640,height=480,scrollbars=no,resizable=no,toolbar=no,directories=no,location=no,menubar=no,status=no,left=0,top=0' ); return false\" href=\"http:\/\/yannicklejeune.blogs.com\/.a\/6a00d8341c501b53ef015434b99c96970c-popup\"><img decoding=\"async\" class=\"asset  asset-image at-xid-6a00d8341c501b53ef015434b99c96970c\" style=\"width: 520px;\" title=\"FESTI2-43\" src=\"https:\/\/www.wedobd.com\/wp-content\/uploads\/2011\/08\/6a00d8341c501b53ef015434b99c96970c-550wi.gif\" alt=\"FESTI2-43\" \/><\/a> <\/p>\n<p>&nbsp;<\/p>\n<p><strong>Peux-tu pr\u00e9senter ton blog ou ton webcomics ?<\/strong><\/p>\n<p>A l&#8217;origine c&#8217;\u00e9tait un carnet d&#8217;arr\u00eat de la cigarette, d&#8217;o\u00f9 le nom, &#8220;deux milligrammes&#8221; (le dosage des chewing-gums sp\u00e9ciaux pour arr\u00eater de fumer). J&#8217;avais en t\u00eate de faire une page de carnet au moment(s) de la journ\u00e9e o\u00f9 j&#8217;avais envie de fumer. Ca a dur\u00e9 quelques mois comme \u00e7a, et le blog s&#8217;est peu \u00e0 peu transform\u00e9 en blog plus classique, sans th\u00e8me particulier, puis en une sorte de journal des travaux en cours.<\/p>\n<p>&nbsp;<\/p>\n<p><strong>Pourquoi as-tu commenc\u00e9 \u00e0 bloguer ou \u00e0 publier tes BD en ligne ?<\/strong><\/p>\n<p>Pr\u00e9cis\u00e9mment pour que ce soit vu; dans l&#8217;id\u00e9e que plus je faisais le malin \u00e0 dire que j&#8217;arr\u00eate de fumer, plus ce serait plus dur de reprendre sans me faire pourrir la vie par mon entourage. Apr\u00e8s, plus globalement, mettre des travaux en ligne, via un blog ou un site, a tr\u00e8s vite \u00e9t\u00e9 quelque chose de naturel; et avant d&#8217;\u00eatre publi\u00e9 ou de se publier soi-m\u00eame, repr\u00e9sentait une forme d&#8217;\u00e9tape finale du travail.<\/p>\n<p>&nbsp;<\/p>\n<p><strong>Quel public voulais-tu rencontrer ?<\/strong><\/p>\n<p>C&#8217;\u00e9tait d&#8217;abord pour les proches, les copains, avant tout. Apr\u00e8s, j&#8217;ai aussi un site qui a toujours eu une vocation plus &#8220;professionelle&#8221;, qui est plus directement un book en ligne. Mais &#8220;toucher un public&#8221; n&#8217;est pas une question qu&#8217;on se pose naturellement, je pense, c&#8217;est une notion un peu abstraite, \u00e0 moins de sortir d&#8217;une \u00e9cole de marketing.<\/p>\n<p>&nbsp;<\/p>\n<p style=\"text-align: center;\"><a style=\"display: inline;\" onclick=\"window.open( this.href, '_blank', 'width=640,height=480,scrollbars=no,resizable=no,toolbar=no,directories=no,location=no,menubar=no,status=no,left=0,top=0' ); return false\" href=\"http:\/\/yannicklejeune.blogs.com\/.a\/6a00d8341c501b53ef015390e605d9970b-popup\"><img decoding=\"async\" class=\"asset  asset-image at-xid-6a00d8341c501b53ef015390e605d9970b\" style=\"width: 520px;\" title=\"FESTI3 - tribunal_e 2\" src=\"https:\/\/www.wedobd.com\/wp-content\/uploads\/2011\/08\/6a00d8341c501b53ef015390e605d9970b-550wi.gif\" alt=\"FESTI3 - tribunal_e 2\" \/><\/a> <br \/><span style=\"color: #888888;\"><em><br \/>(cliquez pour aggrandir)<\/em><\/span><\/p>\n<p>&nbsp;<\/p>\n<p><strong>Et finalement qui sont tes lecteurs ?<\/strong><\/p>\n<p>Principalement des gens que je connais, copains &#8211; famille &#8211; dessinateurs. A vraiment aller sur ce blog, ils se comptent sur les doigts de cinq ou six mains, max.<\/p>\n<p>&nbsp;<\/p>\n<p><strong>Combien de temps passes-tu en moyenne sur tes notes ?<\/strong><\/p>\n<p>De moins en moins. Sauf exception, une dizaine de minutes pour pr\u00e9parer les images, organiser un peu les choses, trouver un titre.<\/p>\n<p>&nbsp;<\/p>\n<p><strong>Est-ce que ce sont des dessins sp\u00e9cialement faits pour le blog ?<\/strong><\/p>\n<p>De moins en moins ! Les derni\u00e8res fois o\u00f9 j&#8217;ai fait des choses expr\u00e8s, c&#8217;\u00e9tait pour pr\u00e9senter des livres faits par des copains. Je n&#8217;ai pas retrouv\u00e9 de sujet int\u00e9ressant, en r\u00e9alit\u00e9, pour continuer \u00e0 raconter sous cette forme un peu &#8220;journal&#8221; depuis cette histoire de cigarette. Les blogs remplis d&#8217;anecdotes du quotidien de presque-trentenaires-maladroits me fatiguent souvent, mais surtout ce n&#8217;est plus trop ce qui m&#8217;int\u00e9resse, ni dans le dessin ni dans la narration. Ceci dit, j&#8217;aimerais bien, un jour, remonter un projet de ce genre-l\u00e0, en l&#8217;\u00e9crivant de a \u00e0 z.<\/p>\n<p>&nbsp;<\/p>\n<p><strong>Avec quoi dessines-tu ?<\/strong><\/p>\n<p>Rotring, surtout. J&#8217;aimerais bien essayer un peu prochainement les petites plumes japonaises dont j&#8217;entends parler fr\u00e9quemment et qu&#8217;utilisent Glen (<a href=\"http:\/\/commelesgrands.over-blog.com\/\" target=\"_blank\">Chapron<\/a>), R\u00e9mi (<a href=\"http:\/\/www.lesbroufe.fr\/\" target=\"_blank\">Lesbroufe<\/a>) ou Rapha\u00ebl (<a href=\"http:\/\/raphaelb.canalblog.com\/\" target=\"_blank\">B<\/a>). J&#8217;aime bien les outils nets, qui obligent \u00e0 garder un trait constant. Pour l&#8217;instant.<\/p>\n<p>&nbsp;<\/p>\n<p><a style=\"display: inline;\" onclick=\"window.open( this.href, '_blank', 'width=640,height=480,scrollbars=no,resizable=no,toolbar=no,directories=no,location=no,menubar=no,status=no,left=0,top=0' ); return false\" href=\"http:\/\/yannicklejeune.blogs.com\/.a\/6a00d8341c501b53ef015390e60969970b-popup\"><img decoding=\"async\" class=\"asset  asset-image at-xid-6a00d8341c501b53ef015390e60969970b\" style=\"width: 520px;\" title=\"FESTI4 -mystere\" src=\"https:\/\/www.wedobd.com\/wp-content\/uploads\/2011\/08\/6a00d8341c501b53ef015390e60969970b-550wi.gif\" alt=\"FESTI4 -mystere\" \/><\/a> <\/p>\n<p>&nbsp;<\/p>\n<p><strong>Quelles sont tes influences graphiques ?<\/strong><\/p>\n<p>Elles sont nombreuses, elles vont des amis qui dessinent \u00e0 des auteurs en g\u00e9n\u00e9ral, des affichistes \u00e0 la photographie, je red\u00e9couvre en ce moment que des gens ont peint dans le pass\u00e9, et qu&#8217;ils \u00e9taient inventifs et int\u00e9ressants. Il y a un moment pour d\u00e9couvrir les choses. Mais pour ne pas donner l&#8217;impression d&#8217;\u00e9viter la question, mettons que je suis influenc\u00e9 et stimul\u00e9 \u00e0 la fois par Chris Ware, Saul Bass, Glen Chapron, Cassandre, Jon McNaught, Julia Wauters, Benjamin Chaumaz, Jean-Fran\u00e7ois Martin, Ian Patrick, Erwann Surcouf, Lo\u00efc S\u00e9cheresse et Charley Harper. Entre mille autres.<\/p>\n<p>&nbsp;<\/p>\n<p><strong>Combien de temps passes-tu sur les blogs des autres ?<\/strong><\/p>\n<p>Assez peu de temps, je fais des petits tours quand je m&#8217;ennuie, mais il me semble qu&#8217;il y a maintenant des moyens plus directs pour voir passer de belles choses (Flickr, facebook, spicy wings&#8230;) Et puis il y a tellement \u00e0 voir, tellement de gens int\u00e9ressants et surdou\u00e9s, parfois \u00e7a donne un peu le tournis.<\/p>\n<p>&nbsp;<\/p>\n<p><strong>Quels sont ceux dont tu es fan ?<\/strong><\/p>\n<p>Je suis admiratif du dessin de <a href=\"http:\/\/www.benjaminbachelier.com\/\" target=\"_blank\">Benjamin Bachelier<\/a>, je guette fr\u00e9quemment ce que font <a href=\"http:\/\/quentinduckit.com\/\" target=\"_blank\">Quentin Duckit<\/a>, <a href=\"http:\/\/antoinemarchalot.blogspot.com\/\" target=\"_blank\">Antoine Marchalot<\/a> et <a href=\"http:\/\/vincentpianina.blogspot.com\/\" target=\"_blank\">Vincent Pianina<\/a>, j&#8217;aimais beaucoup <a href=\"http:\/\/blog.wopah.com\/\" target=\"_blank\">le blog d&#8217;AK<\/a>, celui de <a href=\"http:\/\/lisamandel.net\/\" target=\"_blank\">Lisa Mandel<\/a> &#8211; et les copains, ceux d\u00e9j\u00e0 cit\u00e9s, et <a href=\"http:\/\/mathamore.over-blog.com\/\" target=\"_blank\">Mathieu Demore<\/a>, <a href=\"http:\/\/oisivete-mon-amie.over-blog.com\/\" target=\"_blank\">Vincent Sorel<\/a>, Elisa (<a href=\"http:\/\/mesjeudisamusants.fr\/\" target=\"_blank\">mesjeudisamusants<\/a>), <a href=\"http:\/\/nikol.canalblog.com\/\" target=\"_blank\">Nikol le ouf<\/a>&#8230;<\/p>\n<p>&nbsp;<\/p>\n<p><strong>As-tu fait des rencontres gr\u00e2ce aux blogs ?<\/strong><\/p>\n<p>Lesbroufe (Remi Gourrierec) et Rapha\u00ebl B(euchot), Terreur graphique, Antoine Kirsh, pour les blogs directement, euh&#8230;\u00e7a se confond un peu avec les festivals, les rencontres autour de fanzines&#8230;les dessinateurs aiment bien \u00eatre avec des dessinateurs, toutes les occasions sont bonnes. Apr\u00e8s, en \u00e9tant pass\u00e9 par une \u00e9cole, et en ayant, du coup, plein de copains qui font \u00e7a, on ressent peut \u00eatre un peu moins vivement le besoin de rencontrer des gens virtuellement pour parler de dessin.<\/p>\n<p style=\"text-align: center;\"><a style=\"display: inline;\" onclick=\"window.open( this.href, '_blank', 'width=640,height=480,scrollbars=no,resizable=no,toolbar=no,directories=no,location=no,menubar=no,status=no,left=0,top=0' ); return false\" href=\"http:\/\/yannicklejeune.blogs.com\/.a\/6a00d8341c501b53ef015434b9a8ad970c-popup\"><img decoding=\"async\" class=\"asset  asset-image at-xid-6a00d8341c501b53ef015434b9a8ad970c\" style=\"width: 520px;\" title=\"FESTI5 - carton\" src=\"https:\/\/www.wedobd.com\/wp-content\/uploads\/2011\/08\/6a00d8341c501b53ef015434b9a8ad970c-550wi.gif\" alt=\"FESTI5 - carton\" \/><\/a> <\/p>\n<p><strong>Es-tu sensible aux commentaires ?<\/strong><\/p>\n<p>Bah, oui, une journ\u00e9e toute grise, le premier pr\u00e9-adolescent qui me fait un compliment plein de fautes d&#8217;orthographe, \u00e7a fait plaisir sur le moment, bien s\u00fbr. Apr\u00e8s c&#8217;est comme dans la vie, quand \u00e7a vient en plus de quelqu&#8217;un qu&#8217;on aime bien, ou dont le travail vous touche, c&#8217;est double.<\/p>\n<p>&nbsp;<\/p>\n<p><strong>De mani\u00e8re g\u00e9n\u00e9rale, que penses-tu que la BD num\u00e9rique (\u00e0 lire sur le web, sur iPhone, sur PSP&#8230;) ?<\/strong><\/p>\n<p>&#8230;C&#8217;est bien, quoi dire d&#8217;autre? En ce qui me concerne, j&#8217;ai l&#8217;impression d&#8217;avoir trop envie de livre, de papier, de reliure, de librairies pour me sentir vraiment ultra concern\u00e9 par ces questions-l\u00e0 pour l&#8217;instant, mais ceux qui s&#8217;y penchent ont certainement bien raison. Apr\u00e8s, je ne suis pas super rassur\u00e9, pour les m\u00eames raisons. Un monde o\u00f9 tout, m\u00eame la lecture, se fait via des appareils sophistiqu\u00e9s, chers et fragiles qui ont besoin d&#8217;\u00e9lectricit\u00e9, \u00e7a ne me fait pas forc\u00e9ment r\u00eaver.<\/p>\n<p>&nbsp;<\/p>\n<p><strong>O\u00f9 peut-on voir ton travail en dehors de ton site ?<\/strong><\/p>\n<p>Pendant un temps dans Lapin, la revue de l&#8217;association; sinon en libraire dans un collectif \u00e9rotique appell\u00e9 &#8220;Carton&#8221; paru chez La Past\u00e8que; il y aussi s\u00fbrement encore des &#8220;12 rue des ablettes&#8221; (chez Warum) au fond de certaines libraires ou sous des \u00e9tag\u00e8res; dans le fanzine <a href=\"http:\/\/www.troglodyte.eu\/ecarquillettes\/\" target=\"_blank\">Ecarquillettes<\/a> (dix num\u00e9ros parus), et plus r\u00e9cemment avec &#8220;Ulysse&#8221;, un recueil chez Bayard de planches sur l&#8217;Odyss\u00e9e d&#8217;Hom\u00e8re faites avec Christine Palluy, initialement parues en presse jeunesse. Sans parler des choses directement jeunesse, puisqu&#8217;il n&#8217;y a plus rien de tr\u00e8s neuf maintenant&#8230;<\/p>\n<p>&nbsp;<\/p>\n<p><strong>As-tu des albums  ? Peux-tu nous les pr\u00e9senter ?<\/strong><\/p>\n<p>Outre ceux d\u00e9j\u00e0 cit\u00e9s, &#8220;2 milligrammes&#8221;, le fameux carnet d&#8217;arr\u00eat de la cigarette, et &#8220;Les Myst\u00e8res&#8221;, petit projet exp\u00e9rimentalo-blague, qu&#8217;on a \u00e9dit\u00e9s \u00e0 Strasbourg avec le Collectif Troglodyte (deux petits tirages \u00e9puis\u00e9s aujourd&#8217;hui). Et \u00e0 para\u00eetre, un gros livre avec La Past\u00e8que au printemps si tout va bien; et un second avec les planches issues de &#8220;Lapin&#8221;, mais \u00e7a, je ne saurais pas dire quand ni avec qui pour l&#8217;instant.<\/p>\n<p>&nbsp;<\/p>\n<p><strong>Qu&#8217;attends-tu de ta venue au Festiblog ? Un mot pour ceux qui vont venir te voir ?<\/strong><\/p>\n<p>Revoir des copains, voir si le festiblog existe en vrai, \u00e9ventuellement d\u00e9couvrir que des gens que je ne connais pas lisent mon blog (mais j&#8217;en doute)<\/p>\n<p>&nbsp;<\/p>\n<p><strong>Cette ann\u00e9e, Guillaume Long, est parrain du Festiblog avec son blog culinaire. Peux-tu nous parler de ton plat pr\u00e9f\u00e9r\u00e9 et nous donner une bonne adresse o\u00f9 aller manger dans ton coin ?<\/strong><\/p>\n<p>J&#8217;ai tent\u00e9 de faire des p\u00e2tes fra\u00eeches il y a peu, j&#8217;aime bien. Globalement j&#8217;aime bien les desserts, comme le cheesecake aux speculoos, ou des choses avec du caramel au beurre sal\u00e9. Je suis loin de l&#8217;expertise de Guillaume en la mati\u00e8re (sans en avoir eu la chance directement, j&#8217;ai des t\u00e9moins qui attestent que oui, il cuisine vraiment dans la vie, et comme un chef). Sinon \u00e0 Nantes il y a beaucoup de restaurants, ce serait difficile de n&#8217;en citer qu&#8217;un, mais &#8220;le bouchon&#8221; c&#8217;est beau et bien, la creperie &#8220;penn kalet&#8221; aussi, ou le restaurant italien &#8220;la pasta&#8221;, terrible.<\/p>\n<p>&nbsp;<\/p>\n","protected":false},"excerpt":{"rendered":"<p>Notre 40e invit\u00e9 fera sa premi\u00e8re apparition au Festiblog cette ann\u00e9e. Nous souhaitons la bienvenue \u00e0 Benjamin Adam.<\/p>\n","protected":false},"author":3,"featured_media":0,"comment_status":"open","ping_status":"open","sticky":false,"template":"","format":"standard","meta":{"footnotes":""},"categories":[26,47],"tags":[90],"class_list":["post-421","post","type-post","status-publish","format-standard","hentry","category-02-le-festival-de-2005-a-2013","category-03-interviews-de-blogueurs-bd","tag-benjamin-adam"],"_links":{"self":[{"href":"https:\/\/www.wedobd.com\/index.php?rest_route=\/wp\/v2\/posts\/421","targetHints":{"allow":["GET"]}}],"collection":[{"href":"https:\/\/www.wedobd.com\/index.php?rest_route=\/wp\/v2\/posts"}],"about":[{"href":"https:\/\/www.wedobd.com\/index.php?rest_route=\/wp\/v2\/types\/post"}],"author":[{"embeddable":true,"href":"https:\/\/www.wedobd.com\/index.php?rest_route=\/wp\/v2\/users\/3"}],"replies":[{"embeddable":true,"href":"https:\/\/www.wedobd.com\/index.php?rest_route=%2Fwp%2Fv2%2Fcomments&post=421"}],"version-history":[{"count":1,"href":"https:\/\/www.wedobd.com\/index.php?rest_route=\/wp\/v2\/posts\/421\/revisions"}],"predecessor-version":[{"id":3178,"href":"https:\/\/www.wedobd.com\/index.php?rest_route=\/wp\/v2\/posts\/421\/revisions\/3178"}],"wp:attachment":[{"href":"https:\/\/www.wedobd.com\/index.php?rest_route=%2Fwp%2Fv2%2Fmedia&parent=421"}],"wp:term":[{"taxonomy":"category","embeddable":true,"href":"https:\/\/www.wedobd.com\/index.php?rest_route=%2Fwp%2Fv2%2Fcategories&post=421"},{"taxonomy":"post_tag","embeddable":true,"href":"https:\/\/www.wedobd.com\/index.php?rest_route=%2Fwp%2Fv2%2Ftags&post=421"}],"curies":[{"name":"wp","href":"https:\/\/api.w.org\/{rel}","templated":true}]}}