{"id":427,"date":"2011-08-19T08:00:00","date_gmt":"2011-08-19T06:00:00","guid":{"rendered":"https:\/\/www.wedobd.com\/?p=427"},"modified":"2025-09-29T14:37:26","modified_gmt":"2025-09-29T12:37:26","slug":"mathieu-muizon","status":"publish","type":"post","link":"https:\/\/www.wedobd.com\/?p=427","title":{"rendered":"Invit\u00e9 #34 : Mathieu Muizon"},"content":{"rendered":"<p><strong>Pour lui, ce sera la premi\u00e8re fois. Alors soyez gentils en allant \u00e0 la rencontre de <a href=\"http:\/\/www.mathieudemuizon.com\/index.php?\/blog\/my-blog\/\" target=\"_blank\" title=\"Mathieu de Muizon\">Mathieu de Muizon<\/a>.<\/strong><\/p>\n<p style=\"text-align: center;\"><a href=\"http:\/\/yannicklejeune.blogs.com\/.a\/6a00d8341c501b53ef01543490daaa970c-popup\" onclick=\"window.open( this.href, &#39;_blank&#39;, &#39;width=640,height=480,scrollbars=no,resizable=no,toolbar=no,directories=no,location=no,menubar=no,status=no,left=0,top=0&#39; ); return false\" style=\"display: inline;\"><img decoding=\"async\" alt=\"Festiblog01\" class=\"asset  asset-image at-xid-6a00d8341c501b53ef01543490daaa970c\" src=\"https:\/\/www.wedobd.com\/wp-content\/uploads\/2011\/08\/6a00d8341c501b53ef01543490daaa970c-500wi.jpg\" style=\"width: 480px;\" title=\"Festiblog01\" \/><\/a><\/p>\n<p><strong>Qui es-tu ?<\/strong><\/p>\n<p>Mathieu de Muizon. Je suis illustrateur, \u00e7a fait \u00e0 peu pr\u00e8s un an maintenant que je me suis lanc\u00e9 dans le domaine. Une bio plus exhaustive est sur mon site mais je pr\u00e9f\u00e8rerai ne pas vous \u00e9puiser d\u00e8s la premi\u00e8re question&#8230;<\/p>\n<p>&#0160;<\/p>\n<p><strong>Comment as-tu commenc\u00e9 \u00e0 dessiner ?<\/strong><\/p>\n<p>J&#39;ai toujours dessin\u00e9, aujourd&#39;hui je le r\u00e9alise. Pendant l&#39;adolescence je m&#39;en \u00e9tais un peu \u00e9loign\u00e9 puis j&#39;y suis revenu petit \u00e0 petit, une fois cette difficile p\u00e9riode derri\u00e8re moi.<\/p>\n<p>&#0160;<\/p>\n<p><strong>As-tu suivi une formation ?<\/strong><\/p>\n<p>Oui j&#39;ai d&#39;abord fait une pr\u00e9pa artistique comme beaucoup puis j&#39;ai \u00e9tudi\u00e9 les Beaux Arts \u00e0 la Saint Martins \u00e0 Londres. In deed.<\/p>\n<p>&#0160;<\/p>\n<p><strong>Peux-tu pr\u00e9senter ton blog ou ton webcomics ?<\/strong><\/p>\n<p>Parce que je suis un type tr\u00e8s cr\u00e9atif j&#39;ai appel\u00e9 mon blog: le blog de mathieu de muizon. J&#39;essaye de poster avec une grande r\u00e9gularit\u00e9, autant que possible une fois par jour ! Je pense qu&#39;on y suit mes envies, mes coups de coeurs, des anecdotes etc \u00e7a reste assez \u00e9clectique.<\/p>\n<p>&#0160;<\/p>\n<p><strong>Pourquoi as-tu commenc\u00e9 \u00e0 bloguer ou \u00e0 publier tes BD en ligne ?<\/strong><\/p>\n<p>Comme beaucoup je pense le blog est un moyen de lancer son travail dans le vide au d\u00e9but et puis petit \u00e0 petit on a des retours. Il s&#39;agit d&#39;\u00e9largir son lectorat de ne pas se contenter de l&#39;avis de maman. Et puis avoir un blog c&#39;est \u00e9changer, dialoguer avec d&#39;autres bloggeurs.<\/p>\n<p>&#0160;<\/p>\n<p><strong>Quel public voulais-tu rencontrer ?<\/strong><\/p>\n<p>Oh je ne me permettrai pas de ne vouloir plaire qu&#39;\u00e0 un tel et pas un autre. Je crois qu&#39;avant tout l&#39;envie premi\u00e8re est celle d&#39;avoir un public tout court.<\/p>\n<p>&#0160;<\/p>\n<p><strong>Et finalement qui sont tes lecteurs ?<\/strong><\/p>\n<p>Tristement je ne les connais pas&#8230;il m&#39;est donc bien difficile d&#39;en faire un portrait robot. D&#39;une mani\u00e8re g\u00e9n\u00e9rale il y a de tout vraiment, amis, famille, amis d&#39;amis, rencontres et beaucoup d&#39;inconnus !<\/p>\n<p>&#0160;<\/p>\n<p><strong>Combien de temps passes-tu en moyenne sur tes notes ?<\/strong><\/p>\n<p>24h de travail pour chaque post ! et puis un par jour ! C&#39;est tr\u00e8s prenant cette affaire !\u2026.<\/p>\n<p>&#0160;<\/p>\n<p><strong>Est-ce que ce sont des dessins sp\u00e9cialement faits pour le blog ?<\/strong><\/p>\n<p>Pas sp\u00e9cialement. J&#39;adore les anim en gif et j&#39;aimerai en faire plus mais \u00e7a prend tout de m\u00eame du temps alors bon\u2026<\/p>\n<p>&#0160;<\/p>\n<p><strong>Avec quoi dessines-tu (crayons, pinceau, palette&#8230;) ?<\/strong><\/p>\n<p>Avec ma t\u00eate et mes yeux avant tout, le mat\u00e9riel c&#39;est secondaire. Mais c&#39;est vrai que dans le monde du dessinateur c&#39;est tout un truc, on d\u00e9bat des plumes, de l&#39;encre, du grammage du papier, de rotrings qui se bouchent&#8230;pendant des heures ! Mais au fond tout cela nous rassure, ce sont nos coll\u00e8gues de travail d&#39;une fa\u00e7on tous ces outils, c&#39;est avec eux qu&#39;on partage notre bureau alors forc\u00e9ment on a mille histoires \u00e0 raconter \u00e0 leur sujet.<\/p>\n<p>&#0160;<\/p>\n<p><strong>Quelles sont tes influences graphiques ?<\/strong><\/p>\n<p>Vaste question. Comme \u00e7a dans le d\u00e9sordre Guy Delisle, Joann Sfar, Christophe Blain, Quentin Blake, Steinberg, Trondheim, Sapin, Jim Flora, Ronald Searle, Aude Picault, Riad Sattouf, William Steig, Dupuy Berberian, Blutch, Larcenet, Herg\u00e9 et beaucoup d&#39;autres.<\/p>\n<p>&#0160;<\/p>\n<p><strong>Combien de temps passes-tu sur les blogs des autres (par jour ? par mois ?) ?<\/strong><\/p>\n<p>Par jour une quinzaine de minutes je pense. Parfois je prend le temps de me promener plus de me perdre dans les d\u00e9dales de liens pour d\u00e9couvrir des perles mais bien souvent cela me donne le tournis !<\/p>\n<p>&#0160;<\/p>\n<p><strong>Quels sont ceux dont tu es fan ?<\/strong><\/p>\n<p>Ah ! Voil\u00e0 l&#39;heure de la r\u00e9clame ! (bibi va se faire un peu de sous ! ) Ayant rencontr\u00e9 et sympathis\u00e9 avec <a href=\"http:\/\/ahurie.blogspot.com\/\" target=\"_blank\" title=\"Le blog d&#39;Anne Montel\">Anne Montel<\/a>, je suis son travail de pr\u00e8s. De m\u00eame pour <a href=\"http:\/\/bapbd.blogspot.com\/\" target=\"_blank\" title=\"Ca me turlute...\">Baptiste Amsallem<\/a>.<\/p>\n<p>&#0160;<\/p>\n<p><strong>As-tu fait des rencontres gr\u00e2ce aux blogs ?<\/strong><\/p>\n<p>Comme je disais plus ou moins gr\u00e2ce au blog j&#39;ai rencontr\u00e9 Anne Montel au festival de Lausanne o\u00f9 nous \u00e9tions tous deux laur\u00e9ats en septembre dernier. Et puis Baptiste Amsallem aussi nous avons sympathis\u00e9 gr\u00e2ce aux blogs. Apr\u00e8s il y a des gens avec qui je correspond sans m\u00eame les avoir rencontr\u00e9s, Je ne sais pas si c&#39;est bien ou pas d&#39;ailleurs. Sinon j&#39;ai cr\u00e9e un projet artistique sur le web qui regroupe divers illustrateurs de talent \u00e7a s&#39;appelle &quot;la fabrique de r\u00eaves&quot;, n&#39;h\u00e9sitez pas \u00e0 aller y faire un tour !<\/p>\n<p>&#0160;<\/p>\n<p><strong>Es-tu sensible aux commentaires ?<\/strong><\/p>\n<p>Et bien puisque je n&#39;ai jamais eu d&#39;insultes ou de commentaires d\u00e9sobligeants je peux facilement dire que j&#39;aime beaucoup \u00e7a. C&#39;est motivant et agr\u00e9able quand un inconnu vous dit qu&#39;il appr\u00e9cie une image sur laquelle vous vous \u00eates battu ! Mais les gens sont assez frileux sur mon blog&#8230; je ne sais trop pourquoi.<\/p>\n<p>&#0160;<\/p>\n<p><strong>De mani\u00e8re g\u00e9n\u00e9rale, que penses-tu que la BD num\u00e9rique (\u00e0 lire sur le web, sur iPhone, sur PSP&#8230;) ?<\/strong><\/p>\n<p>Je pense qu&#39;il y a beaucoup \u00e0 faire. Mais c&#39;est difficile, le probl\u00e8me d&#39;associer son travail de fa\u00e7on \u00e9troite \u00e0 une technologie c&#39;est de de le voir devenir d\u00e9suet et kitsch quelques ann\u00e9es plus tard. Il me semble que le num\u00e9rique permet une distribution plus rapide et c&#39;est dans ce sens qu&#39;il faut l&#39;utiliser plus que cr\u00e9er des albums pour un support sp\u00e9cifique. Dans quelques ann\u00e9es l&#39;outil en question n&#39;existera plus et il faudra &quot;mettre \u00e0 jour&quot; son album pour pouvoir le lire\u2026La barbe ! &quot;Les autres gens&quot; de Thomas Cad\u00e8ne me semble prendre la bonne direction du num\u00e9rique et d&#39;autant plus qu&#39;il ne fait aucune concession et propose une esth\u00e9tique de grande qualit\u00e9.<\/p>\n<p>&#0160;<\/p>\n<p><strong>O\u00f9 peut-on voir ton travail en dehors de ton site ?<\/strong><\/p>\n<p>Cette ann\u00e9e j&#39;ai r\u00e9alis\u00e9 des travaux qui \u00e9taient pour des colloques, des mariages, bref pas mal de projets encore \u00e9loign\u00e9s de la grande distribution. Mais derni\u00e8rement j&#39;ai travaill\u00e9 au num\u00e9ro z\u00e9ro (ou test si vous pr\u00e9ferez d&#39;un magazine) j&#39;esp\u00e8re que l&#39;aventure va continuer !<\/p>\n<p>&#0160;<\/p>\n<p><strong>As-tu des albums  ? Peux-tu nous les pr\u00e9senter ?<\/strong><\/p>\n<p>Pas encore ! Mais beaucoup de projets en t\u00eate. Soyez patients !<\/p>\n<p>&#0160;<\/p>\n<p><strong>Qu&#39;attends-tu de ta venue au Festiblog ? Un mot pour ceux qui vont venir te voir ?<\/strong><\/p>\n<p>Avant tout c&#39;est rencontrer le public mais aussi rencontrer d&#39;autres illustrateurs. Qui sait peut \u00eatre des futurs collaborateurs. Pour ceux qui viennent me voir, je vous attend ! Je serai d&#39;excellente humeur promis !<\/p>\n<p>&#0160;<\/p>\n<p><strong>Cette ann\u00e9e, Guillaume Long, est parrain du Festiblog avec son blog culinaire. Peux-tu nous parler de ton plat pr\u00e9f\u00e9r\u00e9 et nous donner une bonne adresse o\u00f9 aller manger dans ton coin ?<\/strong><\/p>\n<p>Magret de canard au p\u00eache. Cela reste un de mes classique m\u00eame si j&#39;en change beaucoup. Pour moi la cuisine s&#39;improvise je d\u00e9teste suivre une recette, je la lis, la m\u00e9morise (tr\u00e8s mal!) et j&#39;essaye de refaire sans le livre, comme je peux mais je prend toujours soin de faire go\u00fbter un autre avant moi.<\/p>\n<p>&#0160;<\/p>\n<p><strong>Un dernier mot ?<\/strong><\/p>\n<p>euuuh&#8230; D\u00e9j\u00e0?&#8230;<\/p>\n<p style=\"text-align: center;\"><a href=\"http:\/\/yannicklejeune.blogs.com\/.a\/6a00d8341c501b53ef015390bd59a2970b-popup\" onclick=\"window.open( this.href, &#39;_blank&#39;, &#39;width=640,height=480,scrollbars=no,resizable=no,toolbar=no,directories=no,location=no,menubar=no,status=no,left=0,top=0&#39; ); return false\" style=\"display: inline;\"><img decoding=\"async\" alt=\"Festiblog02\" class=\"asset  asset-image at-xid-6a00d8341c501b53ef015390bd59a2970b\" src=\"https:\/\/www.wedobd.com\/wp-content\/uploads\/2011\/08\/6a00d8341c501b53ef015390bd59a2970b-500wi.jpg\" style=\"width: 480px;\" title=\"Festiblog02\" \/><\/a> <\/p>\n","protected":false},"excerpt":{"rendered":"<p>Pour lui, ce sera la premi\u00e8re fois. Alors soyez gentils en allant \u00e0 la rencontre de Mathieu de Muizon.<\/p>\n","protected":false},"author":6,"featured_media":0,"comment_status":"open","ping_status":"open","sticky":false,"template":"","format":"standard","meta":{"footnotes":""},"categories":[26],"tags":[385],"class_list":["post-427","post","type-post","status-publish","format-standard","hentry","category-02-le-festival-de-2005-a-2013","tag-mathieu-muizon"],"_links":{"self":[{"href":"https:\/\/www.wedobd.com\/index.php?rest_route=\/wp\/v2\/posts\/427","targetHints":{"allow":["GET"]}}],"collection":[{"href":"https:\/\/www.wedobd.com\/index.php?rest_route=\/wp\/v2\/posts"}],"about":[{"href":"https:\/\/www.wedobd.com\/index.php?rest_route=\/wp\/v2\/types\/post"}],"author":[{"embeddable":true,"href":"https:\/\/www.wedobd.com\/index.php?rest_route=\/wp\/v2\/users\/6"}],"replies":[{"embeddable":true,"href":"https:\/\/www.wedobd.com\/index.php?rest_route=%2Fwp%2Fv2%2Fcomments&post=427"}],"version-history":[{"count":1,"href":"https:\/\/www.wedobd.com\/index.php?rest_route=\/wp\/v2\/posts\/427\/revisions"}],"predecessor-version":[{"id":3216,"href":"https:\/\/www.wedobd.com\/index.php?rest_route=\/wp\/v2\/posts\/427\/revisions\/3216"}],"wp:attachment":[{"href":"https:\/\/www.wedobd.com\/index.php?rest_route=%2Fwp%2Fv2%2Fmedia&parent=427"}],"wp:term":[{"taxonomy":"category","embeddable":true,"href":"https:\/\/www.wedobd.com\/index.php?rest_route=%2Fwp%2Fv2%2Fcategories&post=427"},{"taxonomy":"post_tag","embeddable":true,"href":"https:\/\/www.wedobd.com\/index.php?rest_route=%2Fwp%2Fv2%2Ftags&post=427"}],"curies":[{"name":"wp","href":"https:\/\/api.w.org\/{rel}","templated":true}]}}