{"id":433,"date":"2011-08-13T08:00:00","date_gmt":"2011-08-13T06:00:00","guid":{"rendered":"https:\/\/www.wedobd.com\/?p=433"},"modified":"2025-09-29T14:37:37","modified_gmt":"2025-09-29T12:37:37","slug":"jean-paul-pognon","status":"publish","type":"post","link":"https:\/\/www.wedobd.com\/?p=433","title":{"rendered":"Invit\u00e9 #28 : Jean Paul Pognon"},"content":{"rendered":"<p><strong>Le festival sera encore tr\u00e8s anim\u00e9 cette ann\u00e9e, et on pourra compter sur <a href=\"http:\/\/jeanpaulpognon.canalblog.com\/\" target=\"_blank\" title=\"Le blog de Jean Paul Pognon\">Jean-Paul Pognon<\/a> pour ajouter son gif dans la balance.<\/strong><\/p>\n<p style=\"text-align: center;\"><a href=\"http:\/\/yannicklejeune.blogs.com\/.a\/6a00d8341c501b53ef01539074073d970b-popup\" onclick=\"window.open( this.href, &#39;_blank&#39;, &#39;width=640,height=480,scrollbars=no,resizable=no,toolbar=no,directories=no,location=no,menubar=no,status=no,left=0,top=0&#39; ); return false\" style=\"display: inline;\"><img decoding=\"async\" alt=\"Animationfestiblog1\" border=\"0\" class=\"asset  asset-image at-xid-6a00d8341c501b53ef01539074073d970b image-full\" src=\"https:\/\/www.wedobd.com\/wp-content\/uploads\/2011\/08\/6a00d8341c501b53ef01539074073d970b-800wi.gif\" title=\"Animationfestiblog1\" \/><\/a><\/p>\n<p><strong>Quoi de neuf dans ta carri\u00e8re et tes projets depuis ta derni\u00e8re participation ?<\/strong><\/p>\n<p>J&#39;ai introduit le GIF anim\u00e9 dans mon blog, non pas pour cr\u00e9er un renouveau narratif, non pas pour mettre en avant l&#39;immense sup\u00e9riorit\u00e9 du format num\u00e9rique par rapport au papier, non pas pour illustrer mon \u00e9crasante supr\u00e9matie technique et artistique vis \u00e0 vis du blog de Pierrot, non mais en fait \u00e7a bouge et \u00e7a c&#39;est mieux. Je me suis mis \u00e0 la couleur sur un projet parall\u00e8le qui est une sorte de cross over entre deux personnages de bd classiques et je termine une bd commenc\u00e9e l&#39;ann\u00e9e derni\u00e8re qui met en sc\u00e8ne les personnages de mon blog sur une histoire compl\u00e8te. J&#39;ai fait aussi des participations dans Anachronique et Rav Mag parce qu&#39;on me l&#39;avait demand\u00e9 gentiment. J&#39;ai aussi vomi au festival de Lyon, mais c&#39;est la faute au kekab maudit que Jib\u00e9 nous avait fait acheter avant de nous montrer son nouveau bureau (fumier de cr\u00e2neur).<\/p>\n<p>&#0160;<\/p>\n<p><strong>Cette ann\u00e9e, Guillaume Long, est parrain du Festiblog avec son blog culinaire. Peux-tu nous parler de ton plat pr\u00e9f\u00e9r\u00e9 et nous donner une bonne adresse o\u00f9 aller manger dans ton coin ?<\/strong><\/p>\n<p>J&#39;ai plein de plats pr\u00e9f\u00e9r\u00e9, je n&#39;en citerais que deux: le 280 de macdonald&#39;s et la rouelle aux \u00e9chalottes de ma femme, avec des \u00e9chalottes enti\u00e8res et pas \u00e9pluch\u00e9es. Guillaume Long est super sympa d&#39;avoir accept\u00e9 d&#39;illustrer la couverture de &quot;On dit de Lyon&quot; aux quenelles graphiques. Ca a \u00e9t\u00e9 incroyablement plus chouette que si on avait confi\u00e9 \u00e7a \u00e0 Pierrot par exemple! ha ha ha, non mais imaginez un peu, ha ha ha ha, rien que d&#39;y penser je&#8230; ha ha ha ha, j&#39;arrive m\u00eame plus \u00e0 continuer cette interview ha ha ha!<\/p>\n<p>&#0160;<\/p>\n<p><strong>Un mot pour ceux qui vont venir te voir ?<\/strong><\/p>\n<p>Me fa\u00eetes pas dessiner des trucs nuls, y a Pierrot pour \u00e7a.<\/p>\n<p>&#0160;<\/p>\n<p><strong>Quelque chose \u00e0 ajouter ?<\/strong><\/p>\n<p>ha ha ha, j&#39;imagine la couverture de &quot;On dit de Lyon&quot; par Pierrot, nan mais ha ha ha, il aurait fait un bob l&#39;\u00e9ponge de trois quart dans une poubelle de tri, avec un gros, un chinois et des enfants handicap\u00e9s pour vexer personne, ha ha ha!<\/p>\n<p style=\"text-align: center;\"><a href=\"http:\/\/yannicklejeune.blogs.com\/.a\/6a00d8341c501b53ef015434475002970c-popup\" onclick=\"window.open( this.href, &#39;_blank&#39;, &#39;width=640,height=480,scrollbars=no,resizable=no,toolbar=no,directories=no,location=no,menubar=no,status=no,left=0,top=0&#39; ); return false\" style=\"display: inline;\"><img decoding=\"async\" alt=\"Animationfestiblog2\" border=\"0\" class=\"asset  asset-image at-xid-6a00d8341c501b53ef015434475002970c image-full\" src=\"https:\/\/www.wedobd.com\/wp-content\/uploads\/2011\/08\/6a00d8341c501b53ef015434475002970c-800wi.gif\" title=\"Animationfestiblog2\" \/><\/a> <\/p>\n<p><\/p>\n","protected":false},"excerpt":{"rendered":"<p>Le festival sera encore tr\u00e8s anim\u00e9 cette ann\u00e9e, et on pourra compter sur Jean-Paul Pognon pour ajouter son gif dans la balance.<\/p>\n","protected":false},"author":6,"featured_media":0,"comment_status":"open","ping_status":"open","sticky":false,"template":"","format":"standard","meta":{"footnotes":""},"categories":[26],"tags":[387],"class_list":["post-433","post","type-post","status-publish","format-standard","hentry","category-02-le-festival-de-2005-a-2013","tag-jean-paul-pognon"],"_links":{"self":[{"href":"https:\/\/www.wedobd.com\/index.php?rest_route=\/wp\/v2\/posts\/433","targetHints":{"allow":["GET"]}}],"collection":[{"href":"https:\/\/www.wedobd.com\/index.php?rest_route=\/wp\/v2\/posts"}],"about":[{"href":"https:\/\/www.wedobd.com\/index.php?rest_route=\/wp\/v2\/types\/post"}],"author":[{"embeddable":true,"href":"https:\/\/www.wedobd.com\/index.php?rest_route=\/wp\/v2\/users\/6"}],"replies":[{"embeddable":true,"href":"https:\/\/www.wedobd.com\/index.php?rest_route=%2Fwp%2Fv2%2Fcomments&post=433"}],"version-history":[{"count":1,"href":"https:\/\/www.wedobd.com\/index.php?rest_route=\/wp\/v2\/posts\/433\/revisions"}],"predecessor-version":[{"id":3235,"href":"https:\/\/www.wedobd.com\/index.php?rest_route=\/wp\/v2\/posts\/433\/revisions\/3235"}],"wp:attachment":[{"href":"https:\/\/www.wedobd.com\/index.php?rest_route=%2Fwp%2Fv2%2Fmedia&parent=433"}],"wp:term":[{"taxonomy":"category","embeddable":true,"href":"https:\/\/www.wedobd.com\/index.php?rest_route=%2Fwp%2Fv2%2Fcategories&post=433"},{"taxonomy":"post_tag","embeddable":true,"href":"https:\/\/www.wedobd.com\/index.php?rest_route=%2Fwp%2Fv2%2Ftags&post=433"}],"curies":[{"name":"wp","href":"https:\/\/api.w.org\/{rel}","templated":true}]}}