{"id":442,"date":"2011-08-04T08:00:00","date_gmt":"2011-08-04T06:00:00","guid":{"rendered":"https:\/\/www.wedobd.com\/?p=442"},"modified":"2025-09-29T14:38:06","modified_gmt":"2025-09-29T12:38:06","slug":"gary-mael-2","status":"publish","type":"post","link":"https:\/\/www.wedobd.com\/?p=442","title":{"rendered":"Invit\u00e9 #19 : Gary Mael"},"content":{"rendered":"<p><strong>Aujourd&#39;hui, c&#39;est au tour d&#39;un nouveau venu dans la ronde des invit\u00e9s. Bienvenue \u00e0 <a href=\"http:\/\/garymael.illustrateur.org\/\" target=\"_blank\" title=\"Gare \u00e0 Gary !\">Gary Mael<\/a>.<\/strong><\/p>\n<p style=\"text-align: center;\"><a href=\"http:\/\/yannicklejeune.blogs.com\/.a\/6a00d8341c501b53ef015390562111970b-popup\" onclick=\"window.open( this.href, &#39;_blank&#39;, &#39;width=640,height=480,scrollbars=no,resizable=no,toolbar=no,directories=no,location=no,menubar=no,status=no,left=0,top=0&#39; ); return false\" style=\"display: inline;\"><img decoding=\"async\" alt=\"Illus1-gary\" class=\"asset  asset-image at-xid-6a00d8341c501b53ef015390562111970b\" src=\"https:\/\/www.wedobd.com\/wp-content\/uploads\/2011\/08\/6a00d8341c501b53ef015390562111970b-500wi.jpg\" style=\"width: 480px;\" title=\"Illus1-gary\" \/><\/a><\/p>\n<p><strong>Qui es-tu ?<\/strong><\/p>\n<p>Je suis Gary Ma\u00ebl, illustrateur et accessoirement graphiste, 27 ans.<\/p>\n<p>&#0160;<\/p>\n<p><strong>Comment as-tu commenc\u00e9 \u00e0 dessiner ?<\/strong><\/p>\n<p>Comme pour tout le monde le dessin a d&#39;abord \u00e9t\u00e9 un jeu d&#39;enfant assez agr\u00e9able (plus sympa que les dict\u00e9es ou les num\u00e9rations). Mais sinon \u00e7a fait environ un an et demi que je me suis dit que m\u00eame si c&#39;\u00e9tait vraiment pas s\u00e9rieux j&#39;allais devenir illustrateur.<\/p>\n<p>&#0160;<\/p>\n<p><strong>As-tu suivi une formation ?<\/strong><\/p>\n<p>J&#39;ai pass\u00e9 un BTS EVEC (non ce n&#39;est pas un religion) \u00e0 l&#39;\u00e9cole Boulle et une licence d&#39;Histoire de l&#39;Art \u00e0 Paris 1.<\/p>\n<p>&#0160;<\/p>\n<p><strong>Peux-tu pr\u00e9senter ton blog ou ton webcomics ?<\/strong><\/p>\n<p>Il s&#39;appelle &quot;Gare \u00e0 Gary !&quot; et dedans il y a des filles nues, des chatons, de la politique, les derni\u00e8res news des stars et des gifs anim\u00e9s&#8230; Bon, non, c&#39;\u00e9tait pour essayer de racoler du monde, mais en fait il y a plut\u00f4t : de la BD, de l&#39;illustration, des bouts de boulots pros en vrac, des croquis, etc. Et tout cela se transforme selon mon humeur, mes envies et mon \u00e9volution personnelle (y compris la fr\u00e9quence des notes).<\/p>\n<p>&#0160;<\/p>\n<p><strong>Pourquoi as-tu commenc\u00e9 \u00e0 bloguer ou \u00e0 publier tes BD en ligne ?<\/strong><\/p>\n<p>Pour me forcer \u00e0 dessiner plus et pour exister sur internet, dans la blogosph\u00e8re, qui est tout de m\u00eame un petit milieu qui commence \u00e0 avoir un certain poids. Et puis l&#39;ambiance est sympa. J&#39;aime bien.<\/p>\n<p>&#0160;<\/p>\n<p><strong>Quel public voulais-tu rencontrer ?<\/strong><\/p>\n<p>Au d\u00e9but je ne pensais pas pouvoir avoir une grande audience. Donc je me suis dit que je ferais marcher le bouche \u00e0 oreille des amis.<\/p>\n<p>&#0160;<\/p>\n<p><strong>Et finalement qui sont tes lecteurs ?<\/strong><\/p>\n<p>Aujourd&#39;hui je n&#39;ai toujours pas une grande audience, mais les quelques personnes qui me suivent ne sont pas que des amis d&#39;amis. Alors tant mieux parce que \u00e7a veut dire qu&#39;aussi petite soit-elle, j&#39;ai une visibilit\u00e9 sur internet, et mes dessins sont vus. Youpi !<\/p>\n<p>&#0160;<\/p>\n<p><strong>Combien de temps passes-tu en moyenne sur tes notes ?<\/strong><\/p>\n<p>\u00c7a varie entre 5 min et 3 ou 4 jours. En fait j&#39;ai un rythme tellement al\u00e9atoire qu&#39;il m&#39;est impossible de r\u00e9pondre \u00e0 cette question.<\/p>\n<p>&#0160;<\/p>\n<p><strong>Est-ce que ce sont des dessins sp\u00e9cialement faits pour le blog ?<\/strong><\/p>\n<p>Pas forc\u00e9ment. Des fois je montre mon travail en cours.<\/p>\n<p>&#0160;<\/p>\n<p><strong>Avec quoi dessines-tu (crayons, pinceau, palette&#8230;) ?<\/strong><\/p>\n<p>TOUT !<\/p>\n<p>&#0160;<\/p>\n<p><strong>Quelles sont tes influences graphiques ?<\/strong><\/p>\n<p>Ah la la. Question pi\u00e8ge. J&#39;en ai plein, comme tout le monde, et pas forc\u00e9ment dans la BD. Je suis assez cin\u00e9phile et je crois c&#39;est peut-\u00eatre des images de cin\u00e9ma qui m&#39;ont le plus nourri. Je n&#39;entrerai pas dans les d\u00e9tails sinon je m&#39;y perdrai.<\/p>\n<p>&#0160;<\/p>\n<p><strong>Combien de temps passes-tu sur les blogs des autres (par jour ? par mois ?) ?<\/strong><\/p>\n<p>J&#39;y passais beaucoup de temps l&#39;an dernier (trop), et maintenant je n&#39;en ai plus (de temps). Donc je me contente de lire mon \u00e9pisode quotidien de LAG, et si je vois qu&#39;un pote a post\u00e9, je vais voir ce qu&#39;il a fait. Difficile de quantifier.<\/p>\n<p>&#0160;<\/p>\n<p><strong>Quels sont ceux dont tu es fan ?<\/strong><\/p>\n<p>Bon, je crois que je vais \u00e9num\u00e9rer des noms dont on vous rab\u00e2che d\u00e9j\u00e0 les oreilles, donc avant de les citer je vais \u00e0 nouveau parler de LAG, autrement dit &quot;Les Autres Gens&quot;, qui est acctuellement LA seule s\u00e9rie que je suis; puis je me vois oblig\u00e9 de nommer les \u00e9ternels Boulet, Pochep, je vais aussi cirer les pompes de Guillaume Long avec son &quot;\u00c0 boire et \u00e0 manger&quot;, il y a Bastien Viv\u00e8s, bien s\u00fbr &quot;les petits riens&quot; de Trondheim, Manu xyz qui a repris une activit\u00e9 bloguesque bien sympathique ces derniers temps, Margaux Motin dessine vraiment bien, et puis je ne peux pas oublier &quot;Tu mourras moins b\u00eate&quot; de l&#39;hilarante Marion Montaigne. Je pr\u00e9cise que j&#39;aime tous ces blogs mais que je n&#39;y passe pas ma vie non plus. J&#39;y tra\u00eene de temps en temps, quand j&#39;y pense. Bon et j&#39;ai des potes bloggueurs aussi donc je peux citer Saki, Thibaut Rassat, Kim Consigny, Anne-Lise Nalin, le Schmoll, F\u00e9lix Laurent, Baptiste Amsallem, Chlo\u00e9 Nicolay, Cubi, Maud et Miranda, Lilla&#8230; Allez, j&#39;ai d\u00e9j\u00e0 trop \u00e9crit, l\u00e0.<\/p>\n<p style=\"text-align: center;\"><a href=\"http:\/\/yannicklejeune.blogs.com\/.a\/6a00d8341c501b53ef015434298af5970c-popup\" onclick=\"window.open( this.href, &#39;_blank&#39;, &#39;width=640,height=480,scrollbars=no,resizable=no,toolbar=no,directories=no,location=no,menubar=no,status=no,left=0,top=0&#39; ); return false\" style=\"display: inline;\"><img decoding=\"async\" alt=\"Illus2-gary\" class=\"asset  asset-image at-xid-6a00d8341c501b53ef015434298af5970c\" src=\"https:\/\/www.wedobd.com\/wp-content\/uploads\/2011\/08\/6a00d8341c501b53ef015434298af5970c-500wi.jpg\" style=\"width: 480px;\" title=\"Illus2-gary\" \/><\/a> <\/p>\n<p><strong>As-tu fait des rencontres gr\u00e2ce aux blogs ?<\/strong><\/p>\n<p>Oui ! Plein ! Des gens formidables. Et c&#39;est pas fini !<\/p>\n<p>&#0160;<\/p>\n<p><strong>Es-tu sensible aux commentaires ?<\/strong><\/p>\n<p>Oui (s&#39;il y en a qui r\u00e9pondent &quot;non&quot;, ils mentent).<\/p>\n<p>&#0160;<\/p>\n<p><strong>De mani\u00e8re g\u00e9n\u00e9rale, que penses-tu que la BD num\u00e9rique (\u00e0 lire sur le web, sur iPhone, sur PSP&#8230;) ?<\/strong><\/p>\n<p>J&#39;aime ! Je crois qu&#39;il est commun\u00e9ment admis aujourd&#39;hui qu&#39;un nouveau support\/format\/m\u00e9dium ne fait pas de l&#39;ombre \u00e0 l&#39;ancien, mais est vecteur de cr\u00e9ations, d&#39;id\u00e9es, de formes nouvelles. Je ne suis pas du tout dans la m\u00eame disposition d&#39;esprit quand je lis de la BD num\u00e9rique et que j&#39;ouvre mon bon vieux livre qui sent l&#39;encre, la poussi\u00e8re et le papier. Et je n&#39;ai jamais achet\u00e9 autant de BD que depuis que j&#39;en lis sur internet (mais bon, je suis un nourrisson de la BD. Je m&#39;y suis mis tr\u00e8s tard).<\/p>\n<p>&#0160;<\/p>\n<p><strong>O\u00f9 peut-on voir ton travail en dehors de ton site ?<\/strong><\/p>\n<p>Dans deux livres : la BD collective &quot;Vivre dessous&quot; chez Manolosanctis, et &quot;Vampirette et sortil\u00e8ges&quot; chez Rivi\u00e8re Blanche, \u00e0 para\u00eetre en Septembre (\u00e7a ne se voit pas dans l&#39;interview mais je suis TELLEMENT content de ces parutions ! Achetez-les si vous voulez non seulement me faire plaisir mais aussi ing\u00e9rer de la bonne nourriture pour l&#39;esprit et pour les yeux). J&#39;ai aussi fait une VDM, et peut-\u00eatre que d&#39;ici le Festiblog j&#39;aurai d&#39;autres choses \u00e0 montrer. Qui vivra verra.<\/p>\n<p>&#0160;<\/p>\n<p><strong>As-tu des albums  ? Peux-tu nous les pr\u00e9senter ?<\/strong><\/p>\n<p>Oui oui, comme dit plus haut, &quot;Vivre dessous&quot;, chez Manolo. Et il sera sacr\u00e9ment beau je crois, vu la cr\u00e8me de dessinateurs qu&#39;il rassemble. L&#39;autre livre n&#39;est pas un album, mais j&#39;aimerais bien que vous y jetiez un \u0153il aussi. Sa d\u00e9licieuse auteure -Barbara Sadoul- et moi nous sommes tr\u00e8s fiers de notre b\u00e9b\u00e9.<\/p>\n<p>&#0160;<\/p>\n<p><strong>Qu&#39;attends-tu de ta venue au Festiblog ? Un mot pour ceux qui vont venir te voir ?<\/strong><\/p>\n<p>Dessiner des chatons et des filles nues en bonne compagnie (je promets de m&#39;entra\u00eener). Non mais sans rire, j&#39;aimerais vraiment VRAIMENT d\u00e9dicacer &quot;Vivre dessous&quot; avec mes amis. Et faire plein de belles rencontres.<\/p>\n<p>&#0160;<\/p>\n<p><strong>Cette ann\u00e9e, Guillaume Long, est parrain du Festiblog avec son blog culinaire. Peux-tu nous parler de ton plat pr\u00e9f\u00e9r\u00e9 et nous donner une bonne adresse o\u00f9 aller manger dans ton coin ?<\/strong><\/p>\n<p>Ah la la, eh bien je reviens tout juste d&#39;Italie et vous n&#39;avez pas id\u00e9e \u00e0 quel point la cuisine est meilleure l\u00e0-bas qu&#39;\u00e0 Paris (et les aliments de base : huile d&#39;olive, jambon, fromage, fruits de mer, etc). Donc je dirais : allez manger en Italie, \u00e7a sera moins cher et meilleur. Je ne pense pas \u00e0 une adresse en particulier, c&#39;est un constat g\u00e9n\u00e9ral. \u00c0 Paris la seule solution pour manger correctement est d&#39;aller chez les Jap, dans le 2e arrondissement. J&#39;aime tout particuli\u00e8rement le Kunitoraya, rue Sainte Anne (les meilleures nouilles &quot;udon&quot; d&#39;Europe para\u00eet-il). Sinon j&#39;ai une tr\u00e8s bonne adresse \u00e0 Montreuil mais c&#39;est un secret, he he he&#8230;<\/p>\n<p>&#0160;<\/p>\n<p><strong>Un dernier mot ?<\/strong><\/p>\n<p>Mes a\u00efeux ! Il va falloir que j&#39;aille lire toutes les BD des bloggeurs connus que je n&#39;ai pas encore lues pour faire bonne figure. Mis\u00e8re ! Vite, une librairie !<\/p>\n<p>&#0160;<\/p>\n","protected":false},"excerpt":{"rendered":"<p>Aujourd&#8217;hui, c&#8217;est au tour d&#8217;un nouveau venu dans la ronde des invit\u00e9s. Bienvenue \u00e0 Gary Mael.<\/p>\n","protected":false},"author":6,"featured_media":0,"comment_status":"open","ping_status":"open","sticky":false,"template":"","format":"standard","meta":{"footnotes":""},"categories":[26],"tags":[122],"class_list":["post-442","post","type-post","status-publish","format-standard","hentry","category-02-le-festival-de-2005-a-2013","tag-gary-mael"],"_links":{"self":[{"href":"https:\/\/www.wedobd.com\/index.php?rest_route=\/wp\/v2\/posts\/442","targetHints":{"allow":["GET"]}}],"collection":[{"href":"https:\/\/www.wedobd.com\/index.php?rest_route=\/wp\/v2\/posts"}],"about":[{"href":"https:\/\/www.wedobd.com\/index.php?rest_route=\/wp\/v2\/types\/post"}],"author":[{"embeddable":true,"href":"https:\/\/www.wedobd.com\/index.php?rest_route=\/wp\/v2\/users\/6"}],"replies":[{"embeddable":true,"href":"https:\/\/www.wedobd.com\/index.php?rest_route=%2Fwp%2Fv2%2Fcomments&post=442"}],"version-history":[{"count":1,"href":"https:\/\/www.wedobd.com\/index.php?rest_route=\/wp\/v2\/posts\/442\/revisions"}],"predecessor-version":[{"id":3273,"href":"https:\/\/www.wedobd.com\/index.php?rest_route=\/wp\/v2\/posts\/442\/revisions\/3273"}],"wp:attachment":[{"href":"https:\/\/www.wedobd.com\/index.php?rest_route=%2Fwp%2Fv2%2Fmedia&parent=442"}],"wp:term":[{"taxonomy":"category","embeddable":true,"href":"https:\/\/www.wedobd.com\/index.php?rest_route=%2Fwp%2Fv2%2Fcategories&post=442"},{"taxonomy":"post_tag","embeddable":true,"href":"https:\/\/www.wedobd.com\/index.php?rest_route=%2Fwp%2Fv2%2Ftags&post=442"}],"curies":[{"name":"wp","href":"https:\/\/api.w.org\/{rel}","templated":true}]}}