{"id":447,"date":"2011-07-30T08:30:00","date_gmt":"2011-07-30T06:30:00","guid":{"rendered":"https:\/\/www.wedobd.com\/?p=447"},"modified":"2025-09-29T14:38:15","modified_gmt":"2025-09-29T12:38:15","slug":"carole-maurel","status":"publish","type":"post","link":"https:\/\/www.wedobd.com\/?p=447","title":{"rendered":"Invit\u00e9e #14 : Carole Maurel"},"content":{"rendered":"<p><strong>Notre 14<sup>e<\/sup> invit\u00e9e est une petite nouvelle au festival et elle arrive avec dans ses valises deux blogs, de l&#39;illustration et un projet collectif, bienvenue \u00e0 <a href=\"http:\/\/carolemaurel.blogspot.com\/\" target=\"_self\">Carole Maurel<\/a>.<\/strong><\/p>\n<p><a href=\"http:\/\/yannicklejeune.blogs.com\/.a\/6a00d8341c501b53ef014e8a2dbd5b970d-popup\" onclick=\"window.open( this.href, &#39;_blank&#39;, &#39;width=640,height=480,scrollbars=no,resizable=no,toolbar=no,directories=no,location=no,menubar=no,status=no,left=0,top=0&#39; ); return false\" style=\"display: inline;\"><img decoding=\"async\" alt=\"Carole-morel\" class=\"asset  asset-image at-xid-6a00d8341c501b53ef014e8a2dbd5b970d\" src=\"https:\/\/www.wedobd.com\/wp-content\/uploads\/2011\/07\/6a00d8341c501b53ef014e8a2dbd5b970d-500wi.jpg\" style=\"display: block; margin-left: auto; margin-right: auto;\" title=\"Carole-morel\" \/><\/a> <br \/><strong>Qui es-tu ?<\/strong><\/p>\n<p>Carole Maurel, depuis 2005, j&#39;ai travaill\u00e9 dans le domaine du cin\u00e9ma d&#39;animation comme technicienne, avant de me consacrer d&#39;un peu plus pr\u00e8s \u00e0 l&#39;\u00e9dition en tant qu&#39;illustratrice ,ainsi qu&#39;\u00e0 l&#39;audiovisuel (TV)comme graphiste ou r\u00e9alisatrice.<\/p>\n<p>&#0160;<\/p>\n<p><strong>Comment as-tu commenc\u00e9 \u00e0 dessiner ?<\/strong><\/p>\n<p>Je crois, comme \u00e0 peu pr\u00e8s tout le monde: tr\u00e8s t\u00f4t, et je n&#39;ai pas l\u00e2ch\u00e9 le crayon depuis.<\/p>\n<p>&#0160;<\/p>\n<p><strong>As-tu suivi une formation ?<\/strong><\/p>\n<p>Oui, un BTS communication visuelle, durant lequel j&#39;ai pu constater que le dessin me manquait beaucoup&#8230;Puis une formation r\u00e9alisateur-concepteur en cin\u00e9ma d&#39;animation de 3 ans \u00e0 Gobelins, l&#39;\u00e9cole de l&#39;image.<\/p>\n<p>&#0160;<\/p>\n<p><strong>Peux-tu pr\u00e9senter ton blog ou ton webcomics ?<\/strong><\/p>\n<p>Oui, il y en a deux; le <a href=\"http\/\/www.carolemaurel.com\" target=\"_self\">premier<\/a> est une sorte de vitrine qui me permet de montrer un peu tout ce que je peux faire, tant d&#39;un point de vu personnel que professionnel , on y retrouve parfois quelques notes anecdotiques, mais pas uniquement . Le <a href=\"http:\/\/everyonehasamonster.blogspot.com\/\" target=\"_self\">deuxi\u00e8me<\/a>, beaucoup plus &quot; conceptuel et ludique&quot;, c&#39;est un blog qui consiste \u00e0 exposer des portraits personnalis\u00e9s de proches (ou de volontaires) accompagn\u00e9s d&#39;un personnage imaginaire.<\/p>\n<p><a href=\"http:\/\/yannicklejeune.blogs.com\/.a\/6a00d8341c501b53ef0153903a5ba1970b-popup\" onclick=\"window.open( this.href, &#39;_blank&#39;, &#39;width=640,height=480,scrollbars=no,resizable=no,toolbar=no,directories=no,location=no,menubar=no,status=no,left=0,top=0&#39; ); return false\" style=\"display: inline;\"><img decoding=\"async\" alt=\"1\" class=\"asset  asset-image at-xid-6a00d8341c501b53ef0153903a5ba1970b\" src=\"https:\/\/www.wedobd.com\/wp-content\/uploads\/2011\/07\/6a00d8341c501b53ef0153903a5ba1970b-500wi.jpg\" style=\"display: block; margin-left: auto; margin-right: auto;\" title=\"1\" \/><\/a> <br \/><strong>Pourquoi as-tu commenc\u00e9 \u00e0 bloguer ou \u00e0 publier tes BD en ligne ?<\/strong><\/p>\n<p>J&#39;ai ouvert mon premier blog en 2007, et je trouvais l&#39;aspect &quot;interactif&quot; tr\u00e8s enrichissant, \u00e7a permettait d&#39;avoir des \u00e9changes avec les lecteurs, des gens de passages, ou des connaissances, d&#39;obtenir des avis et de garder contact avec les anciens coll\u00e8gues. D&#39;une certaine mani\u00e8re, \u00e7a permettait aussi de montrer son travail rapidement, sans passer par l&#39;\u00e9tape laborieuse de mise \u00e0 jour pour un site web .<\/p>\n<p>&#0160;<\/p>\n<p><strong>Quel public voulais-tu rencontrer ?<\/strong><\/p>\n<p>Surtout des proches, d&#39;anciens camarades de promo , la famille qui n&#39;a pas souvent l&#39;occasion de voir ce que je fais de mes journ\u00e9es !<\/p>\n<p>&#0160;<\/p>\n<p><strong>Et finalement qui sont tes lecteurs ?<\/strong><\/p>\n<p>Pendant quelque temps, je me suis servi de mon blog pour mettre en avant CV, bande demo et book, du coup, il y a quelques professionnels qui s&#39;arr\u00eatent dessus, des sc\u00e9naristes, beaucoup de coll\u00e8gues ou d&#39;\u00e9ventuels collaborateurs. Paradoxalement, les gens ne commentent pas plus qu&#39;il y a 3 ans car, maintenant les r\u00e9actions s&#39;\u00e9changent sur les r\u00e9seaux sociaux de mani\u00e8re plus spontan\u00e9e .<\/p>\n<p>&#0160;<\/p>\n<p><strong>Combien de temps passes-tu en moyenne sur tes notes ?<\/strong><\/p>\n<p style=\"text-align: left;\">Comme le contenu de mes posts est tr\u00e8s variable, le temps pass\u00e9 dessus d\u00e9pend aussi de ce que je vais faire exactement. Une note anecdotique me prendra toujours plus de temps que la mise en ligne d&#39;un portrait personnalis\u00e9, en moyenne 1h30 \u00e0 2h de temps&#8230; Je ne passe pas beaucoup de temps \u00e0 fignoler dans le d\u00e9tail, lorsque je ne poste pas de travaux professionnels, j&#39;en profite pour r\u00e9aliser des posts plus &quot;spontan\u00e9s&quot;, c&#39;est une sorte de r\u00e9cr\u00e9ation sur une journ\u00e9e de travail.&#0160; <\/p>\n<p><strong>Est-ce que ce sont des dessins sp\u00e9cialement faits pour le blog ?<\/strong><\/p>\n<p>Non, pas forc\u00e9ment, du moins, pas les strips humoristiques qui seraient facilement r\u00e9-adaptables&#8230; En ce qui concerne les portraits personnalis\u00e9s avec les monstres c&#39;est une autre histoire, car la mise en ligne se fait avec l&#39;accord des personnes pr\u00e9sentes sur les photos, r\u00e9adapter le concept pour une version papier poserait des probl\u00e8mes de droit d&#39;image dont je pr\u00e9f\u00e8re me passer pour l&#39;instant.<\/p>\n<p>&#0160;<\/p>\n<p><strong>Avec quoi dessines-tu (crayons, pinceau, palette&#8230;) ?<\/strong><\/p>\n<p>Techniques mixtes, un bon vieux crayon, des marqueurs, puis palette graphique, la grande majorit\u00e9 de mon travail est num\u00e9rique (ne serait-ce que pour les mises en couleurs).<\/p>\n<p>&#0160;<\/p>\n<p><strong>Quelles sont tes influences graphiques ?<\/strong><\/p>\n<p>J&#39;aime beaucoup tout ce qui peut s&#39;apparenter au street art, j&#39;ai toujours \u00e9t\u00e9 fascin\u00e9e par l&#39;univers des grapheurs. J&#39;admire les cin\u00e9astes un peu touche \u00e0 tout comme T.Burton. Chez les dessinateurs BD \u00e7a peut aller de Franquin \u00e0 <a href=\"http:\/\/bastienvives.blogspot.com\/\" target=\"_self\">Bastien Viv\u00e8s<\/a>, en passant par <a href=\"http:\/\/www.robertvalley.com\/blog1\/\" target=\"_self\">Robert Valley<\/a>.<\/p>\n<p>&#0160;<\/p>\n<p><strong>Combien de temps passes-tu sur les blogs des autres (par jour ? par mois ?) ?<\/strong><\/p>\n<p>A peu pr\u00e8s 2 \u00e0 3h par semaine .<\/p>\n<p style=\"text-align: center;\"><a href=\"http:\/\/yannicklejeune.blogs.com\/.a\/6a00d8341c501b53ef014e8a2dce80970d-popup\" onclick=\"window.open( this.href, &#39;_blank&#39;, &#39;width=640,height=480,scrollbars=no,resizable=no,toolbar=no,directories=no,location=no,menubar=no,status=no,left=0,top=0&#39; ); return false\" style=\"display: inline;\"><img decoding=\"async\" alt=\"2\" class=\"asset  asset-image at-xid-6a00d8341c501b53ef014e8a2dce80970d\" src=\"https:\/\/www.wedobd.com\/wp-content\/uploads\/2011\/07\/6a00d8341c501b53ef014e8a2dce80970d-500wi.jpg\" title=\"2\" \/><\/a> <\/p>\n<p><strong>Quels sont ceux dont tu es fan ?<\/strong><\/p>\n<p>Chez les blogueurs, l&#39;incontournable <a href=\"http:\/\/www.bouletcorp.com\/blog\/\" target=\"_self\">Boulet<\/a>, reste vraiment un pilier. J&#39;aimais beaucoup les <a href=\"http:\/\/www.chicou-chicou.com\/\" target=\"_self\">Chicou-chicous<\/a>, et je lis assez souvent Chat, <a href=\"http:\/\/graphistivo.blogspot.com\/\" target=\"_self\">Trop d&#39;la bulle<\/a>, ainsi que <a href=\"http:\/\/www.juliemaroh.com\/\" target=\"_self\">Djou<\/a>.<\/p>\n<p>&#0160;<\/p>\n<p><strong>As-tu fait des rencontres gr\u00e2ce aux blogs ?<\/strong><\/p>\n<p>Oui, il y a des gens que j&#39;ai \u00e9t\u00e9 amen\u00e9e \u00e0 rencontrer dans un cadre professionnel, sinon, cela reste des rencontres tr\u00e8s &quot;virtuelles&quot; de blogueur \u00e0 blogueur, mais qui n&#39;en sont pas moins sympathiques .<\/p>\n<p>&#0160;<\/p>\n<p><strong>Es-tu sensible aux commentaires ?<\/strong><\/p>\n<p>Oui, cela fait toujours plaisir d&#39;avoir des remarques, un \u00e9change.<\/p>\n<p>&#0160;<\/p>\n<p><strong>De mani\u00e8re g\u00e9n\u00e9rale, que penses-tu que la BD num\u00e9rique (\u00e0 lire sur le web, sur iPhone, sur PSP&#8230;) ?<\/strong><\/p>\n<p>Lorsque cela apporte quelque chose de nouveau d&#39;un point de vue narratif et qu&#39;elle prend en compte la notion de dur\u00e9e et d&#39;interactivit\u00e9, la BD num\u00e9rique prend tout son sens, il y a des dessinateurs qui apportent vraiment un travail innovant de ce c\u00f4t\u00e9 l\u00e0 (Malec ou Balak) : un compromis entre l&#39;animation et la BD qui justifierait le passage au num\u00e9rique. D&#39;une autre mani\u00e8re, la BD &quot;<a href=\"http:\/\/www.lesautresgens.com\/spip.php?page=sommaire&amp;hz=1311839649\" target=\"_self\">les autres gens<\/a>&quot; offre aussi une nouvelle approche de la bande dessin\u00e9e, en tant que s\u00e9rie \u00e9volutive, un peu dans le m\u00eame esprit que les blogs BD avec un travail collectif cons\u00e9quent. Sinon, je reste tr\u00e8s attach\u00e9e, au livre en tant qu&#39;objet, et l&#39;id\u00e9e d&#39;avoir des adaptations num\u00e9riques simples de ceux-ci, \u00e0 lire sur autre format ne me s\u00e9duit pas tout \u00e0 fait.<\/p>\n<p>&#0160;<\/p>\n<p><strong>O\u00f9 peut-on voir ton travail en dehors de ton site ?<\/strong><\/p>\n<p>Pour l&#39;instant l&#39;essentiel est \u00e0 la TV ( g\u00e9n\u00e9riques, habillages etc&#8230;) j&#39;ai fait un peu d&#39;illustration jeunesse, notamment pour les \u00e9ditions Fleurus, on peut me trouver sur facebook ou encore sur youtube pour ce qui concerne l&#39;animation.<\/p>\n<p>&#0160;<\/p>\n<p><strong>As-tu des albums  ? Peux-tu nous les pr\u00e9senter ?<\/strong><\/p>\n<p>J&#39;ai donc illustr\u00e9 deux romans jeunesses , &quot;Santa closed&quot; en 2007 et &quot;l&#39;Ennui a disparu&quot; cette ann\u00e9e. J&#39;ai aussi eu l&#39;occasion d&#39;illustrer une nouvelle dans le Lanfeust mag de d\u00e9cembre 2010&#8230; je travaille actuellement sur un roman graphique en collectif avec d&#39;autres dessinatrices (soizick jaffre, Cab et La grande Alice). Le projet s&#39;appelle &quot;Les Chroniques Mauves&quot; et devrait sortir courant Octobre.<\/p>\n<p>&#0160;<\/p>\n<p><strong>Qu&#39;attends-tu de ta venue au Festiblog ? Un mot pour ceux qui vont venir te voir ?<\/strong><\/p>\n<p>Des rencontres sympa, de nouveaux contacts, l&#39;occasion de faire conna\u00eetre mon travail d&#39;une fa\u00e7on agr\u00e9able (m\u00eame si il pleut). Je n&#39;ai pas une notori\u00e9t\u00e9 \u00e9norme, mais il ne faut pas que les gens aient peur de venir me voir, je ne mords pas, je pr\u00e9vois m\u00eame un petit dispositif tout simple afin de faire des choses qui ont un rapport avec mes portraits personnalis\u00e9s. Donc voil\u00e0, ne pas h\u00e9siter \u00e0 venir me faire un coucou !<\/p>\n<p style=\"text-align: center;\"><a href=\"http:\/\/yannicklejeune.blogs.com\/.a\/6a00d8341c501b53ef014e8a2dcc8a970d-popup\" onclick=\"window.open( this.href, &#39;_blank&#39;, &#39;width=640,height=480,scrollbars=no,resizable=no,toolbar=no,directories=no,location=no,menubar=no,status=no,left=0,top=0&#39; ); return false\" style=\"display: inline;\"><img decoding=\"async\" alt=\"3\" class=\"asset  asset-image at-xid-6a00d8341c501b53ef014e8a2dcc8a970d\" src=\"https:\/\/www.wedobd.com\/wp-content\/uploads\/2011\/07\/6a00d8341c501b53ef014e8a2dcc8a970d-500wi.jpg\" title=\"3\" \/><\/a> <\/p>\n<p><strong>Cette ann\u00e9e, Guillaume Long, est parrain du Festiblog avec son blog culinaire. Peux-tu nous parler de ton plat pr\u00e9f\u00e9r\u00e9 et nous donner une bonne adresse o\u00f9 aller manger dans ton coin ?<\/strong><\/p>\n<p>Il y a un dessert qui est un peu ma madeleine de Proust une sorte de tarte aux pommes originaire du sud ouest, \u00e7a s&#39;appelle la &quot;croustade&quot;, c&#39;est imbib\u00e9 de rhum et c&#39;est une tuerie. Sinon, je suis une adepte de la cuisine tha\u00ef, des plats saut\u00e9s au wok, il y a un resto que je conseille pour les amateurs : La villa Papillon, dans le 2eme \u00e0 Paris. Dans un style plus traditionnel, mais tr\u00e8s convivial : Le S\u00e9vign\u00e9 dans le 3eme arrondissement, les quiches sont juste \u00e0 tomber par terre !<\/p>\n<p>&#0160;<\/p>\n<p><strong>Un dernier mot ?<\/strong><\/p>\n<p>Merci pour cette invitation,vivement le mois de Septembre!<\/p>\n<p>&#0160;<\/p>\n","protected":false},"excerpt":{"rendered":"<p>Notre 14e invit\u00e9e est une petite nouvelle au festival, et elle arrive avec dans ses valises deux blogs, de l&#8217;illustration et un projet collectif, bienvenue \u00e0 Carole Maurel.<\/p>\n","protected":false},"author":2,"featured_media":0,"comment_status":"open","ping_status":"open","sticky":false,"template":"","format":"standard","meta":{"footnotes":""},"categories":[26,47],"tags":[391],"class_list":["post-447","post","type-post","status-publish","format-standard","hentry","category-02-le-festival-de-2005-a-2013","category-03-interviews-de-blogueurs-bd","tag-carole-maurel"],"_links":{"self":[{"href":"https:\/\/www.wedobd.com\/index.php?rest_route=\/wp\/v2\/posts\/447","targetHints":{"allow":["GET"]}}],"collection":[{"href":"https:\/\/www.wedobd.com\/index.php?rest_route=\/wp\/v2\/posts"}],"about":[{"href":"https:\/\/www.wedobd.com\/index.php?rest_route=\/wp\/v2\/types\/post"}],"author":[{"embeddable":true,"href":"https:\/\/www.wedobd.com\/index.php?rest_route=\/wp\/v2\/users\/2"}],"replies":[{"embeddable":true,"href":"https:\/\/www.wedobd.com\/index.php?rest_route=%2Fwp%2Fv2%2Fcomments&post=447"}],"version-history":[{"count":1,"href":"https:\/\/www.wedobd.com\/index.php?rest_route=\/wp\/v2\/posts\/447\/revisions"}],"predecessor-version":[{"id":3287,"href":"https:\/\/www.wedobd.com\/index.php?rest_route=\/wp\/v2\/posts\/447\/revisions\/3287"}],"wp:attachment":[{"href":"https:\/\/www.wedobd.com\/index.php?rest_route=%2Fwp%2Fv2%2Fmedia&parent=447"}],"wp:term":[{"taxonomy":"category","embeddable":true,"href":"https:\/\/www.wedobd.com\/index.php?rest_route=%2Fwp%2Fv2%2Fcategories&post=447"},{"taxonomy":"post_tag","embeddable":true,"href":"https:\/\/www.wedobd.com\/index.php?rest_route=%2Fwp%2Fv2%2Ftags&post=447"}],"curies":[{"name":"wp","href":"https:\/\/api.w.org\/{rel}","templated":true}]}}