{"id":456,"date":"2011-07-21T08:00:00","date_gmt":"2011-07-21T06:00:00","guid":{"rendered":"https:\/\/www.wedobd.com\/?p=456"},"modified":"2025-09-29T15:47:55","modified_gmt":"2025-09-29T13:47:55","slug":"mathias-martin-2","status":"publish","type":"post","link":"https:\/\/www.wedobd.com\/?p=456","title":{"rendered":"Invit\u00e9 #5: Mathias Martin"},"content":{"rendered":"<p><strong>Qui a dit que les blogs bd pr\u00e9f\u00e9raient les images aux mots? Surement pas <a href=\"http:\/\/leblogdemathias.blogspot.com\" target=\"_blank\" title=\"Le blog de Mathias\">Mathias Martin<\/a>, notre nouvel invit\u00e9 f\u00e9ru d&#39;\u00e9tymologie (ce n&#39;est pas sale).<\/strong><\/p>\n<p style=\"text-align: center;\"><a href=\"http:\/\/yannicklejeune.blogs.com\/.a\/6a00d8341c501b53ef01543416595b970c-popup\" onclick=\"window.open( this.href, &#39;_blank&#39;, &#39;width=640,height=480,scrollbars=no,resizable=no,toolbar=no,directories=no,location=no,menubar=no,status=no,left=0,top=0&#39; ); return false\" style=\"display: inline;\"><img decoding=\"async\" alt=\"Festiblog_edit\" class=\"asset  asset-image at-xid-6a00d8341c501b53ef01543416595b970c\" src=\"https:\/\/www.wedobd.com\/wp-content\/uploads\/2011\/07\/6a00d8341c501b53ef01543416595b970c-500wi.jpg\" style=\"width: 480px;\" title=\"Festiblog_edit\" \/><\/a> <br \/>&#0160;<\/p>\n<p><strong>Qui es-tu ?<\/strong><\/p>\n<p>Je m&#39;appelle Mathias Martin, j&#39;ai 33 ans. J&#39;ai longtemps \u00e9t\u00e9 parisien, maintenant je vis en Franche Comt\u00e9, \u00e0 la campagne. Actuellement je travaille dans le cin\u00e9ma d&#39;animation.<\/p>\n<p>&#0160;<\/p>\n<p><strong>Comment as-tu commenc\u00e9 \u00e0 dessiner ?<\/strong><\/p>\n<p>J&#39;ai toujours un peu dessin\u00e9 mais sans que ce soit mon passe temps pr\u00e9f\u00e9r\u00e9, c&#39;\u00e9tait une activit\u00e9 comme une autre. C&#39;est au moment du BAC que j&#39;ai choisi de m&#39;orienter vers les Arts Appliqu\u00e9s. J&#39;ai d\u00fb alors me concentrer sur le dessin, il fallait que je progresse pour int\u00e9grer une \u00e9cole. Pour moi, c&#39;est l\u00e0 que j&#39;ai vraiment \u00ab commenc\u00e9 \u00bb \u00e0 dessiner.<\/p>\n<p>&#0160;<\/p>\n<p><strong> <a href=\"http:\/\/yannicklejeune.blogs.com\/.a\/6a00d8341c501b53ef014e89dc8f06970d-popup\" onclick=\"window.open( this.href, &#39;_blank&#39;, &#39;width=640,height=480,scrollbars=no,resizable=no,toolbar=no,directories=no,location=no,menubar=no,status=no,left=0,top=0&#39; ); return false\" style=\"float: left;\"><img decoding=\"async\" alt=\"Cow_rider\" class=\"asset  asset-image at-xid-6a00d8341c501b53ef014e89dc8f06970d\" src=\"https:\/\/www.wedobd.com\/wp-content\/uploads\/2011\/07\/6a00d8341c501b53ef014e89dc8f06970d-200wi.jpg\" style=\"width: 200px; margin: 0px 5px 5px 0px;\" title=\"Cow_rider\" \/><\/a> As-tu suivi une formation ?<\/strong><\/p>\n<p>Oui, d&#39;abord une ann\u00e9e de pr\u00e9paration \u00e0 Penninghen, suivi de 3 ann\u00e9es \u00e0 l&#39;ENSAAMA, enfin 3 ans en cin\u00e9ma d&#39;animation aux Gobelins.<\/p>\n<p style=\"text-align: left;\">&#0160;<\/p>\n<p><strong>Peux-tu pr\u00e9senter ton blog ou ton webcomics ?<\/strong><\/p>\n<p>C&#39;est un blog d&#39;illustrations et de bandes dessin\u00e9es, je l&#39;ai petit \u00e0 petit orient\u00e9 vers l&#39;histoire des mots, l&#39;\u00e9tymologie, les anecdotes qui jalonnent l&#39;histoire de la langue fran\u00e7aise.<\/p>\n<p>&#0160;<\/p>\n<p><strong>Pourquoi as-tu commenc\u00e9 \u00e0 bloguer ou \u00e0 publier tes BD en ligne ?<\/strong><\/p>\n<p>Je ne dessinais plus ou tr\u00e8s peu, et il me manquait un espace d&#39;expression personnelle. Je lisais les blogs BD avec un \u0153il assez critique quant au contenu, \u00e0 la fin les histoires de gens qui racontent tous plus ou moins la m\u00eame chose me faisait carr\u00e9ment fuir&#8230;Malgr\u00e9 cela, je continuais de trouver la forme du blog int\u00e9ressante (l&#39;id\u00e9e de publication et les commentaires). J&#39;ai quand m\u00eame ouvert le mien, je me suis dit que je r\u00e9sisterai au maximum \u00e0 la tentation de raconter ma vie, de me mettre en sc\u00e8ne et d&#39;avoir un avis sur tout.<\/p>\n<p>&#0160;<\/p>\n<p><strong>Quel public voulais-tu rencontrer ?<\/strong><\/p>\n<p>Je n&#39;avais pas de vis\u00e9e particuli\u00e8re.<\/p>\n<p>&#0160;<\/p>\n<p><strong>Et finalement qui sont tes lecteurs ?<\/strong><\/p>\n<p>Ils restent peu nombreux en regard de la fr\u00e9quentation de certains blogs ! Apparemment, il y a des amateurs de BD, des amateurs d&#39;histoire, et des amateurs de langues&#8230;<\/p>\n<p>&#0160;  <a href=\"http:\/\/yannicklejeune.blogs.com\/.a\/6a00d8341c501b53ef014e89dc8fca970d-popup\" onclick=\"window.open( this.href, &#39;_blank&#39;, &#39;width=640,height=480,scrollbars=no,resizable=no,toolbar=no,directories=no,location=no,menubar=no,status=no,left=0,top=0&#39; ); return false\" style=\"float: right;\"><img decoding=\"async\" alt=\"Bouler_case10\" class=\"asset  asset-image at-xid-6a00d8341c501b53ef014e89dc8fca970d\" src=\"https:\/\/www.wedobd.com\/wp-content\/uploads\/2011\/07\/6a00d8341c501b53ef014e89dc8fca970d-250wi.jpg\" style=\"width: 250px; margin: 0px 0px 5px 5px;\" title=\"Bouler_case10\" \/><\/a><\/p>\n<p><strong>Combien de temps passes-tu en moyenne sur tes notes ?<\/strong><\/p>\n<p>C&#39;est tr\u00e8s variable, d&#39;autant que j&#39;essaye souvent de changer d&#39;\u00e9criture graphique. Je passe beaucoup de temps \u00e0 choisir le mode d&#39;expression, la r\u00e9alisation peut \u00eatre assez rapide en comparaison. Au final, c&#39;est assez long, c&#39;est la raison pour laquelle je ne publie pas beaucoup.<\/p>\n<p>&#0160;<\/p>\n<p><strong>Est-ce que ce sont des dessins sp\u00e9cialement faits pour le blog ?<\/strong><\/p>\n<p>Oui, sauf quelques exceptions, je les fais pour les publier sur le blog avant tout.<\/p>\n<p>&#0160;<\/p>\n<p><strong>Avec quoi dessines-tu (crayons, pinceau, palette&#8230;) ?<\/strong><\/p>\n<p>C&#39;est variable, \u00e0 la plume, \u00e0 la gouache, \u00e0 l&#39;acrylique, au fusain, en linogravure et pas mal \u00e0 la tablette graphique.<\/p>\n<p>&#0160;<\/p>\n<p><strong>Quelles sont tes influences graphiques ?<\/strong><\/p>\n<p>Il y en a tellement&#8230; Guibert, Chris Ware, Dave Mckean, De cr\u00e9cy, Valloton, Daumier, Degas, Turner, Bill Waterson, Blain, Crumb, hiroshige, Sam Szafran, Breccia, Bataglia, Kazuo Oga, pour ne citer qu&#39;eux.<\/p>\n<p>&#0160;<\/p>\n<p><strong>Combien de temps passes-tu sur les blogs des autres (par jour ? par mois ?) ?<\/strong><\/p>\n<p>Je ne regarde pas que des blogs de BD, mais aussi d&#39;illustrateurs, ou de peintres, \u00e7a repr\u00e9sente peut-\u00eatre 10 minutes par jour.<\/p>\n<p>&#0160;<\/p>\n<p><strong>Quels sont ceux dont tu es fan ?<\/strong><\/p>\n<p>J&#39;aime les blogs de Marion Montaigne, de Bastien Viv\u00e8s, de Boulet, de Lison Bernet, de Terreur et de Guillaume Long par exemple, je suis loin de tout conna\u00eetre.<\/p>\n<p>&#0160;<\/p>\n<p><strong>As-tu fait des rencontres gr\u00e2ce aux blogs ?<\/strong><\/p>\n<p>En effet, \u00e7a m&#39;a permis de rencontrer Guillaume Long, qui habite la m\u00eame r\u00e9gion que moi et \u00e0 qui je dois ma pr\u00e9sence au festiblog 2011 !<\/p>\n<p>&#0160;<\/p>\n<p><strong>Es-tu sensible aux commentaires ?<\/strong><\/p>\n<p>Oui, \u00e7a fait toujours plaisir d&#39;avoir un peu de retour sur ce que je publie.<\/p>\n<p>&#0160;<\/p>\n<p><strong>De mani\u00e8re g\u00e9n\u00e9rale, que penses-tu que la BD num\u00e9rique (\u00e0 lire sur le web, sur iPhone, sur PSP&#8230;) ?<\/strong><\/p>\n<p>Lire une petite histoire d&#39;une page au deux sur l&#39;ordinateur \u00e7a passe, mais je ne pourrai pas lire un album sur un \u00e9cran. En tant que lecteur je pr\u00e9f\u00e8re de loin lire des livres imprim\u00e9s. J&#39;ai suivi le d\u00e9but des \u00ab autres Gens \u00bb, mais j&#39;ai d\u00e9croch\u00e9, si on rate 3 jours on est dans les choux pour rattraper l&#39;histoire.<\/p>\n<p>&#0160;<\/p>\n<p><strong>O\u00f9 peut-on voir ton travail en dehors de ton site ?<\/strong><\/p>\n<p>Nulle part, si ce n&#39;est \u00e0 la TV pour ce qui concerne mon travail dans l&#39;animation. Derni\u00e8rement j&#39;ai travaill\u00e9 sur les adaptations t\u00e9l\u00e9 de Mandarine &amp; Cow de Jacques Azam, et de Nini Patalo de Lisa Mandel.<\/p>\n<p>&#0160;<\/p>\n<p><strong>As-tu des albums  ? Peux-tu nous les pr\u00e9senter ?<\/strong><\/p>\n<p>Je n&#39;ai encore rien publi\u00e9 !<\/p>\n<p>&#0160;<\/p>\n<p><strong>Qu&#39;attends-tu de ta venue au Festiblog ? Un mot pour ceux qui vont venir te voir ?<\/strong><\/p>\n<p>J&#39;esp\u00e8re faire des rencontres sympatiques, saluer les auteurs que j\u2019appr\u00e9cie et voir ce que \u00e7a fait de faire une d\u00e9dicace&#8230;et boire quelques coups aussi.<\/p>\n<p style=\"text-align: center;\"><a href=\"http:\/\/yannicklejeune.blogs.com\/.a\/6a00d8341c501b53ef015434165a51970c-popup\" onclick=\"window.open( this.href, &#39;_blank&#39;, &#39;width=640,height=480,scrollbars=no,resizable=no,toolbar=no,directories=no,location=no,menubar=no,status=no,left=0,top=0&#39; ); return false\" style=\"display: inline;\"><img decoding=\"async\" alt=\"Bat_angle_edit\" class=\"asset  asset-image at-xid-6a00d8341c501b53ef015434165a51970c\" src=\"https:\/\/www.wedobd.com\/wp-content\/uploads\/2011\/07\/6a00d8341c501b53ef015434165a51970c-500wi.jpg\" style=\"width: 480px;\" title=\"Bat_angle_edit\" \/><\/a> <br \/>&#0160;<\/p>\n<p><strong>Cette ann\u00e9e, Guillaume Long, est parrain du Festiblog avec son blog culinaire. Peux-tu nous parler de ton plat pr\u00e9f\u00e9r\u00e9 et nous donner une bonne adresse o\u00f9 aller manger dans ton coin ?<\/strong><\/p>\n<p>Comme je me sens \u00eatre un v\u00e9ritable filleul de Guillaume Long, je vais rendre hommage \u00e0 sa ville d&#39;Arbois et aux bons vins du Jura, trop m\u00e9connus d&#39;apr\u00e8s moi. Autrement, dans mon coin, la vall\u00e9e de la Loue, je recommande vivement le restaurant \u00ab le Courbet \u00bb \u00e0 Ornans.<\/p>\n<p>&#0160;<\/p>\n<p><strong>Un dernier mot ?<\/strong><\/p>\n<p>&#0160;<\/p>\n","protected":false},"excerpt":{"rendered":"<p>Qui a dit que les blogs bd pr\u00e9f\u00e9raient les images aux mots? Surement pas Mathias Martin, notre nouvel invit\u00e9 f\u00e9ru d&#8217;\u00e9tymologie (ce n&#8217;est pas sale).<\/p>\n","protected":false},"author":6,"featured_media":0,"comment_status":"open","ping_status":"open","sticky":false,"template":"","format":"standard","meta":{"footnotes":""},"categories":[26],"tags":[281],"class_list":["post-456","post","type-post","status-publish","format-standard","hentry","category-02-le-festival-de-2005-a-2013","tag-mathias-martin"],"_links":{"self":[{"href":"https:\/\/www.wedobd.com\/index.php?rest_route=\/wp\/v2\/posts\/456","targetHints":{"allow":["GET"]}}],"collection":[{"href":"https:\/\/www.wedobd.com\/index.php?rest_route=\/wp\/v2\/posts"}],"about":[{"href":"https:\/\/www.wedobd.com\/index.php?rest_route=\/wp\/v2\/types\/post"}],"author":[{"embeddable":true,"href":"https:\/\/www.wedobd.com\/index.php?rest_route=\/wp\/v2\/users\/6"}],"replies":[{"embeddable":true,"href":"https:\/\/www.wedobd.com\/index.php?rest_route=%2Fwp%2Fv2%2Fcomments&post=456"}],"version-history":[{"count":2,"href":"https:\/\/www.wedobd.com\/index.php?rest_route=\/wp\/v2\/posts\/456\/revisions"}],"predecessor-version":[{"id":5652,"href":"https:\/\/www.wedobd.com\/index.php?rest_route=\/wp\/v2\/posts\/456\/revisions\/5652"}],"wp:attachment":[{"href":"https:\/\/www.wedobd.com\/index.php?rest_route=%2Fwp%2Fv2%2Fmedia&parent=456"}],"wp:term":[{"taxonomy":"category","embeddable":true,"href":"https:\/\/www.wedobd.com\/index.php?rest_route=%2Fwp%2Fv2%2Fcategories&post=456"},{"taxonomy":"post_tag","embeddable":true,"href":"https:\/\/www.wedobd.com\/index.php?rest_route=%2Fwp%2Fv2%2Ftags&post=456"}],"curies":[{"name":"wp","href":"https:\/\/api.w.org\/{rel}","templated":true}]}}