{"id":458,"date":"2011-07-19T01:00:00","date_gmt":"2011-07-18T23:00:00","guid":{"rendered":"https:\/\/www.wedobd.com\/?p=458"},"modified":"2025-09-29T14:39:13","modified_gmt":"2025-09-29T12:39:13","slug":"anne-montel-2","status":"publish","type":"post","link":"https:\/\/www.wedobd.com\/?p=458","title":{"rendered":"Invit\u00e9e #3 : Anne Montel"},"content":{"rendered":"<p><strong>Notre 3<sup>e<\/sup> invit\u00e9e n&#39;est pas une petite nouvelle de la blogosph\u00e8re BD mais ce sera sa premi\u00e8re fois au Festiblog. Nous avons le plaisir de recevoir <a href=\"http:\/\/ahurie.blogspot.com\" target=\"_blank\">Anne Montel<\/a> :<\/strong><\/p>\n<p><a href=\"http:\/\/yannicklejeune.blogs.com\/.a\/6a00d8341c501b53ef015433ce6618970c-popup\" onclick=\"window.open( this.href, &#39;_blank&#39;, &#39;width=640,height=480,scrollbars=no,resizable=no,toolbar=no,directories=no,location=no,menubar=no,status=no,left=0,top=0&#39; ); return false\" style=\"display: inline;\"><img decoding=\"async\" alt=\"Festiblog\" class=\"asset  asset-image at-xid-6a00d8341c501b53ef015433ce6618970c\" src=\"https:\/\/www.wedobd.com\/wp-content\/uploads\/2011\/07\/6a00d8341c501b53ef015433ce6618970c-580wi.jpg\" style=\"width: 560px;\" title=\"Festiblog\" \/><\/a> <\/p>\n<p><strong>Qui es-tu ?<\/strong><\/p>\n<p>Je m&#39;appelle Anne, j&#39;ai 22 ans, je viens de Clisson, une super petite ville \u00e0 c\u00f4t\u00e9 de Nantes. J&#39;habite \u00e0 Bordeaux depuis un an, qui est \u00e9galement une chouette ville pleine d&#39;auteurs BD et de bons restaus. J&#39;aime dessiner, cuisiner, regarder des s\u00e9ries et dormir.<\/p>\n<p>&#0160;<\/p>\n<p><strong>Comment as-tu commenc\u00e9 \u00e0 dessiner ?<\/strong><\/p>\n<p>J&#39;ai toujours dessin\u00e9, enfin depuis que je sais tenir un crayon quoi.<\/p>\n<p>&#0160;<\/p>\n<p><strong>As-tu suivi une formation ?<\/strong><\/p>\n<p>J&#39;ai commenc\u00e9 par passer un Bac STI Arts Appliqu\u00e9s, ensuite un BTS Communication Visuelle \u00e0 l&#39;\u00c9SAA Duperr\u00e9, puis une FCIL illustration au Lyc\u00e9e Corvisart de Paris. Je suis en free-lance depuis 2 ans.<\/p>\n<p>&#0160;<\/p>\n<p><strong>Peux-tu pr\u00e9senter ton blog ou ton webcomics ?<\/strong><\/p>\n<p>Eh bien <a href=\"http:\/\/ahurie.blogspot.com\/\" target=\"_blank\">mon blog<\/a> a d\u00e9j\u00e0 5 ans et demi, et il aime bien changer de nom de temps en temps\u2026 En ce moment c&#39;est Jours de pluie, j&#39;y poste sous le pseudonyme d&#39;ahurie parce que je trouve que \u00e7a me correspond bien. J&#39;y pr\u00e9sente des dessins, des strips et des photos. Je ne me bride pas, j&#39;y poste ce qui me fait envie quand j&#39;en ai envie.<\/p>\n<p><a href=\"http:\/\/yannicklejeune.blogs.com\/.a\/6a00d8341c501b53ef01538ffb0a4d970b-popup\" onclick=\"window.open( this.href, &#39;_blank&#39;, &#39;width=640,height=480,scrollbars=no,resizable=no,toolbar=no,directories=no,location=no,menubar=no,status=no,left=0,top=0&#39; ); return false\" style=\"display: inline;\"><img decoding=\"async\" alt=\"Lostgirl\" class=\"asset  asset-image at-xid-6a00d8341c501b53ef01538ffb0a4d970b\" src=\"https:\/\/www.wedobd.com\/wp-content\/uploads\/2011\/07\/6a00d8341c501b53ef01538ffb0a4d970b-580wi.jpg\" style=\"width: 560px;\" title=\"Lostgirl\" \/><\/a> <\/p>\n<p><strong>Pourquoi as-tu commenc\u00e9 \u00e0 bloguer ou \u00e0 publier tes BD en ligne ?<\/strong><\/p>\n<p>Principalement pour avoir un retour de personnes ext\u00e9rieures \u00e0 ma sph\u00e8re habituelle.<\/p>\n<p>&#0160;<\/p>\n<p><strong>Quel public voulais-tu rencontrer ?<\/strong><\/p>\n<p>Des zinconnus.<\/p>\n<p>&#0160;<\/p>\n<p><strong>Et finalement qui sont tes lecteurs ?<\/strong><\/p>\n<p>Des connus et des zinconnus (victoire).<\/p>\n<p>&#0160;<\/p>\n<p><strong>Combien de temps passes-tu en moyenne sur tes notes ?<\/strong><\/p>\n<p>\u00c7a d\u00e9pend compl\u00e8tement. G\u00e9n\u00e9ralement pas plus d&#39;une quinzaine de minutes.<\/p>\n<p>&#0160;<\/p>\n<p><strong>Est-ce que ce sont des dessins sp\u00e9cialement faits pour le blog ?<\/strong><\/p>\n<p>Non, pas forc\u00e9ment. Oui, parfois. Pas tout le temps quoi. Enfin voil\u00e0, hein.<\/p>\n<p>&#0160;<\/p>\n<p><strong>Avec quoi dessines-tu (crayons, pinceau, palette&#8230;) ?<\/strong><\/p>\n<p>Habituellement je dessine \u00e0 la plume avec de l&#39;encre de Chine, puis je colorise \u00e0 l&#39;aquarelle. Mais j&#39;aime changer de temps en temps, il y a toujours un Rotring et des crayons de couleurs qui tra\u00eenent sur mon bureau\u2026<\/p>\n<p><a href=\"http:\/\/yannicklejeune.blogs.com\/.a\/6a00d8341c501b53ef015433ce686a970c-popup\" onclick=\"window.open( this.href, &#39;_blank&#39;, &#39;width=640,height=480,scrollbars=no,resizable=no,toolbar=no,directories=no,location=no,menubar=no,status=no,left=0,top=0&#39; ); return false\" style=\"display: inline;\"><img decoding=\"async\" alt=\"Alligator\" class=\"asset  asset-image at-xid-6a00d8341c501b53ef015433ce686a970c\" src=\"https:\/\/www.wedobd.com\/wp-content\/uploads\/2011\/07\/6a00d8341c501b53ef015433ce686a970c-580wi.jpg\" style=\"width: 560px;\" title=\"Alligator\" \/><\/a> <\/p>\n<p><strong>Quelles sont tes influences graphiques ?<\/strong><\/p>\n<p>En vrac : Semp\u00e9, Hayao Miyazaki, Winsor McCay, Aude Picault, Domitille Collardey, Nylso.<\/p>\n<p>&#0160;<\/p>\n<p><strong>Combien de temps passes-tu sur les blogs des autres (par jour ? par mois ?) ?<\/strong><\/p>\n<p>Aucune id\u00e9e\u2026 j&#39;ai mes petits blogs f\u00e9tiches dont je suis chaque mise \u00e0 jour.<\/p>\n<p>&#0160;<\/p>\n<p><strong>Quels sont ceux dont tu es fan ?<\/strong><\/p>\n<p>Je suis contre le name-dropping, mais si je suis oblig\u00e9e je citerais ma coupine <a href=\"http:\/\/www.delphinemach.com\/wordpress\/\" target=\"_blank\">Delphine<\/a> et le blog d&#39;<a href=\"http:\/\/hippolyteleblog.blogspot.com\/\" target=\"_blank\">Hippolyte<\/a>. Mais sinon regardez donc les liens sur mon blog !<\/p>\n<p>&#0160;<\/p>\n<p><strong>As-tu fait des rencontres gr\u00e2ce aux blogs ?<\/strong><\/p>\n<p>Oui, j&#39;ai eu de belles surprises de prises de contact gr\u00e2ce \u00e0 mon blog ! Je l&#39;ai mis en ligne lorsque j&#39;\u00e9tais \u00e9tudiante, et petit \u00e0 petit \u00e7a m&#39;a aid\u00e9 \u00e0 me lancer d&#39;un point de vue professionnel. On me commande des dessins, des faire-parts, je d\u00e9croche m\u00eame certains boulots de graphisme par le biais de mon blog d&#39;illustration, c&#39;est plut\u00f4t chouette. Mais je me suis \u00e9galement fait des amis par ce biais, comme le talentueux <a href=\"http:\/\/leblogdemathieudemuizon.blogspot.com\/\" target=\"_blank\">Mathieu de Muizon<\/a> que j&#39;ai rencontr\u00e9 en chair et en os au festival BD-Fil de Lausanne ou m\u00eame <a href=\"http:\/\/jeromedaviau.com\/WordPress\/\" target=\"_blank\">J\u00e9r\u00f4me d&#39;Aviau<\/a> qui s&#39;av\u00e8re \u00eatre en plus d&#39;un auteur BD hors-pair \u00e9galement un amateur de fromage incontest\u00e9. J&#39;ai aussi eu l&#39;immense honneur de rencontrer <a href=\"http:\/\/www.festival-blogs-bd.com\/2011\/03\/festiblog-2011-24-25-septembre-et-le-parrain-est.html\" target=\"_blank\">le parrain<\/a> et <a href=\"http:\/\/www.festival-blogs-bd.com\/2011\/05\/et-la-marraine-2011-est.html\" target=\"_blank\">la marraine<\/a> de cette \u00e9dition du Festiblog.<\/p>\n<p><a href=\"http:\/\/yannicklejeune.blogs.com\/.a\/6a00d8341c501b53ef015433ce6d65970c-popup\" onclick=\"window.open( this.href, &#39;_blank&#39;, &#39;width=640,height=480,scrollbars=no,resizable=no,toolbar=no,directories=no,location=no,menubar=no,status=no,left=0,top=0&#39; ); return false\" style=\"display: inline;\"><img decoding=\"async\" alt=\"Tourdefrance\" class=\"asset  asset-image at-xid-6a00d8341c501b53ef015433ce6d65970c\" src=\"https:\/\/yannicklejeune.blogs.com\/.a\/6a00d8341c501b53ef015433ce6d65970c-580wi\" style=\"width: 560px;\" title=\"Tourdefrance\" \/><\/a> <\/p>\n<p><strong>Es-tu sensible aux commentaires ?<\/strong><\/p>\n<p>Bah oui. Mais g\u00e9n\u00e9ralement \u00e7a va, j&#39;ai des gentils lecteurs. Je cherche avant tout \u00e0 recevoir des commentaires constructifs car travaillant toute seule c&#39;est important pour moi de recueillir des points de vue ext\u00e9rieurs, mais les compliments font aussi toujours plaisir.<\/p>\n<p>&#0160;<\/p>\n<p><strong>De mani\u00e8re g\u00e9n\u00e9rale, que penses-tu que la BD num\u00e9rique (\u00e0 lire sur le web, sur iPhone, sur PSP&#8230;) ?<\/strong><\/p>\n<p>\u00c0 choisir, je pr\u00e9f\u00e8re lire la BD sur papier. Je n&#39;ai pas d&#39;iPhone ni de PSP mais j&#39;ai l&#39;impression que je me rendrais aveugle \u00e0 lire de la BD sur un si petit machin\u2026 Je sens bien confus\u00e9ment que c&#39;est un grand enjeu de demain, mais pour le moment \u00e7a me d\u00e9passe un peu.<\/p>\n<p>&#0160;<\/p>\n<p><strong>O\u00f9 peut-on voir ton travail en dehors de ton site ?<\/strong><\/p>\n<p>Je travaille pour la presse jeunesse, vous pouvez me voir dans certains num\u00e9ros de Pomme d&#39;Api, J&#39;aime Lire, J&#39;apprends \u00e0 Lire\u2026 J&#39;ai \u00e9galement un deuxi\u00e8me blog que je tiens en commun avec mon copain : <a href=\"http:\/\/nekokitsune.blogspot.com\" target=\"_blank\">http:\/\/nekokitsune.blogspot.com<\/a> Je sors aussi une BD \u00e0 la rentr\u00e9e, mais je crois que c&#39;est dans la question suivante\u2026<\/p>\n<p>&#0160;<\/p>\n<p><strong>As-tu des albums  ? Peux-tu nous les pr\u00e9senter ?<\/strong><\/p>\n<p>Ouiii ! Je sors ma premi\u00e8re bande-dessin\u00e9e le 8 septembre 2011 chez Gawsewitch dans la collection de <a href=\"http:\/\/www.penelope-jolicoeur.com\/\" target=\"_blank\">P\u00e9n\u00e9lope Bagieu<\/a>. Le sc\u00e9nario est r\u00e9alis\u00e9 par Lo\u00efc Cl\u00e9ment (&lt;3) qui y raconte le quotidien d&#39;un couple atypique (\u00e0 savoir une jeune fille et un chat). La BD se d\u00e9compose en strips courts parfois dr\u00f4les, parfois contemplatifs, parfois geeks, parfois po\u00e9tiques\u2026 bref, on y parle de ce qu&#39;on aime. On est rest\u00e9s tr\u00e8s libres sur la forme (les strips peuvent aussi bien faire quelques cases qu&#39;une illustration pleine page ou m\u00eame s&#39;\u00e9tendre sur plusieurs\u2026) qui sert il me semble assez bien cette histoire qui accumule les anecdotes, les joies, les r\u00e9flexions et les mini-aventures de nos deux hurluberlus.<\/p>\n<p><iframe loading=\"lazy\" frameborder=\"0\" height=\"420\" src=\"http:\/\/player.vimeo.com\/video\/23376926?title=0&amp;byline=0&amp;portrait=0\" width=\"560\"><\/iframe><\/p>\n<p><a href=\"http:\/\/vimeo.com\/23376926\">Sh\u00e4 &amp; Salom\u00e9<\/a> from <a href=\"http:\/\/vimeo.com\/ahurie\">Anne<\/a> on <a href=\"http:\/\/vimeo.com\">Vimeo<\/a>.<\/p>\n<p>&#0160;<\/p>\n<p>&#0160;<\/p>\n<p><strong>Qu&#39;attends-tu de ta venue au Festiblog ? Un mot pour ceux qui vont venir te voir ?<\/strong><\/p>\n<p>J&#39;esp\u00e8re pouvoir faire conna\u00eetre ma BD aux visiteurs mais \u00e9galement aux autres auteurs. Le mot pour ceux qui viendront me voir : bah merci, bien s\u00fbr !<\/p>\n<p>&#0160;<\/p>\n<p><strong>Cette ann\u00e9e, Guillaume Long, est parrain du Festiblog avec son blog culinaire. Peux-tu nous parler de ton plat pr\u00e9f\u00e9r\u00e9 et nous donner une bonne adresse o\u00f9 aller manger dans ton coin ?<\/strong><\/p>\n<p>Super, c&#39;est lui qui s&#39;occupe du repas du samedi soir ? J&#39;ai des tas de plats pr\u00e9f\u00e9r\u00e9s, c&#39;est trop dur\u2026 s\u00fbrement un truc sucr\u00e9 en tout cas. \u00c0 Bordeaux, si vous aimez manger japonais, il faut aller rue St R\u00e9mi \u00e0 &quot;Un soir \u00e0 Shibuya&quot;. Outre les makis-sushis et compagnie, vous pourrez y manger des plats plus traditionnels\u2026 personnellement, je me gave de tempura de l\u00e9gumes et de poulet croustillant ! Et dites au patron que vous venez de ma part, hein !<\/p>\n<p><a href=\"http:\/\/yannicklejeune.blogs.com\/.a\/6a00d8341c501b53ef015433ce75af970c-popup\" onclick=\"window.open( this.href, &#39;_blank&#39;, &#39;width=640,height=480,scrollbars=no,resizable=no,toolbar=no,directories=no,location=no,menubar=no,status=no,left=0,top=0&#39; ); return false\" style=\"display: inline;\"><img decoding=\"async\" alt=\"Boucles\" class=\"asset  asset-image at-xid-6a00d8341c501b53ef015433ce75af970c\" src=\"https:\/\/www.wedobd.com\/wp-content\/uploads\/2011\/07\/6a00d8341c501b53ef015433ce75af970c-580wi.jpg\" style=\"width: 560px;\" title=\"Boucles\" \/><\/a> <\/p>\n<p><strong>Un dernier mot ?<\/strong><\/p>\n<p>BAZINGA !<\/p>\n<p>&#0160;<\/p>\n<p><a href=\"http:\/\/www.ahurie.net\/\" target=\"_blank\">Son site<\/a> &#0160;-&#0160;<a href=\"https:\/\/www.facebook.com\/pages\/ahurie\/82075834789\" target=\"_blank\">Sa page Facebook<\/a><\/p>\n","protected":false},"excerpt":{"rendered":"<p>Notre 3e invit\u00e9e n&#8217;est pas une petite nouvelle de la blogosph\u00e8re BD mais ce sera sa premi\u00e8re fois au Festiblog. Nous avons le plaisir de recevoir Anne Montel.<\/p>\n","protected":false},"author":3,"featured_media":0,"comment_status":"open","ping_status":"open","sticky":false,"template":"","format":"standard","meta":{"footnotes":""},"categories":[26],"tags":[252],"class_list":["post-458","post","type-post","status-publish","format-standard","hentry","category-02-le-festival-de-2005-a-2013","tag-anne-montel"],"_links":{"self":[{"href":"https:\/\/www.wedobd.com\/index.php?rest_route=\/wp\/v2\/posts\/458","targetHints":{"allow":["GET"]}}],"collection":[{"href":"https:\/\/www.wedobd.com\/index.php?rest_route=\/wp\/v2\/posts"}],"about":[{"href":"https:\/\/www.wedobd.com\/index.php?rest_route=\/wp\/v2\/types\/post"}],"author":[{"embeddable":true,"href":"https:\/\/www.wedobd.com\/index.php?rest_route=\/wp\/v2\/users\/3"}],"replies":[{"embeddable":true,"href":"https:\/\/www.wedobd.com\/index.php?rest_route=%2Fwp%2Fv2%2Fcomments&post=458"}],"version-history":[{"count":1,"href":"https:\/\/www.wedobd.com\/index.php?rest_route=\/wp\/v2\/posts\/458\/revisions"}],"predecessor-version":[{"id":3344,"href":"https:\/\/www.wedobd.com\/index.php?rest_route=\/wp\/v2\/posts\/458\/revisions\/3344"}],"wp:attachment":[{"href":"https:\/\/www.wedobd.com\/index.php?rest_route=%2Fwp%2Fv2%2Fmedia&parent=458"}],"wp:term":[{"taxonomy":"category","embeddable":true,"href":"https:\/\/www.wedobd.com\/index.php?rest_route=%2Fwp%2Fv2%2Fcategories&post=458"},{"taxonomy":"post_tag","embeddable":true,"href":"https:\/\/www.wedobd.com\/index.php?rest_route=%2Fwp%2Fv2%2Ftags&post=458"}],"curies":[{"name":"wp","href":"https:\/\/api.w.org\/{rel}","templated":true}]}}