{"id":48,"date":"2014-05-16T16:43:00","date_gmt":"2014-05-16T14:43:00","guid":{"rendered":"https:\/\/www.wedobd.com\/?p=48"},"modified":"2025-09-29T14:15:13","modified_gmt":"2025-09-29T12:15:13","slug":"un-message-deric-turalo-derian","status":"publish","type":"post","link":"https:\/\/www.wedobd.com\/?p=48","title":{"rendered":"Un message d&#8217;Eric &#8220;Turalo&#8221; D\u00e9rian."},"content":{"rendered":"<p>Bonjour \u00e0 tous, c\u2019est Turalo !<\/p>\n<p>Certains d\u2019entre-vous me connaissent en tant qu\u2019organisateur des 23HBD ou co-cr\u00e9ateur du Festiblog, les plus anciens se souviennent du blogueur\u2026<\/p>\n<p>C\u2019est sous une toute nouvelle casquette que je me pr\u00e9sente aujourd\u2019hui, pour vous informer que je prends la coordination p\u00e9dagogique de l\u2019Acad\u00e9mie Brassart Delcourt, la nouvelle \u00e9cole de bande dessin\u00e9e \u00e0 Paris, dans la perspective d\u2019une rentr\u00e9e le 1er octobre prochain.<\/p>\n<p><a class=\"asset-img-link\" href=\"http:\/\/yannicklejeune.blogs.com\/.a\/6a00d8341c501b53ef01a511b9c79d970c-pi\" style=\"float: left;\"><img decoding=\"async\" alt=\"Logo-header-academie-brassart-delcourt\" border=\"0\" class=\"asset  asset-image at-xid-6a00d8341c501b53ef01a511b9c79d970c img-responsive\" src=\"https:\/\/www.wedobd.com\/wp-content\/uploads\/2014\/05\/6a00d8341c501b53ef01a511b9c79d970c-800wi.jpg\" style=\"margin: 0px 5px 5px 0px;\" title=\"Logo-header-academie-brassart-delcourt\" \/><\/a>Les candidatures sont ouvertes et je recrute d\u00e8s maintenant les \u00e9tudiants de cette premi\u00e8re promotion plac\u00e9e sous le parrainage de Zep et dont l&#39;\u00e9quipe d&#39;intervenants ne vous sera pas inconnue (Marion Montaigne, Thomas Cad\u00e8ne, Arthur de Pins&#8230;).<\/p>\n<p>Il s\u2019agit d\u2019un cycle de 3 ans, il n\u2019y a pas de limite d\u2019\u00e2ge ni de condition de dipl\u00f4me, j\u2019\u00e9tudierai tous les dossiers. Si vous estimez avoir un certain niveau en mati\u00e8re de narration et de bande dessin\u00e9e et que vous \u00eates \u00e0 la recherche d\u2019une formation, ou que vous connaissez quelqu\u2019un proche de vous qui correspond \u00e0 ce profil, n\u2019h\u00e9sitez plus : contactez-moi et \u00e9tudions ce projet ensemble.<\/p>\n<p>Pour postuler, il suffit d\u2019un book au format PDF accompagn\u00e9 de votre CV \u00e0 envoyer avant le 31 mai 2014 par mail \u00e0 mon adresse (<a href=\"mailto:eric.derian@academie-bd.fr\">eric.derian@academie-bd.fr<\/a>) ou de suivre les instructions sur le site de l\u2019ABD (<a href=\"http:\/\/www.academie-bd.fr\" target=\"_self\">www.academie-bd.fr<\/a>).<\/p>\n<p>Faire partie de la promotion pilote de cet \u00e9tablissement sera sans doute une exp\u00e9rience professionnelle et humaine passionnante.<\/p>\n<p>Je suis \u00e0 votre disposition pour plus de pr\u00e9cisions. Je vous remercie de la confiance que vous m\u2019avez apport\u00e9e sur mes pr\u00e9c\u00e9dentes folies, c\u2019est une toute nouvelle aventure qui commence !<\/p>\n<p>Eric D\u00e9rian.<\/p>\n","protected":false},"excerpt":{"rendered":"<p>C\u2019est sous une toute nouvelle casquette que je me pr\u00e9sente aujourd\u2019hui, pour vous informer que je prends la coordination p\u00e9dagogique de l\u2019Acad\u00e9mie Brassart Delcourt, la nouvelle \u00e9cole de bande dessin\u00e9e \u00e0 Paris, dans la perspective d\u2019une rentr\u00e9e le 1er octobre prochain.<\/p>\n","protected":false},"author":4,"featured_media":0,"comment_status":"open","ping_status":"closed","sticky":false,"template":"","format":"standard","meta":{"footnotes":""},"categories":[2],"tags":[28],"class_list":["post-48","post","type-post","status-publish","format-standard","hentry","category-04-actualite-blogs-et-bd","tag-a-6a00d8341c501b53ef01bb086b570b970d-pi"],"_links":{"self":[{"href":"https:\/\/www.wedobd.com\/index.php?rest_route=\/wp\/v2\/posts\/48","targetHints":{"allow":["GET"]}}],"collection":[{"href":"https:\/\/www.wedobd.com\/index.php?rest_route=\/wp\/v2\/posts"}],"about":[{"href":"https:\/\/www.wedobd.com\/index.php?rest_route=\/wp\/v2\/types\/post"}],"author":[{"embeddable":true,"href":"https:\/\/www.wedobd.com\/index.php?rest_route=\/wp\/v2\/users\/4"}],"replies":[{"embeddable":true,"href":"https:\/\/www.wedobd.com\/index.php?rest_route=%2Fwp%2Fv2%2Fcomments&post=48"}],"version-history":[{"count":1,"href":"https:\/\/www.wedobd.com\/index.php?rest_route=\/wp\/v2\/posts\/48\/revisions"}],"predecessor-version":[{"id":1539,"href":"https:\/\/www.wedobd.com\/index.php?rest_route=\/wp\/v2\/posts\/48\/revisions\/1539"}],"wp:attachment":[{"href":"https:\/\/www.wedobd.com\/index.php?rest_route=%2Fwp%2Fv2%2Fmedia&parent=48"}],"wp:term":[{"taxonomy":"category","embeddable":true,"href":"https:\/\/www.wedobd.com\/index.php?rest_route=%2Fwp%2Fv2%2Fcategories&post=48"},{"taxonomy":"post_tag","embeddable":true,"href":"https:\/\/www.wedobd.com\/index.php?rest_route=%2Fwp%2Fv2%2Ftags&post=48"}],"curies":[{"name":"wp","href":"https:\/\/api.w.org\/{rel}","templated":true}]}}