{"id":4931,"date":"2008-10-07T18:36:47","date_gmt":"2008-10-07T16:36:47","guid":{"rendered":"https:\/\/www.wedobd.com\/?p=4931"},"modified":"2025-09-29T15:49:25","modified_gmt":"2025-09-29T13:49:25","slug":"life-goes-on-pl","status":"publish","type":"post","link":"https:\/\/www.wedobd.com\/?p=4931","title":{"rendered":"Life goes on : plein de trucs \u00e0 faire cette semaine !"},"content":{"rendered":"<p>Ce n&#8217;est pas parce que le Festiblog 2008 est termin\u00e9 qu&#8217;il n&#8217;y a pas plein de choses \u00e0 faire dans les jours \u00e0 venir !<\/p>\n<p><strong>1) D\u00e9dicace de P\u00e9n\u00e9lope Jolicoeur et Turalo chez Univers BD le 10 octobre 2008 de 15h \u00e0 19h<\/strong><\/p>\n<p><a href=\"http:\/\/www.univers-bd.fr\/\"><img loading=\"lazy\" decoding=\"async\" title=\"Josephine_2\" height=\"197\" alt=\"Josephine_2\" src=\"https:\/\/www.wedobd.com\/wp-content\/uploads\/2008\/10\/josephine_2.jpg\" width=\"150\" border=\"0\" style=\"FLOAT: left; MARGIN: 0px 5px 5px 0px\" \/><\/a> Retrouvez ce vendredi, P\u00e9n\u00e9lope Jolicoeur et Turalo en d\u00e9dicace chez <a href=\"http:\/\/www.univers-bd.fr\/\">Univers BD<\/a> (M\u00b0Strasbourg St-Denis).<\/p>\n<ul>\n<li>P\u00e9n\u00e9lope y d\u00e9dicacera <a href=\"http:\/\/www.amazon.fr\/gp\/product\/2350131114?ie=UTF8&amp;tag=sitewebdeyann-21&amp;linkCode=xm2&amp;camp=1642&amp;creativeASIN=2350131114\">Ma vie est tout \u00e0 fait fascinante<\/a> et <a href=\"https:\/\/www.amazon.fr\/dp\/2350131394?tag=sitewebdeyann-21&amp;camp=1414&amp;creative=6410&amp;linkCode=as1&amp;creativeASIN=2350131394&amp;adid=1ATDYYF4JJMD4XE29ZZ5&amp;\">Jos\u00e9phine<\/a> <\/li>\n<li><\/li>\n<li>Turalo d\u00e9dicacera Le blog de Franquin et <a href=\"https:\/\/www.amazon.fr\/dp\/2302003640?tag=sitewebdeyann-21&amp;camp=1414&amp;creative=6410&amp;linkCode=as1&amp;creativeASIN=2302003640&amp;adid=04NCX2PTFFSDWA11QWPE&amp;\">Les Ch&#8217;tis<\/a><\/li>\n<\/ul>\n<p>N&#8217;h\u00e9sitez pas \u00e0 appeler pour vous inscrire au <a class=\"htc\" href=\"livecall:0140278863\">01 40 27 88 63<\/a>.<\/p>\n<p><strong>2) Festival des livres et des blogs les 10, 11 et 12 octobre 2008<\/strong><\/p>\n<p><a onclick=\"window.open(this.href, '_blank', 'width=292,height=351,scrollbars=no,resizable=no,toolbar=no,directories=no,location=no,menubar=no,status=no,left=0,top=0'); return false\" href=\"http:\/\/www.deslettresetdunet.fr\/\"><img loading=\"lazy\" decoding=\"async\" title=\"Salonblogslivres\" height=\"120\" alt=\"Salonblogslivres\" src=\"https:\/\/www.wedobd.com\/wp-content\/uploads\/2008\/10\/salonblogslivres.jpg\" width=\"100\" border=\"0\" style=\"FLOAT: right; MARGIN: 0px 0px 5px 5px\" \/><\/a> Y a pas que la BD dans la vie. Alors si vous aimez les livres sans images, l&#8217;association des lettres et du net nous organise un salon du livre autour des blogs et des livres. Toutes les infos sont l\u00e0: <a href=\"http:\/\/www.deslettresetdunet.fr\/\" target=\"_blank\" rel=\"nofollow\">http:\/\/www.deslettresetdunet.fr<\/a> (m\u00eame si la liste des auteurs se modifie encore chaque jour). <\/p>\n<p>On vous en parle d&#8217;autant plus qu&#8217;il y aura <a href=\"http:\/\/wandrille.leroy.free.fr\/blog\/\">Wandrille<\/a> !<\/p>\n<p><strong>3) Webdeux.Connect le 11 octobre 2008<\/strong><\/p>\n<p><a href=\"http:\/\/fr.amiando.com\/webdeux-connect.html\"><img loading=\"lazy\" decoding=\"async\" title=\"Webdeuxconnect\" height=\"98\" alt=\"Webdeuxconnect\" src=\"https:\/\/www.wedobd.com\/wp-content\/uploads\/2008\/10\/webdeuxconnect.jpg\" width=\"120\" border=\"0\" style=\"FLOAT: left; MARGIN: 0px 5px 5px 0px\" \/><\/a><a href=\"http:\/\/fr.amiando.com\/webdeux-connect.html\"> Le Webdeux.Connect<\/a> aura lieu le 11 octobre prochain de 8h30 \u00e0 20H \u00e0 l\u2019<a href=\"http:\/\/www.lusine-saintdenis.com\/annexes\/visite\/visite.html\"><span style=\"color: #3e7886;\">Usine<\/span><\/a> (proche du Stade De France). Le concept est comme son nom l\u2019indique de cr\u00e9er <strong>un \u00e9v\u00e8nement de rencontres et de networking avec les personnes et soci\u00e9t\u00e9s qui gravitent dans le Web2.0,<\/strong> plus de 400 personnes sont attendues. On y sera avec une petite bande de blogueurs BD et je parlerai du Festival des Blogs BD et du Webcomics dans la conf\u00e9rence du matin.<\/p>\n<p><a href=\"http:\/\/www.webdeux.info\/webdeux-connect-programme-sessions-contenus-11-10-2008\">Le programme est l\u00e0<\/a> et <a href=\"http:\/\/www.webdeux.info\/online-link-party-en-vue-du-webdeuxconnect\">la liste des participants ici<\/a>. Il reste quelques places <strong>ici : <\/strong><a title=\"http:\/\/fr.amiando.com\/webdeux-connect.html\" href=\"http:\/\/fr.amiando.com\/webdeux-connect.html\"><strong><span style=\"color: #3e7886;\">http:\/\/fr.amiando.com\/webdeux-connect.html<\/span><\/strong><\/a> et j&#8217;ai quelques invitations pour les blogueurs BD (mailez-moi).<\/p>\n<p>Voila pour les news, si vous en avez d&#8217;autres n&#8217;h\u00e9sitez pas \u00e0 nous mailer&#8230;<\/p>\n<p><a href=\"http:\/\/www.yannicklejeune.com\/2008\/10\/ihologram-cest.html\">Yannick<\/a><\/p>\n","protected":false},"excerpt":{"rendered":"<p>Ce n&#8217;est pas parce que le Festiblog 2008 est termin\u00e9 qu&#8217;il n&#8217;y a pas plein de choses \u00e0 faire dans les jours \u00e0 venir ! 1) D\u00e9dicace de P\u00e9n\u00e9lope Jolicoeur et Turalo chez Univers BD le 10 octobre 2008 de 15h \u00e0 19h Retrouvez ce vendredi, P\u00e9n\u00e9lope Jolicoeur et Turalo en d\u00e9dicace chez Univers BD [&hellip;]<\/p>\n","protected":false},"author":4,"featured_media":0,"comment_status":"open","ping_status":"open","sticky":false,"template":"","format":"standard","meta":{"footnotes":""},"categories":[2],"tags":[589,192,273,603,602,578,205,601],"class_list":["post-4931","post","type-post","status-publish","format-standard","hentry","category-04-actualite-blogs-et-bd","tag-bande-dessinee","tag-bd","tag-blogs-bd","tag-evenements","tag-festival-des-livres-et-des-lettres","tag-penelope-jolicoeur","tag-turalo","tag-webdeux-connect"],"_links":{"self":[{"href":"https:\/\/www.wedobd.com\/index.php?rest_route=\/wp\/v2\/posts\/4931","targetHints":{"allow":["GET"]}}],"collection":[{"href":"https:\/\/www.wedobd.com\/index.php?rest_route=\/wp\/v2\/posts"}],"about":[{"href":"https:\/\/www.wedobd.com\/index.php?rest_route=\/wp\/v2\/types\/post"}],"author":[{"embeddable":true,"href":"https:\/\/www.wedobd.com\/index.php?rest_route=\/wp\/v2\/users\/4"}],"replies":[{"embeddable":true,"href":"https:\/\/www.wedobd.com\/index.php?rest_route=%2Fwp%2Fv2%2Fcomments&post=4931"}],"version-history":[{"count":1,"href":"https:\/\/www.wedobd.com\/index.php?rest_route=\/wp\/v2\/posts\/4931\/revisions"}],"predecessor-version":[{"id":5697,"href":"https:\/\/www.wedobd.com\/index.php?rest_route=\/wp\/v2\/posts\/4931\/revisions\/5697"}],"wp:attachment":[{"href":"https:\/\/www.wedobd.com\/index.php?rest_route=%2Fwp%2Fv2%2Fmedia&parent=4931"}],"wp:term":[{"taxonomy":"category","embeddable":true,"href":"https:\/\/www.wedobd.com\/index.php?rest_route=%2Fwp%2Fv2%2Fcategories&post=4931"},{"taxonomy":"post_tag","embeddable":true,"href":"https:\/\/www.wedobd.com\/index.php?rest_route=%2Fwp%2Fv2%2Ftags&post=4931"}],"curies":[{"name":"wp","href":"https:\/\/api.w.org\/{rel}","templated":true}]}}