{"id":4949,"date":"2008-09-25T08:30:00","date_gmt":"2008-09-25T06:30:00","guid":{"rendered":"https:\/\/www.wedobd.com\/?p=4949"},"modified":"2025-09-29T15:50:10","modified_gmt":"2025-09-29T13:50:10","slug":"moatthieu-invit","status":"publish","type":"post","link":"https:\/\/www.wedobd.com\/?p=4949","title":{"rendered":"Moatthieu, invit\u00e9 2008 #65"},"content":{"rendered":"<p><strong>Notre 65\u00e8me invit\u00e9 est le co-auteur du blog &quot;<a href=\"http:\/\/strip-loup.over-blog.com\/\">Pour quelques moutons de plus<\/a>&quot; avec notre invit\u00e9e <a href=\"http:\/\/www.festival-blogs-bd.com\/2008\/08\/thorn-invite-20.html\">Thorn<\/a>. C&#8217;est avec plaisir que nous accueillons le camarade <a href=\"http:\/\/moatthieu.over-blog.com\/\">Moatthieu<\/a> parmi les troupes du Festiblog (et vive la r\u00e9volution d&#8217;octrobre!)<\/p>\n<p><img decoding=\"async\" border=\"0\" src=\"https:\/\/www.wedobd.com\/wp-content\/uploads\/2008\/09\/moatthieu1.gif\" title=\"Moatthieu1\" alt=\"Moatthieu1\" style=\"margin: 0px 5px 5px 0px; float: left;\" \/><br \/>\nQui es-tu ?<\/strong><br \/>Moatthieu <\/p>\n<p><strong>Comment as-tu commenc\u00e9 \u00e0 dessiner ?<\/strong><br \/>Comme tout le monde, j&#8217;ai commenc\u00e9 \u00e0 dessiner quand je me suis rendu compte que le dessin permettait de transmettre les th\u00e8ses de Marx, Proudhon ou Bakounine. <br \/><strong><br \/>As-tu suivi une formation ?<\/strong><br \/>L&#8217;universit\u00e9 d&#8217;\u00e9t\u00e9 de la LCR, \u00e7a compte ? <\/p>\n<p><strong>Peux-tu pr\u00e9senter ton blog ?<\/strong><br \/>C&#8217;est une couverture pour masquer mon activisme-trotskiste. <\/p>\n<p><strong>Pourquoi as-tu commenc\u00e9 \u00e0 bloguer ?<\/strong><br \/>Pour passer le temps avant le grand soir. <\/p>\n<p><strong>Quel public voulais-tu rencontrer ?<\/strong><br \/>Des gaucho-libertaires. <\/p>\n<p><strong>Et finalement qui sont tes lecteurs ?<\/strong><br \/>Des anarco-syndicalistes. <\/p>\n<p><strong>Combien de temps passes-tu en moyenne sur tes notes ?<\/strong><br \/>Le m\u00eame temps que pour lire un article du Monde Libertaire. <br \/><strong><br \/>Est-ce que ce sont des dessins sp\u00e9cialement faits pour le blog ?<\/strong><br \/>Tout ce que je fais, je le fais AUSSI pour la r\u00e9volution. <\/p>\n<p><strong>Avec quoi dessines-tu (crayons, pinceau, palette&#8230;) ?<\/strong><br \/>Avec un marteau et une faucille. <br \/><strong>Quelles sont tes influences graphiques ?<\/strong><br \/>Sin\u00e9, Tardi&#8230; <\/p>\n<p><strong>Combien de temps <\/strong><strong>passes-tu sur les blogs des autres (par jour ? par mois ?) ?<\/strong><br \/>Pas mal de temps sur celui de <a href=\"http:\/\/www.bakchich.info\/rubrique103.html\">S\u00e9bastien Fontenelle<\/a>, beaucoup moins sur celui d&#8217;<a href=\"http:\/\/www.al1jup.com\/\">Alain Jupp\u00e9<\/a>. <br \/><strong><br \/>Quels sont ceux dont tu es fan ?<\/strong><br \/>Celui de mon camarade <a href=\"http:\/\/martinvidberg.com\/blog\/\">Martin Vidberg<\/a>, du camarade <a href=\"http:\/\/www.obion.fr\/\">Obion<\/a> et du camarade <a href=\"http:\/\/uncafeundessin.canalblog.com\/\">Guillaume Long<\/a> (car ils sont de gauche). <\/p>\n<p><strong>As-tu fait des rencontres gr\u00e2ce aux blogs ?<\/strong><br \/>Pas encore, j&#8217;attends toujours un commentaire de Noam Chomsky. <\/p>\n<p><strong><img decoding=\"async\" border=\"0\" src=\"https:\/\/www.wedobd.com\/wp-content\/uploads\/2008\/09\/moatthieu2.gif\" title=\"Moatthieu2\" alt=\"Moatthieu2\" style=\"margin: 0px 5px 5px 0px; float: left;\" \/><\/strong><strong>Es-tu sensible aux commentaires ?<\/strong><br \/>Non, car la sensiblerie est un sentiment petit-bourgeois. <\/p>\n<p><strong>Pour toi, quels sont les points forts du blog et de la BD en ligne ?<\/strong><br \/>L&#8217;autogestion, l&#8217;internationalisme. <\/p>\n<p><strong>Et les points faibles ?<\/strong><br \/>Le fait que les damn\u00e9s de la terre n&#8217;aient pas d&#8217;ordi. <br \/><strong><br \/>Comment penses-tu que la blogosph\u00e8re BD va \u00e9voluer ?<\/strong><br \/>A gauche toute ! <br \/><strong><br \/>Penses-tu que les gens vont de plus en plus lire de BD en ligne ?<\/strong><br \/>Les gens ne feront que ce que la classe dirigeante leur laissera faire. <\/p>\n<p><strong>De mani\u00e8re g\u00e9n\u00e9rale, penses-tu que la BD num\u00e9rique (\u00e0 lire sur le web, sur iPhone, sur PSP&#8230;) pourrait nuire \u00e0 la BD papier ?<\/strong><br \/>Pas avant la fermeture de tous les centres de r\u00e9tention pour BD sans-papier. <br \/><strong><br \/>O\u00f9 peut-on voir ton travail en dehors des blogs ?<\/strong><br \/>Je ne sais pas, dans mon fichier EDVIGE peut \u00eatre ? <\/p>\n<p><strong>As-tu des albums ? Peux-tu nous les pr\u00e9senter ?<\/strong><br \/>Pas encore, j&#8217;aimerais adapter le &quot;Discours de la servitude volontaire&quot; un jour. <br \/><strong><br \/>Qu&#8217;attends-tu de ta venue au Festiblog ?<\/strong><br \/>Une insurrection de type communarde. <\/p>\n<p><strong>Parle-nous d&#8217;un truc qui n&#8217;a rien \u00e0 voir avec la BD et que tu aimes ?<\/strong><br \/>J&#8217;aime \u00c9mile Pouget, le premier (d\u00e8s 1896) a avoir pr\u00e9coniser les actions de sabotage comme moyen de lutte contre le capitalisme bourgeois. <br \/><strong><br \/>Un dernier mot ?<\/strong><br \/>Makhnovtchina !!<\/p>\n","protected":false},"excerpt":{"rendered":"<p>Notre 65\u00e8me invit\u00e9 est le co-auteur du blog &quot;Pour quelques moutons de plus&quot; avec notre invit\u00e9e Thorn. C&#8217;est avec plaisir que nous accueillons le camarade Moatthieu parmi les troupes du Festiblog (et vive la r\u00e9volution d&#8217;octrobre!) Qui es-tu ?Moatthieu Comment as-tu commenc\u00e9 \u00e0 dessiner ?Comme tout le monde, j&#8217;ai commenc\u00e9 \u00e0 dessiner quand je me [&hellip;]<\/p>\n","protected":false},"author":4,"featured_media":0,"comment_status":"open","ping_status":"open","sticky":false,"template":"","format":"standard","meta":{"footnotes":""},"categories":[26,47],"tags":[],"class_list":["post-4949","post","type-post","status-publish","format-standard","hentry","category-02-le-festival-de-2005-a-2013","category-03-interviews-de-blogueurs-bd"],"_links":{"self":[{"href":"https:\/\/www.wedobd.com\/index.php?rest_route=\/wp\/v2\/posts\/4949","targetHints":{"allow":["GET"]}}],"collection":[{"href":"https:\/\/www.wedobd.com\/index.php?rest_route=\/wp\/v2\/posts"}],"about":[{"href":"https:\/\/www.wedobd.com\/index.php?rest_route=\/wp\/v2\/types\/post"}],"author":[{"embeddable":true,"href":"https:\/\/www.wedobd.com\/index.php?rest_route=\/wp\/v2\/users\/4"}],"replies":[{"embeddable":true,"href":"https:\/\/www.wedobd.com\/index.php?rest_route=%2Fwp%2Fv2%2Fcomments&post=4949"}],"version-history":[{"count":1,"href":"https:\/\/www.wedobd.com\/index.php?rest_route=\/wp\/v2\/posts\/4949\/revisions"}],"predecessor-version":[{"id":5760,"href":"https:\/\/www.wedobd.com\/index.php?rest_route=\/wp\/v2\/posts\/4949\/revisions\/5760"}],"wp:attachment":[{"href":"https:\/\/www.wedobd.com\/index.php?rest_route=%2Fwp%2Fv2%2Fmedia&parent=4949"}],"wp:term":[{"taxonomy":"category","embeddable":true,"href":"https:\/\/www.wedobd.com\/index.php?rest_route=%2Fwp%2Fv2%2Fcategories&post=4949"},{"taxonomy":"post_tag","embeddable":true,"href":"https:\/\/www.wedobd.com\/index.php?rest_route=%2Fwp%2Fv2%2Ftags&post=4949"}],"curies":[{"name":"wp","href":"https:\/\/api.w.org\/{rel}","templated":true}]}}